{"id":20586,"date":"2020-02-28T10:41:41","date_gmt":"2020-02-28T13:41:41","guid":{"rendered":"https:\/\/blog.cancaonova.com\/felipeaquino\/?p=20586"},"modified":"2020-02-27T10:43:04","modified_gmt":"2020-02-27T13:43:04","slug":"bispo-propoe-3-pontos-para-viver-bem-quaresma","status":"publish","type":"post","link":"https:\/\/blog.cancaonova.com\/felipeaquino\/2020\/02\/28\/bispo-propoe-3-pontos-para-viver-bem-quaresma\/","title":{"rendered":"Bispo prop\u00f5e 3 pontos para viver bem a Quaresma"},"content":{"rendered":"<p><a href=\"https:\/\/cleofas.com.br\/wp-content\/uploads\/2019\/03\/oracion_pixabaydominiopublico_010319.jpg\"><img loading=\"lazy\" decoding=\"async\" class=\" wp-image-89508 alignleft\" src=\"https:\/\/cleofas.com.br\/wp-content\/uploads\/2019\/03\/oracion_pixabaydominiopublico_010319-300x167.jpg\" alt=\"\" width=\"640\" height=\"356\"\/><\/a>Dom Demetrio Fernandez, Bispo de C\u00f3rdoba (Espanha), explicou em sua carta semanal o significado da Quaresma que come\u00e7a com a Quarta-feira de Cinzas e \u00e9 um &#8220;tempo lit\u00fargico que nos prepara para a grande festa da P\u00e1scoa&#8221;; ele prop\u00f5e &#8220;ora\u00e7\u00e3o, jejum e esmola&#8221; para &#8220;sair renovados com este tempo de salva\u00e7\u00e3o&#8221;.<\/p>\n<p>Embora possa parecer &#8220;chocante passar do Carnaval \u00e0s cinzas t\u00e3o bruscamente&#8221;, o Prelado explicou que &#8220;os carnavais surgiram como um protesto contra a penit\u00eancia que a Igreja nos convida a fazer para preparar o nosso corpo e nossa alma \u00e0 morte e ressurrei\u00e7\u00e3o do Senhor&#8221;.<\/p>\n<p>Por isso, indica, &#8220;o carnaval se tornou assim um fato cultural, que n\u00e3o tem nada a ver com religi\u00e3o, \u00e9 o contr\u00e1rio dela&#8221;.<\/p>\n<p>Dom Fern\u00e1ndez explica que a data central do calend\u00e1rio lit\u00fargico \u00e9 a P\u00e1scoa do Senhor, na qual &#8220;celebramos solenemente, todos os anos, este acontecimento central da vida de Cristo: sua paix\u00e3o, morte e ressurrei\u00e7\u00e3o&#8221;.<\/p>\n<p>Algo que tamb\u00e9m &#8220;trazemos \u00e0 mem\u00f3ria em cada celebra\u00e7\u00e3o da Eucaristia e celebramos solenemente uma vez por ano&#8221;.<\/p>\n<p>Para se preparar para o tempo pascoal, Dom Fern\u00e1ndez recordou que a Igreja d\u00e1 &#8220;umas pautas para quem quer fazer o caminho quaresmal como mini-catecumenato que nos conduz \u00e0 renova\u00e7\u00e3o do batismo na Vig\u00edlia Pascal&#8221;.<\/p>\n<p>Entre essas pautas est\u00e1 &#8220;a ora\u00e7\u00e3o mais abundante, mais bem feita. Em suma, voltar para Deus atrav\u00e9s da convers\u00e3o da vida e receber dele as luzes que motivam nosso caminho de vida\u201d.<\/p>\n<p>Neste sentido, o Bispo de C\u00f3rdoba assegura que &#8220;a ora\u00e7\u00e3o \u00e9 como a respira\u00e7\u00e3o da alma. Se n\u00e3o h\u00e1 ora\u00e7\u00e3o, n\u00e3o h\u00e1 vida de relacionamento com Deus&#8221;; e por essa raz\u00e3o &#8220;a Igreja, como boa m\u00e3e, nos lembra e insiste que voltemos a Deus, intensifiquemos nosso relacionamento com Ele, revisemos nossa ora\u00e7\u00e3o&#8221;.<\/p>\n<p>Prop\u00f5e tamb\u00e9m na ora\u00e7\u00e3o &#8220;a leitura da Palavra de Deus, uma participa\u00e7\u00e3o mais ass\u00eddua nos sacramentos da penit\u00eancia e da eucaristia&#8221;, bem como a &#8220;ora\u00e7\u00e3o do ter\u00e7o como ora\u00e7\u00e3o contemplativa desde o cora\u00e7\u00e3o de Maria, que contempla os mist\u00e9rios da vida de Cristo&#8221;.<\/p>\n<p>&#8220;A Quaresma \u00e9 um chamado ao deserto para ouvir a declara\u00e7\u00e3o de amor de Deus e partir para o caminho do combate e da penit\u00eancia&#8221;, assegura o Bispo.<\/p>\n<p>&#8220;Nesse caminho penitencial, outra pauta \u00e9 o jejum. O jejum \u00e9 se privar de algo para ser mais \u00e1gil no trato com Deus e no servi\u00e7o ao pr\u00f3ximo. H\u00e1 muitas coisas que v\u00e3o se acumulando e nos impedem de seguir o caminho mais leve&#8221;, destaca o Prelado.<\/p>\n<p>Por isso, incentiva ao &#8220;jejum de comida para compartilhar com aqueles que n\u00e3o t\u00eam nem mesmo o essencial. Jejum de comodidades, para n\u00e3o se deixar levar pela pregui\u00e7a e ac\u00eddia. Jejum de descanso e divers\u00f5es para que o esp\u00edrito n\u00e3o relaxe&#8221;.<\/p>\n<p>Ainda que o jejum &#8220;esteja na moda para outros fins n\u00e3o religiosos, como esportes ou sa\u00fade&#8221;, o Bispo de C\u00f3rdoba explica que &#8220;a Igreja nos manda jejuar, com um pequeno s\u00edmbolo de n\u00e3o comer, mas com a inten\u00e7\u00e3o de nos convidar \u00e0 priva\u00e7\u00e3o de tantas coisas que nos estorvam. Coisas que s\u00e3o boas e leg\u00edtimas, mas que tornam a corrida pesada&#8221;.<\/p>\n<p>Ou seja, caminhar &#8220;com a bagagem leve para percorrer o caminho do amor a Deus e ao pr\u00f3ximo&#8221;.<\/p>\n<p>Como terceiro elemento desta pauta de vida para a Quaresma, a Igreja prop\u00f5e a esmola, isto \u00e9, &#8220;generosidade com os outros. Se nos voltamos verdadeiramente para Deus e nos privamos daquilo que nos estorva, \u00e9 para abrir nossos cora\u00e7\u00f5es (e nossos bolsos) para os outros em tantas formas de servi\u00e7o&#8221;.<\/p>\n<p>&#8220;A Quaresma \u00e9 um tempo para chegar \u00e0queles que mais necessitam&#8221;, tempo &#8220;para compartilhar com os pobres nosso tempo, as nossas qualidades, nosso dinheiro&#8221; e &#8220;prolongar a miseric\u00f3rdia de Deus, que \u00e9 bom com todos, especialmente com seus filhos mais fracos&#8221;.<\/p>\n<p>&#8220;Ora\u00e7\u00e3o, jejum, esmola. \u00c9 o trip\u00e9 da Quaresma. Entremos de cabe\u00e7a desde o come\u00e7o, Deus nos surpreender\u00e1 com sua gra\u00e7a e poderemos sair renovados com este tempo de salva\u00e7\u00e3o&#8221;, assegurou.<\/p>\n<p><strong>Fonte:<\/strong>&nbsp;<a href=\"https:\/\/www.acidigital.com\/noticias\/bispo-propoe-3-pontos-para-viver-bem-a-quaresma-43786\" target=\"_blank\" rel=\"noopener\">https:\/\/www.acidigital.com\/noticias\/bispo-propoe-3-pontos-para-viver-bem-a-quaresma-43786<\/a><\/p>\n<!-- AddThis Advanced Settings generic via filter on the_content --><!-- AddThis Share Buttons generic via filter on the_content -->","protected":false},"excerpt":{"rendered":"<p>Dom Demetrio Fernandez, Bispo de C\u00f3rdoba (Espanha), explicou em sua carta semanal o significado da Quaresma que come\u00e7a com a Quarta-feira de Cinzas e \u00e9 um &#8220;tempo lit\u00fargico que nos prepara para a grande festa da P\u00e1scoa&#8221;; ele prop\u00f5e &#8220;ora\u00e7\u00e3o,&#8230;<!-- AddThis Advanced Settings generic via filter on get_the_excerpt --><!-- AddThis Share Buttons generic via filter on get_the_excerpt --><\/p>\n","protected":false},"author":29,"featured_media":20587,"comment_status":"open","ping_status":"open","sticky":false,"template":"","format":"standard","meta":{"_mi_skip_tracking":false,"_monsterinsights_sitenote_active":false,"_monsterinsights_sitenote_note":"","_monsterinsights_sitenote_category":0,"footnotes":""},"categories":[4],"tags":[200602,29249,9041,200601,17230,261,561],"_links":{"self":[{"href":"https:\/\/blog.cancaonova.com\/felipeaquino\/wp-json\/wp\/v2\/posts\/20586"}],"collection":[{"href":"https:\/\/blog.cancaonova.com\/felipeaquino\/wp-json\/wp\/v2\/posts"}],"about":[{"href":"https:\/\/blog.cancaonova.com\/felipeaquino\/wp-json\/wp\/v2\/types\/post"}],"author":[{"embeddable":true,"href":"https:\/\/blog.cancaonova.com\/felipeaquino\/wp-json\/wp\/v2\/users\/29"}],"replies":[{"embeddable":true,"href":"https:\/\/blog.cancaonova.com\/felipeaquino\/wp-json\/wp\/v2\/comments?post=20586"}],"version-history":[{"count":1,"href":"https:\/\/blog.cancaonova.com\/felipeaquino\/wp-json\/wp\/v2\/posts\/20586\/revisions"}],"predecessor-version":[{"id":20588,"href":"https:\/\/blog.cancaonova.com\/felipeaquino\/wp-json\/wp\/v2\/posts\/20586\/revisions\/20588"}],"wp:featuredmedia":[{"embeddable":true,"href":"https:\/\/blog.cancaonova.com\/felipeaquino\/wp-json\/wp\/v2\/media\/20587"}],"wp:attachment":[{"href":"https:\/\/blog.cancaonova.com\/felipeaquino\/wp-json\/wp\/v2\/media?parent=20586"}],"wp:term":[{"taxonomy":"category","embeddable":true,"href":"https:\/\/blog.cancaonova.com\/felipeaquino\/wp-json\/wp\/v2\/categories?post=20586"},{"taxonomy":"post_tag","embeddable":true,"href":"https:\/\/blog.cancaonova.com\/felipeaquino\/wp-json\/wp\/v2\/tags?post=20586"}],"curies":[{"name":"wp","href":"https:\/\/api.w.org\/{rel}","templated":true}]}}