{"id":20667,"date":"2020-04-03T12:30:32","date_gmt":"2020-04-03T15:30:32","guid":{"rendered":"https:\/\/blog.cancaonova.com\/felipeaquino\/?p=20667"},"modified":"2020-04-03T01:45:43","modified_gmt":"2020-04-03T04:45:43","slug":"bispo-propoem-estes-sinais-exteriores-de-fe-para-viver-semana-santa-em-casa","status":"publish","type":"post","link":"https:\/\/blog.cancaonova.com\/felipeaquino\/2020\/04\/03\/bispo-propoem-estes-sinais-exteriores-de-fe-para-viver-semana-santa-em-casa\/","title":{"rendered":"Bispo prop\u00f5em estes \u201csinais exteriores de f\u00e9\u201d para viver a Semana Santa em casa"},"content":{"rendered":"<p><a href=\"https:\/\/blog.cancaonova.com\/felipeaquino\/files\/2020\/04\/PropostasBisposSemanaSanta_Pixabay.jpg\"><img loading=\"lazy\" decoding=\"async\" class=\"size-medium wp-image-20668 alignleft\" src=\"https:\/\/blog.cancaonova.com\/felipeaquino\/files\/2020\/04\/PropostasBisposSemanaSanta_Pixabay-300x167.jpg\" alt=\"\" width=\"300\" height=\"167\" srcset=\"https:\/\/blog.cancaonova.com\/felipeaquino\/files\/2020\/04\/PropostasBisposSemanaSanta_Pixabay-300x167.jpg 300w, https:\/\/blog.cancaonova.com\/felipeaquino\/files\/2020\/04\/PropostasBisposSemanaSanta_Pixabay-768x427.jpg 768w, https:\/\/blog.cancaonova.com\/felipeaquino\/files\/2020\/04\/PropostasBisposSemanaSanta_Pixabay.jpg 900w\" sizes=\"(max-width: 300px) 100vw, 300px\" \/><\/a>O Bispo do Funchal, (Portugal), Dom Nuno Br\u00e1s, prop\u00f4s alguns \u201csinais exteriores de f\u00e9\u201d para que os cat\u00f3licos vivam a <a href=\"https:\/\/www.acidigital.com\/fiestas\/semanasanta\/index.html\">Semana Santa<\/a> em suas casas, uma vez que as celebra\u00e7\u00f5es nas Igrejas n\u00e3o poder\u00e3o ter a presen\u00e7a do povo, devido \u00e0 quarentena pela pandemia do coronav\u00edrus COVID-19.<\/p>\n<p>Assim, em uma nota pastoral sobre a Celebra\u00e7\u00e3o da P\u00e1scoa, o Prelado sugeriu que, no <a href=\"https:\/\/www.acidigital.com\/fiestas\/semanasanta\/ramos.htm\">Domingo de Ramos<\/a>, os fi\u00e9is coloquem na porta de suas casas \u201cuma cruz (constru\u00edda com madeira, com ramos de \u00e1rvores ou com outro material), e que, no Domingo de P\u00e1scoa, a ornamentem com flores (se n\u00e3o for poss\u00edvel de outro modo, com flores de papel feitas pelas crian\u00e7as)\u201d.<\/p>\n<p>Pediu ainda que enviem \u201cpara o Facebook da diocese uma fotografia da cruz gloriosa\u201d.<\/p>\n<p>Para o S\u00e1bado Santo, Dom Nuno convidou a que, \u00e0s 22h, \u201ccoloquem numa janela de casa uma vela ou acendam as luzes da habita\u00e7\u00e3o\u201d.<\/p>\n<p>\u201cCada fam\u00edlia, cada lar, n\u00e3o deixar\u00e1 certamente de procurar viver e celebrar a P\u00e1scoa como <a href=\"https:\/\/www.acidigital.com\/igreja\/index.html\">Igreja<\/a>Dom\u00e9stica\u201d, assinalou o Bispo do Funchal, o qual convida todos a acompanharem a transmiss\u00e3o das celebra\u00e7\u00f5es pelos meios de comunica\u00e7\u00e3o e sugere ainda que sigam o subs\u00eddio \u201c<a href=\"https:\/\/diocesedofunchal.com\/_files\/200001046-03c6e03c71\/tri%CC%81duo_pascal_em_familia.pdf\">Tr\u00edduo Pascal em Fam\u00edlia<\/a>\u201d, produzido por Pe. Ricardo Figueiredo e publicado pela Editora Paulus.<\/p>\n<p><strong>Leia mais:&nbsp;<\/strong><a href=\"https:\/\/cleofas.com.br\/20-dicas-para-terminar-a-quaresma-e-estar-pronto-para-a-semana-santa-2\/\">20 dicas para terminar a Quaresma e estar pronto para a Semana Santa<\/a><\/p>\n<p class=\"entry-title\"><a href=\"https:\/\/cleofas.com.br\/tudo-sobre-a-semana-santa-e-seus-simbolos\/\">Tudo Sobre a Semana Santa e seus S\u00edmbolos<\/a><\/p>\n<p class=\"entry-title\"><a href=\"https:\/\/cleofas.com.br\/cinco-filmes-recomendados-para-a-semana-santa-2\/\">Cinco filmes recomendados para a Semana Santa<\/a><\/p>\n<p>Em sua nota pastoral, Dom Nuno Br\u00e1s explicou que \u201ca P\u00e1scoa \u00e9 o centro das celebra\u00e7\u00f5es crist\u00e3s, o centro do ano lit\u00fargico. Nela celebramos a morte e a ressurrei\u00e7\u00e3o de Jesus, que tornou a nossa morte em esperan\u00e7a de <a href=\"https:\/\/www.acidigital.com\/vida\/index.html\">vida<\/a>eterna, e celebramos, tamb\u00e9m, o nosso baptismo, quer dizer: a vida de Cristo ressuscitado que, por meio do Esp\u00edrito Santo, d\u00e1 vida divina \u00e0 nossa exist\u00eancia\u201d.<\/p>\n<p>O Prelado recordou a pergunta feita pelos ap\u00f3stolos a Jesus: \u201conde queres que fa\u00e7amos os preparativos para a P\u00e1scoa?\u201d. \u201cEstou seguro de que, este ano, a resposta que Jesus nos d\u00e1 \u00e9: \u2018em tua casa, com aqueles com quem vives este tempo de quarentena\u2019\u201d, respondeu.<\/p>\n<p>Nesse sentido, assinalou que \u201cnos tempos em que vivemos somos chamados a ser Igreja, mesmo e sobretudo em nossas casas, fazendo o bem, sendo respons\u00e1veis por todos, escutando a Palavra de Deus, assistindo \u00e0s celebra\u00e7\u00f5es atrav\u00e9s dos meios de comunica\u00e7\u00e3o e comungando espiritualmente\u201d.<\/p>\n<p>Por fim, exortou a que, \u201ccomo quer que seja, vivamos a P\u00e1scoa do Senhor, a Sua morte e ressurrei\u00e7\u00e3o. Sejamos um testemunho cred\u00edvel de Jesus e ajudemo-nos todos uns aos outros a passar este momento dif\u00edcil da nossa vida. N\u00e3o nos afastemos de Deus. N\u00e3o passemos estes dias sem celebrar a Ressurrei\u00e7\u00e3o, a Sua e nossa vit\u00f3ria sobre a morte\u201d.<\/p>\n<p>Fonte:&nbsp;<a href=\"https:\/\/www.acidigital.com\/noticias\/bispo-propoem-estes-sinais-exteriores-de-fe-para-viver-a-semana-santa-em-casa-19736\">https:\/\/www.acidigital.com\/noticias\/bispo-propoem-estes-sinais-exteriores-de-fe-para-viver-a-semana-santa-em-casa-19736<\/a><\/p>\n<!-- AddThis Advanced Settings generic via filter on the_content --><!-- AddThis Share Buttons generic via filter on the_content -->","protected":false},"excerpt":{"rendered":"<p>O Bispo do Funchal, (Portugal), Dom Nuno Br\u00e1s, prop\u00f4s alguns \u201csinais exteriores de f\u00e9\u201d para que os cat\u00f3licos vivam a Semana Santa em suas casas, uma vez que as celebra\u00e7\u00f5es nas Igrejas n\u00e3o poder\u00e3o ter a presen\u00e7a do povo, devido&#8230;<!-- AddThis Advanced Settings generic via filter on get_the_excerpt --><!-- AddThis Share Buttons generic via filter on get_the_excerpt --><\/p>\n","protected":false},"author":29,"featured_media":20668,"comment_status":"open","ping_status":"open","sticky":false,"template":"","format":"standard","meta":{"_mi_skip_tracking":false,"_monsterinsights_sitenote_active":false,"_monsterinsights_sitenote_note":"","_monsterinsights_sitenote_category":0,"footnotes":""},"categories":[4],"tags":[183441,200612,200629,200628,200627,200614,184257,1901],"_links":{"self":[{"href":"https:\/\/blog.cancaonova.com\/felipeaquino\/wp-json\/wp\/v2\/posts\/20667"}],"collection":[{"href":"https:\/\/blog.cancaonova.com\/felipeaquino\/wp-json\/wp\/v2\/posts"}],"about":[{"href":"https:\/\/blog.cancaonova.com\/felipeaquino\/wp-json\/wp\/v2\/types\/post"}],"author":[{"embeddable":true,"href":"https:\/\/blog.cancaonova.com\/felipeaquino\/wp-json\/wp\/v2\/users\/29"}],"replies":[{"embeddable":true,"href":"https:\/\/blog.cancaonova.com\/felipeaquino\/wp-json\/wp\/v2\/comments?post=20667"}],"version-history":[{"count":1,"href":"https:\/\/blog.cancaonova.com\/felipeaquino\/wp-json\/wp\/v2\/posts\/20667\/revisions"}],"predecessor-version":[{"id":20669,"href":"https:\/\/blog.cancaonova.com\/felipeaquino\/wp-json\/wp\/v2\/posts\/20667\/revisions\/20669"}],"wp:featuredmedia":[{"embeddable":true,"href":"https:\/\/blog.cancaonova.com\/felipeaquino\/wp-json\/wp\/v2\/media\/20668"}],"wp:attachment":[{"href":"https:\/\/blog.cancaonova.com\/felipeaquino\/wp-json\/wp\/v2\/media?parent=20667"}],"wp:term":[{"taxonomy":"category","embeddable":true,"href":"https:\/\/blog.cancaonova.com\/felipeaquino\/wp-json\/wp\/v2\/categories?post=20667"},{"taxonomy":"post_tag","embeddable":true,"href":"https:\/\/blog.cancaonova.com\/felipeaquino\/wp-json\/wp\/v2\/tags?post=20667"}],"curies":[{"name":"wp","href":"https:\/\/api.w.org\/{rel}","templated":true}]}}