{"id":35,"date":"2007-01-18T09:20:24","date_gmt":"2007-01-18T06:20:24","guid":{"rendered":"http:\/\/blog.cancaonova.com\/felipeaquino\/2007\/01\/18\/arcebispo-denuncia-medo-semeado-por-hugo-chaves\/"},"modified":"2012-05-08T17:13:44","modified_gmt":"2012-05-08T20:13:44","slug":"arcebispo-denuncia-medo-semeado-por-hugo-chaves","status":"publish","type":"post","link":"https:\/\/blog.cancaonova.com\/felipeaquino\/2007\/01\/18\/arcebispo-denuncia-medo-semeado-por-hugo-chaves\/","title":{"rendered":"Arcebispo denuncia medo semeado por Hugo Chaves"},"content":{"rendered":"<p><span class=\"texto1\"> <\/span><span> <\/span><\/p>\n<p><span>O Arcebispo de Coro e Vice-presidente da Confer\u00eancia Episcopal Venezuelana, Dom Roberto Luckert, expressou sua preocupa\u00e7\u00e3o diante do medo coletivo que a sociedade come\u00e7a a mostrar perante as a\u00e7\u00f5es do governo de Hugo Ch\u00e1vez.<\/span><span>Em declara\u00e7\u00f5es difundidas por <\/span><span class=\"texto1\"><em><span>Uni\u00e3o R\u00e1dio<\/span><\/em><\/span><span>, o Arcebispo tamb\u00e9m defendeu o direito dos bispos a opinar sobre aqueles aspectos que considere necess\u00e1rios.<\/span><span>&#8220;A linha de trabalho deste governo \u00e9 botar medo nas pessoas, nisso est\u00e3o eles, atrav\u00e9s do poder tentam botar medo no povo venezuelano. L\u00e1 est\u00e3o as esposas dos presos pol\u00edticos tentando procurar assinaturas para uma lei de anistia e elas nos confessam que ningu\u00e9m quer assinar porque t\u00eam medo, que se assinam perdem o trabalho, isso faz parte do sistema. Assim como Fidel se imp\u00f4s pela via da crueldade, aqui nos est\u00e3o encurralando com o temor e o medo&#8221;, lamentou Dom Luckert.<\/span><span>Neste sentido, chamou \u00e0 dirig\u00eancia opositora a conversar sobre estes temas com as pessoas. &#8220;Parece que nos querem encurralar, assim como encurralaram aos meios de comunica\u00e7\u00e3o, os col\u00e9gios profissionais, os sindicatos, os empres\u00e1rios, a linha \u00e9 nos fazer calar e nos colocar medo e isso nos levaria ao sil\u00eancio e seria o mais perturbador e ignominioso que poderia nos acontecer no pa\u00eds, que por sil\u00eancio e covardia todos nos calemos&#8221;, adicionou.<\/span><\/p>\n<p><span>O Arcebispo tamb\u00e9m explicou que a Igreja defende a liberdade de express\u00e3o e os bispos t\u00eam a obriga\u00e7\u00e3o de &#8220;denunciar o que vai vir neste pa\u00eds, aqui o que nos querem imp\u00f4r \u00e9 uma c\u00f3pia da linha comunicacional que t\u00eam em Cuba&#8221;.<\/span><span>Dom Luckert desmentiu as acusa\u00e7\u00f5es de parte do governador de Falc\u00f3n, Jesus Montilla. &#8220;O governador sabe que eu jamais fiz campanha em contra dele, nunca o fiz, porque n\u00e3o \u00e9 meu of\u00edcio. Eu n\u00e3o me calei na Quarta Rep\u00fablica, eu quando tive que dizer as coisas as disse a quem tinha que ouvir e tamb\u00e9m o vou faz\u00ea-lo na Quinta&#8221;, concluiu. (<\/span><span class=\"texto1\"><em><span>Fonte: ACI Digital).<\/span><\/em><\/span><span> <\/span>Hugo Chaves deseja implantar na Venezuela o mesmo regime comunista fracassado no mundo inteiro, tipo cubano, onde h\u00e1 47 anos o povo n\u00e3o sabe o que \u00e9 mais liberdade; n\u00e3o pode votar,<span> <\/span>n\u00e3o pode ter o seu neg\u00f3cio pr\u00f3prio, n\u00e3o pode viajar para fora do pa\u00eds, etc. <span> <\/span>A Igreja se manifesta radicalmente contra o marxismo \u2013leninismo porque \u00e9 um regime que professa o ate\u00edsmo e o materialismo; odeia a religi\u00e3o, pois a considera \u201ca droga do povo\u201d, e tem como objetivo implantar o para\u00edso na terra atrav\u00e9s da \u201cluta de classes\u201d, jogando os pobres contra os ricos at\u00e9 eliminar as classes sociais, pela revolu\u00e7\u00e3o. <span>\u00c9 um regime desumano que, segundo os historiadores franceses St\u00e9fan Courtois e seus colaboradores, matou 100 milh\u00f5es de pessoas na Uni\u00e3o Sovi\u00e9tica, China, Cambodja, Viet Nam, Cuba, Cor\u00e9ia do Norte, etc. Eles fazem esta grav\u00edssima den\u00fancia em \u201cO Livro Negro do Comunismo\u201d (Editora Bertrand Brasil, 2001, 3\u00aa Edi\u00e7\u00e3o, SP, orelha). Foi condenado com toda a for\u00e7a pelo Papa Pio XI na enc\u00edclica \u201cDivinis Redemptoris\u201d, em 19 mar\u00e7o 1937; e tamb\u00e9m por todos os papas que o sucederam na c\u00e1tedra de S. Pedro. <\/span><span> <\/span><span> <\/span><\/p>\n<!-- AddThis Advanced Settings generic via filter on the_content --><!-- AddThis Share Buttons generic via filter on the_content -->","protected":false},"excerpt":{"rendered":"<p>O Arcebispo de Coro e Vice-presidente da Confer\u00eancia Episcopal Venezuelana, Dom Roberto Luckert, expressou sua preocupa\u00e7\u00e3o diante do medo coletivo que a sociedade come\u00e7a a mostrar perante as a\u00e7\u00f5es do governo de Hugo Ch\u00e1vez.Em declara\u00e7\u00f5es difundidas por Uni\u00e3o R\u00e1dio, o&#8230;<!-- AddThis Advanced Settings generic via filter on get_the_excerpt --><!-- AddThis Share Buttons generic via filter on get_the_excerpt --><\/p>\n","protected":false},"author":29,"featured_media":0,"comment_status":"open","ping_status":"closed","sticky":false,"template":"","format":"standard","meta":{"_mi_skip_tracking":false,"_monsterinsights_sitenote_active":false,"_monsterinsights_sitenote_note":"","_monsterinsights_sitenote_category":0,"footnotes":""},"categories":[62],"tags":[],"_links":{"self":[{"href":"https:\/\/blog.cancaonova.com\/felipeaquino\/wp-json\/wp\/v2\/posts\/35"}],"collection":[{"href":"https:\/\/blog.cancaonova.com\/felipeaquino\/wp-json\/wp\/v2\/posts"}],"about":[{"href":"https:\/\/blog.cancaonova.com\/felipeaquino\/wp-json\/wp\/v2\/types\/post"}],"author":[{"embeddable":true,"href":"https:\/\/blog.cancaonova.com\/felipeaquino\/wp-json\/wp\/v2\/users\/29"}],"replies":[{"embeddable":true,"href":"https:\/\/blog.cancaonova.com\/felipeaquino\/wp-json\/wp\/v2\/comments?post=35"}],"version-history":[{"count":2,"href":"https:\/\/blog.cancaonova.com\/felipeaquino\/wp-json\/wp\/v2\/posts\/35\/revisions"}],"predecessor-version":[{"id":10499,"href":"https:\/\/blog.cancaonova.com\/felipeaquino\/wp-json\/wp\/v2\/posts\/35\/revisions\/10499"}],"wp:attachment":[{"href":"https:\/\/blog.cancaonova.com\/felipeaquino\/wp-json\/wp\/v2\/media?parent=35"}],"wp:term":[{"taxonomy":"category","embeddable":true,"href":"https:\/\/blog.cancaonova.com\/felipeaquino\/wp-json\/wp\/v2\/categories?post=35"},{"taxonomy":"post_tag","embeddable":true,"href":"https:\/\/blog.cancaonova.com\/felipeaquino\/wp-json\/wp\/v2\/tags?post=35"}],"curies":[{"name":"wp","href":"https:\/\/api.w.org\/{rel}","templated":true}]}}