{"id":3721,"date":"2007-10-08T15:48:32","date_gmt":"2007-10-08T12:48:32","guid":{"rendered":"http:\/\/blog.cancaonova.com\/felipeaquino\/2007\/10\/08\/8-de-outubro-%e2%80%93-dia-do-nascituro\/"},"modified":"2007-10-09T13:54:29","modified_gmt":"2007-10-09T10:54:29","slug":"8-de-outubro-%e2%80%93-dia-do-nascituro","status":"publish","type":"post","link":"https:\/\/blog.cancaonova.com\/felipeaquino\/2007\/10\/08\/8-de-outubro-%e2%80%93-dia-do-nascituro\/","title":{"rendered":"8 de outubro \u2013 Dia do Nascituro"},"content":{"rendered":"<p>A CNBB instituiu na 43\u00aa Assembl\u00e9ia Geral dos Bispos do Brasil, em 2005, a Semana Nacional da Vida, de 1 a 8 de outubro, e  dia 8 o Dia do Nascituro.<\/p>\n<p>Quando os Ap\u00f3stolos ligam alguma coisa na terra, Jesus liga no c\u00e9u (cf. Mt 16,16 e 18,18). Ent\u00e3o, hoje, tamb\u00e9m no C\u00e9u, \u00e9 do Dia do ser humano em gesta\u00e7\u00e3o no lugar sagrado que \u00e9 o ventre materno. Antes, este era o lugar mais sagrado do mundo; mas hoje se tornou zona de fogo livre.<\/p>\n<p>O que o aborto mata \u00e9 um ser humano \u00fanico, irrepet\u00edvel, belo, imagem de Deus, a \u201cgl\u00f3ria de Deus\u201d como dizia S. Irineu (\u2020202); n\u00e3o existe \u201cpr\u00e9-embri\u00e3o\u201d. Quando se mata friamente uma crian\u00e7a no ventre materno, a mulher se rebaixa, a humanidade fica mais pobre, mais decadente e mais destru\u00edda em sua dignidade; e cada um de n\u00f3s fica um pouco mais pobre.<\/p>\n<p>N\u00e3o podemos cair no grav\u00edssimo pecado de omiss\u00e3o, como dizia Luther King: \u201ctenho medo do sil\u00eancio dos bons\u201d; ou como dizia Le\u00e3o XIII: \u201cA aud\u00e1cia dos maus se alimenta da covardia dos bons\u201d.<\/p>\n<p>Se a desgra\u00e7a do aborto for um dia legalizado no Brasil, todos n\u00f3s cat\u00f3licos seremos um pouco culpados diante do Senhor da Vida. Ele ir\u00e1 nos perguntar: o que voc\u00ea fez para me defender? \u201cO que fizerdes ao menor desses pequeninos, foi a Mim que o fizeste?\u201d(Mt 18,5; Mc 10,13). Quando se aborta uma crian\u00e7a, de certa forma se \u201caborta\u201d o pr\u00f3prio Cristo; \u00e9 por isso que o C\u00f3digo de Direito Can\u00f4nico da Igreja considera excomungado da Igreja (\u201cl\u00e1tea sententiae\u201d) os pais que abortam uma crian\u00e7a e todos os que cooperam com o crime: m\u00e9dicos, enfermeiros, juizes,&#8230; (cf. C\u00e2non 1398)<\/p>\n<p>H\u00e1 uma luta constante no mundo e tamb\u00e9m no Congresso do Brasil para aprovar a pr\u00e1tica criminosa do aborto. A pr\u00f3pria <strong>ONU<\/strong> \u2013 <strong>Organiza\u00e7\u00e3o das Na\u00e7\u00f5es Unidas<\/strong> quer globalizar a pr\u00e1tica do aborto. A Anistia Internacional acaba de reconhecer o aborto como \u201cum direito humano da mulher\u201d; pasmem! Como disse Jo\u00e3o Paulo II na enc\u00edclica Veritatis Splendor,  a vida est\u00e1 jurada de morte; h\u00e1 uma conspira\u00e7\u00e3o contra a vida. E a Igreja cat\u00f3lica est\u00e1 quase sozinha nesta luta. Por isso, agora \u00e9 a hora de cada cat\u00f3lico sair do seu sil\u00eancio, mostrar o rosto e defender a Vida e seu Autor.           \u00c9 uma covardia matar uma crian\u00e7a inocente no ventre da m\u00e3e; \u00e9 um atentado \u00e0 vida;  uma grave ofensa \u00e0 dignidade humana e uma afronta ao Criador. Ningu\u00e9m pode se omitir diante desta barbaridade! Nem a cobra mais venenosa mata o seu filhote no ninho&#8230;         N\u00e3o \u00e9 poss\u00edvel, a quem ainda n\u00e3o perdeu totalmente a luz moral, deixar de ver que o aborto \u00e9 um dos mais nefandos crimes que possa cometer um ser humano.          Se a vida n\u00e3o \u00e9 defendida desde o ventre materno, a verdadeira civiliza\u00e7\u00e3o perece, dando lugar \u00e0 barb\u00e1rie, ainda que travestida de civilidade.         Como poderemos ser um pa\u00eds aben\u00e7oado por Deus, se vamos aprovar que legalmente seja derramado o sangue dos seus filhos mais fracos, indefesos e inocentes?<\/p>\n<p>A Igreja Cat\u00f3lica, fiel \u00e0 lei de Deus, sempre ao lado da vida, \u00e9  intransigente com rela\u00e7\u00e3o ao aborto. A criatura que arroga para si o direito de matar, est\u00e1 usurpando o lugar de Deus e, como tal, ofende gravemente ao Criador.<\/p>\n<p>Desde os seus prim\u00f3rdios a Igreja ensina que no ato da concep\u00e7\u00e3o passa a existir uma nova vida humana, \u00fanica, irrepet\u00edvel,  criada \u00e0 semelhan\u00e7a de Deus, dotada de uma alma imortal, com o direito de viver.<\/p>\n<p>Fala-se tanto nos direitos humanos e, no entanto, o primeiro e mais fundamental de todos &#8211; que \u00e9 o direito \u00e0 vida,  especialmente quando esta se encontra indefesa no ventre materno &#8211; \u00e9 t\u00e3o desrespeitado em toda a face da terra. De que adianta defender os demais direitos se o Primeiro &#8211; o direito de viver &#8211; \u00e9 t\u00e3o violado?<\/p>\n<p>Criminosamente o mundo mata, no ventre das m\u00e3es, milh\u00f5es de criancinhas indefesas, covardemente assassinadas, muitas vezes de maneira horrivelmente dolorosa. Nos abortos praticados por suc\u00e7\u00e3o, o corpo do beb\u00ea com dois meses \u00e9 dilacerado por uma l\u00e2mina e aspirado&#8230; Outras vezes o beb\u00ea \u00e9 envenenado com quatro, cinco meses de idade, sendo o seu corpinho queimado vivo. As m\u00e3es que praticam abortos nunca v\u00eaem suas v\u00edtimas, mas elas morrem de maneira horrivelmente dolorosa.<\/p>\n<p>No encontro do \u00f3vulo com o espermatoz\u00f3ide, gera-se uma vida humana. Todo o c\u00f3digo gen\u00e9tico do novo ser j\u00e1 est\u00e1 definido, resta apenas se desenvolver. Todo atentado \u00e0 sua vida \u00e9 grave inj\u00faria contra Deus e contra o ser humano<br \/>\nem forma\u00e7\u00e3o. O feto \u00e9 uma vida humana, e o que o aborto mata \u00e9 uma crian\u00e7a. Desde os primeiros meses de gesta\u00e7\u00e3o, ela tem os mesmos direitos \u00e0 vida que um beb\u00ea de um ano de idade. Nada, nada mesmo, pode justificar um aborto, nem mesmo a gesta\u00e7\u00e3o de alto risco, as enfermidades genitais, os casos de gravidez n\u00e3o desejada; e nem mesmo um estupro ou anencefalia.<\/p>\n<p>Um erro n\u00e3o justifica outro maior ainda. Nada justifica um aborto! Se no caso de estupro algu\u00e9m precisa ser punido, \u00e9 o estuprador, e n\u00e3o a crian\u00e7a. N\u00e3o tem cabimento matar o feto para se vingar do estuprador.<\/p>\n<p>A lei defende a vida da crian\u00e7a ap\u00f3s o nascimento; mas, na maioria dos pa\u00edses, n\u00e3o o protege no \u00fatero materno, o qual se tornou uma verdadeira regi\u00e3o de \u201cfogo livre\u201d. Enquanto, por um lado, a viabilidade de sobreviv\u00eancia de um beb\u00ea prematuro, fora do \u00fatero da m\u00e3e, \u00e9 da ordem de vinte semanas (quatro meses e meio &#8211; tempo que poder\u00e1 baixar ainda mais), por outro lado, em muitos pa\u00edses a crian\u00e7a pode ser legalmente assassinada at\u00e9 os seis meses, j\u00e1 completa e pronta para viver.<\/p>\n<p>Com apenas onze semanas de gesta\u00e7\u00e3o (aproximadamente tr\u00eas meses), um beb\u00ea no \u00fatero j\u00e1 \u00e9 bem desenvolvido; as \u00fanicas mudan\u00e7as da\u00ed para a frente ser\u00e3o apenas o desenvolvimento do que j\u00e1 est\u00e1 formado no seu ser. Todos os seus sistemas org\u00e2nicos j\u00e1 funcionam; ele respira e urina tamb\u00e9m; o corpo j\u00e1 esta formado e as m\u00e3ozinhas j\u00e1 possuem at\u00e9 impress\u00f5es digitais&#8230; Nesse est\u00e1gio, o beb\u00ea j\u00e1 sente dor e \u00e9 muito sens\u00edvel \u00e0 luz, ao calor e ao barulho. Sua personalidade j\u00e1 est\u00e1<br \/>\nem forma\u00e7\u00e3o. Com oito semanas de gesta\u00e7\u00e3o, um beb\u00ea segura qualquer objeto que for posto em sua m\u00e3o, e at\u00e9 os batimentos do seu cora\u00e7\u00e3o j\u00e1 podem ser registrados em um eletrocardiograma. Com seis semanas, come\u00e7a o feto a se movimentar. Com menos de quatro semanas, podemos comprovar que qualquer de suas c\u00e9lulas possui 46 cromossomos, ou seja, \u00e9 um ser humano.<\/p>\n<p>Cada um de n\u00f3s foi uma simples c\u00e9lula, um \u00f3vulo fertilizado, que j\u00e1 continha tudo o que ser\u00edamos. Um pingo d\u2019\u00e1gua \u00e9 \u00e1gua!\u00c9 por desrespeitar a vida intra-uterina que o homem chegou aos grandes desrespeitos \u00e0 vida humana, como, por exemplo, holocaustos nazista e comunista. Quando a vida, em toda a sua extens\u00e3o, n\u00e3o \u00e9 respeitada, o homem corre s\u00e9rio risco. Querer que a lei n\u00e3o proteja a vida no \u00fatero materno, antes dos seis meses ou menos \u00e9 o mesmo que querer que a lei n\u00e3o proteja a mesma vida, por exemplo, depois dos oitenta anos.<\/p>\n<p>Se hoje \u00e9 dado \u00e0 m\u00e3e o direito legal de matar o seu filho, ainda n\u00e3o nascido, por ser um inc\u00f4modo para ela, amanh\u00e3 logicamente, dever\u00edamos dar ao filho o direito tamb\u00e9m legal de matar a sua m\u00e3e, velha e doente, que se tornou um peso para ele. Ambas as pr\u00e1ticas s\u00e3o criminosas e absurdas.<\/p>\n<p>Devemos igualmente proteger todas as vidas humanas; e os legisladores n\u00e3o podem definir os limites da vida. N\u00e3o podemos permitir que os grandes matem os pequenos e os conscientes eliminem os inconscientes.<\/p>\n<p>Com seis meses de gesta\u00e7\u00e3o, em plena vida, beb\u00eas s\u00e3o arrancados de dentro da m\u00e3e, em muitos hospitais americanos, atrav\u00e9s de uma cesariana, e s\u00e3o abandonados \u00e0 morte em uma lata de lixo&#8230; Esse \u00e9 o grande holocausto moderno que brada aos c\u00e9us!<\/p>\n<p>Por isso hoje, Dia do Nascituro, juntemos as nossas m\u00e3os e as nossas vozes, em uni\u00e3o com os Anjos e os Santos, para junto com a Igreja, implorar ao Senhor da Vida, que jamais este crime hediondo seja legalizado em nosso pa\u00eds, para que o seu solo n\u00e3o seja manchado de tanto sangue inocente.<\/p>\n<p>Que Nossa Senhora Aparecida nos defenda!<\/p>\n<p>Prof. Felipe Aquino \u2013 <a href=\"http:\/\/www.cleofas.com.br\/\">www.cleofas.com.br<\/a><\/p>\n<p><strong> <\/strong><\/p>\n<p><a href=\"http:\/\/www.shoppingcleofas.com.br\/catalogo\/produtos.phtml?qy1=FgYVdSZmNISnZaSFYwYnoweE16QXg=\"><img loading=\"lazy\" decoding=\"async\" src=\"http:\/\/www.shoppingcleofas.com.br\/data\/catalogo\/9\/1301_1.png\" alt=\"Capa Aborto\" height=\"186\" width=\"127\" \/><\/a><\/p>\n<!-- AddThis Advanced Settings generic via filter on the_content --><!-- AddThis Share Buttons generic via filter on the_content -->","protected":false},"excerpt":{"rendered":"<p>A CNBB instituiu na 43\u00aa Assembl\u00e9ia Geral dos Bispos do Brasil, em 2005, a Semana Nacional da Vida, de 1 a 8 de outubro, e dia 8 o Dia do Nascituro. Quando os Ap\u00f3stolos ligam alguma coisa na terra, Jesus&#8230;<!-- AddThis Advanced Settings generic via filter on get_the_excerpt --><!-- AddThis Share Buttons generic via filter on get_the_excerpt --><\/p>\n","protected":false},"author":29,"featured_media":0,"comment_status":"open","ping_status":"closed","sticky":false,"template":"","format":"standard","meta":{"_mi_skip_tracking":false,"_monsterinsights_sitenote_active":false,"_monsterinsights_sitenote_note":"","_monsterinsights_sitenote_category":0,"footnotes":""},"categories":[49],"tags":[],"_links":{"self":[{"href":"https:\/\/blog.cancaonova.com\/felipeaquino\/wp-json\/wp\/v2\/posts\/3721"}],"collection":[{"href":"https:\/\/blog.cancaonova.com\/felipeaquino\/wp-json\/wp\/v2\/posts"}],"about":[{"href":"https:\/\/blog.cancaonova.com\/felipeaquino\/wp-json\/wp\/v2\/types\/post"}],"author":[{"embeddable":true,"href":"https:\/\/blog.cancaonova.com\/felipeaquino\/wp-json\/wp\/v2\/users\/29"}],"replies":[{"embeddable":true,"href":"https:\/\/blog.cancaonova.com\/felipeaquino\/wp-json\/wp\/v2\/comments?post=3721"}],"version-history":[{"count":0,"href":"https:\/\/blog.cancaonova.com\/felipeaquino\/wp-json\/wp\/v2\/posts\/3721\/revisions"}],"wp:attachment":[{"href":"https:\/\/blog.cancaonova.com\/felipeaquino\/wp-json\/wp\/v2\/media?parent=3721"}],"wp:term":[{"taxonomy":"category","embeddable":true,"href":"https:\/\/blog.cancaonova.com\/felipeaquino\/wp-json\/wp\/v2\/categories?post=3721"},{"taxonomy":"post_tag","embeddable":true,"href":"https:\/\/blog.cancaonova.com\/felipeaquino\/wp-json\/wp\/v2\/tags?post=3721"}],"curies":[{"name":"wp","href":"https:\/\/api.w.org\/{rel}","templated":true}]}}