{"id":3901,"date":"2007-10-24T17:31:41","date_gmt":"2007-10-24T14:31:41","guid":{"rendered":"http:\/\/blog.cancaonova.com\/felipeaquino\/2007\/10\/24\/as-bem-aventurancas-do-politico\/"},"modified":"2007-10-24T17:31:41","modified_gmt":"2007-10-24T14:31:41","slug":"as-bem-aventurancas-do-politico","status":"publish","type":"post","link":"https:\/\/blog.cancaonova.com\/felipeaquino\/2007\/10\/24\/as-bem-aventurancas-do-politico\/","title":{"rendered":"As Bem-aventuran\u00e7as do Pol\u00edtico"},"content":{"rendered":"<p>&#8220;A<strong>s Bem-aventuran\u00e7as do Pol\u00edtico<\/strong>&#8221; \u00a0foram escritas anos atr\u00e1s pelo Cardeal Francisco Javier Van Thuan. \u00c9 uma reflex\u00e3o muito importante para os pol\u00edticos de todos os paises. \u00a0<\/p>\n<p>O Cardeal Francisco Javier Van Thuan foi um bispo vietnamita que passou treze anos em uma pris\u00e3o durante o regime comunista do Vietnam, e que em seguida, libertado, foi nomeado pelo <a href=\"http:\/\/www.acidigital.com\/juanpabloii\/index.html\">Papa Jo\u00e3o Paulo II<\/a> como Presidente do Pontif\u00edcio Conselho Justi\u00e7a e Paz. O Cardeal vietnamita &#8220;elaborou algumas Bem-aventuran\u00e7as do Pol\u00edtico fundando-se nas Bem-aventuran\u00e7as do Evangelho&#8221;.\u00a0<\/p>\n<p>\u00b7\u00a0\u00a0\u00a0\u00a0\u00a0\u00a0\u00a0\u00a0\u00a0\u00a0\u00a0\u00a0\u00a0\u00a0\u00a0\u00a0\u00a0\u00a0\u00a0\u00a0\u00a0\u00a0\u00a0\u00a0\u00a0\u00a0\u00a0\u00a0\u00a0\u00a0\u00a0\u00a0 &#8220;Bem-aventurado o dirigente pol\u00edtico que <strong>entende seu papel no mundo<\/strong>&#8220;. Parece uma defini\u00e7\u00e3o geral mas assinala ou para que est\u00e1 e qual \u00e9 sua fun\u00e7\u00e3o. Quer dizer que \u00e9 um servidor de seus irm\u00e3os, de seu pa\u00eds, de seu povo. \u00a0<\/p>\n<p>\u00b7\u00a0\u00a0\u00a0\u00a0\u00a0\u00a0\u00a0\u00a0\u00a0\u00a0\u00a0\u00a0\u00a0\u00a0\u00a0\u00a0\u00a0\u00a0\u00a0\u00a0\u00a0\u00a0\u00a0\u00a0\u00a0\u00a0\u00a0\u00a0\u00a0\u00a0\u00a0\u00a0 &#8220;Bem-aventurado o dirigente pol\u00edtico que <strong>exemplifica pessoalmente a credibilidade<\/strong>&#8220;. N\u00e3o a reclama mas sim com seu exemplo se faz exemplar. \u00a0<\/p>\n<p>\u00a0<\/p>\n<p>\u00b7\u00a0\u00a0\u00a0\u00a0\u00a0\u00a0\u00a0\u00a0\u00a0\u00a0\u00a0\u00a0\u00a0\u00a0\u00a0\u00a0\u00a0\u00a0\u00a0\u00a0\u00a0\u00a0\u00a0\u00a0\u00a0\u00a0\u00a0\u00a0\u00a0\u00a0\u00a0\u00a0 &#8220;Bem-aventurado o dirigente pol\u00edtico que <strong>trabalha pelo bem comum e n\u00e3o por interesses pessoais<\/strong>&#8220;. \u00a0<\/p>\n<p>\u00b7\u00a0\u00a0\u00a0\u00a0\u00a0\u00a0\u00a0\u00a0\u00a0\u00a0\u00a0\u00a0\u00a0\u00a0\u00a0\u00a0\u00a0\u00a0\u00a0\u00a0\u00a0\u00a0\u00a0\u00a0\u00a0\u00a0\u00a0\u00a0\u00a0\u00a0\u00a0\u00a0 &#8220;Bem-aventurado o dirigente pol\u00edtico que <strong>\u00e9 sincero consigo mesmo, com sua f\u00e9 e com suas promessas eleitorais<\/strong>&#8220;. \u00a0<\/p>\n<p>\u00a0<\/p>\n<p>\u00b7\u00a0\u00a0\u00a0\u00a0\u00a0\u00a0\u00a0\u00a0\u00a0\u00a0\u00a0\u00a0\u00a0\u00a0\u00a0\u00a0\u00a0\u00a0\u00a0\u00a0\u00a0\u00a0\u00a0\u00a0\u00a0\u00a0\u00a0\u00a0\u00a0\u00a0\u00a0\u00a0 &#8220;Bem-aventurado o dirigente pol\u00edtico que trabalha pela unidade e <strong>faz de Jesus o apoio de sua defesa<\/strong>&#8220;.\u00a0 O Cardeal Van Thuan estava se referindo, sobretudo aos pol\u00edticos que se consideram crist\u00e3os ou aos crist\u00e3os que se introduzem na arena pol\u00edtica&#8221;. \u00a0<\/p>\n<p>\u00b7\u00a0\u00a0\u00a0\u00a0\u00a0\u00a0\u00a0\u00a0\u00a0\u00a0\u00a0\u00a0\u00a0\u00a0\u00a0\u00a0\u00a0\u00a0\u00a0\u00a0\u00a0\u00a0\u00a0\u00a0\u00a0\u00a0\u00a0\u00a0\u00a0\u00a0\u00a0\u00a0 &#8220;Bem-aventurado o dirigente pol\u00edtico que trabalha pela mudan\u00e7a profunda, das ra\u00edzes, <strong>nega-se a chamar bom o que \u00e9 mau e utiliza o Evangelho como guia<\/strong>&#8220;. \u00a0<\/p>\n<p>\u00a0<\/p>\n<p>\u00b7\u00a0\u00a0\u00a0\u00a0\u00a0\u00a0\u00a0\u00a0\u00a0\u00a0\u00a0\u00a0\u00a0\u00a0\u00a0\u00a0\u00a0\u00a0\u00a0\u00a0\u00a0\u00a0\u00a0\u00a0\u00a0\u00a0\u00a0\u00a0\u00a0\u00a0\u00a0\u00a0 &#8220;Bem-aventurado o dirigente pol\u00edtico que <strong>escuta ao povo antes, durante e depois da elei\u00e7\u00f5es<\/strong> e que sempre escuta a Deus na <a href=\"http:\/\/www.acidigital.com\/Oraciones\/\">ora\u00e7\u00e3o<\/a>&#8220;. \u00a0<\/p>\n<p>\u00b7\u00a0\u00a0\u00a0\u00a0\u00a0\u00a0\u00a0\u00a0\u00a0\u00a0\u00a0\u00a0\u00a0\u00a0\u00a0\u00a0\u00a0\u00a0\u00a0\u00a0\u00a0\u00a0\u00a0\u00a0\u00a0\u00a0\u00a0\u00a0\u00a0\u00a0\u00a0\u00a0 &#8220;Bem-aventurado o dirigente pol\u00edtico que <strong>n\u00e3o tem medo da verdade nem dos meios de comunica\u00e7\u00e3o<\/strong>, porque no momento do julgamento responder\u00e1 s\u00f3 ante Deus, n\u00e3o ante os meios de comunica\u00e7\u00e3o&#8221;. \u00a0<\/p>\n<p>H\u00e1 uma grande diferen\u00e7a entre Pol\u00edtica e politicagem; o pol\u00edtico \u00e9 aquele que faz da vida p\u00fablica uma maneira de \u201cservir ao povo\u201d, de buscar o bem comum; por outro lado, o politiqueiro, \u00e9 aquele que \u201cse serve do povo\u201d, e usa do poder pol\u00edtico que o povo lhe confere para se enriquecer, traficando influ\u00eancias, corrompendo, roubando, subornando e at\u00e9 mesmo amea\u00e7ando e promovendo repres\u00e1lias e amea\u00e7as contra os que combatem os seus erros.\u00a0<\/p>\n<p>O pol\u00edtico honesto pode ser um santo, um homem de Deus a servi\u00e7o da na\u00e7\u00e3o; o politiqueiro, mal intencionado, \u00e9 o lado oposto da santidade, e um dia sentar\u00e1 no Tribunal de Cristo, para prestar contas dos seus atos. \u00a0<\/p>\n<p>Prof. Felipe Aquino \u2013 <a href=\"http:\/\/www.cleofas.com.br\/\">www.cleofas.com.br<\/a>\u00a0<font face=\"Times New Roman\">\u00a0<\/font><\/p>\n<!-- AddThis Advanced Settings generic via filter on the_content --><!-- AddThis Share Buttons generic via filter on the_content -->","protected":false},"excerpt":{"rendered":"<p>&#8220;As Bem-aventuran\u00e7as do Pol\u00edtico&#8221; \u00a0foram escritas anos atr\u00e1s pelo Cardeal Francisco Javier Van Thuan. \u00c9 uma reflex\u00e3o muito importante para os pol\u00edticos de todos os paises. \u00a0 O Cardeal Francisco Javier Van Thuan foi um bispo vietnamita que passou treze&#8230;<!-- AddThis Advanced Settings generic via filter on get_the_excerpt --><!-- AddThis Share Buttons generic via filter on get_the_excerpt --><\/p>\n","protected":false},"author":29,"featured_media":0,"comment_status":"open","ping_status":"closed","sticky":false,"template":"","format":"standard","meta":{"_mi_skip_tracking":false,"_monsterinsights_sitenote_active":false,"_monsterinsights_sitenote_note":"","_monsterinsights_sitenote_category":0,"footnotes":""},"categories":[62],"tags":[],"_links":{"self":[{"href":"https:\/\/blog.cancaonova.com\/felipeaquino\/wp-json\/wp\/v2\/posts\/3901"}],"collection":[{"href":"https:\/\/blog.cancaonova.com\/felipeaquino\/wp-json\/wp\/v2\/posts"}],"about":[{"href":"https:\/\/blog.cancaonova.com\/felipeaquino\/wp-json\/wp\/v2\/types\/post"}],"author":[{"embeddable":true,"href":"https:\/\/blog.cancaonova.com\/felipeaquino\/wp-json\/wp\/v2\/users\/29"}],"replies":[{"embeddable":true,"href":"https:\/\/blog.cancaonova.com\/felipeaquino\/wp-json\/wp\/v2\/comments?post=3901"}],"version-history":[{"count":0,"href":"https:\/\/blog.cancaonova.com\/felipeaquino\/wp-json\/wp\/v2\/posts\/3901\/revisions"}],"wp:attachment":[{"href":"https:\/\/blog.cancaonova.com\/felipeaquino\/wp-json\/wp\/v2\/media?parent=3901"}],"wp:term":[{"taxonomy":"category","embeddable":true,"href":"https:\/\/blog.cancaonova.com\/felipeaquino\/wp-json\/wp\/v2\/categories?post=3901"},{"taxonomy":"post_tag","embeddable":true,"href":"https:\/\/blog.cancaonova.com\/felipeaquino\/wp-json\/wp\/v2\/tags?post=3901"}],"curies":[{"name":"wp","href":"https:\/\/api.w.org\/{rel}","templated":true}]}}