{"id":4141,"date":"2007-11-06T21:47:41","date_gmt":"2007-11-06T18:47:41","guid":{"rendered":"http:\/\/blog.cancaonova.com\/felipeaquino\/2007\/11\/06\/a-igreja-na-venezuela-nao-se-calara\/"},"modified":"2007-11-06T21:49:17","modified_gmt":"2007-11-06T18:49:17","slug":"a-igreja-na-venezuela-nao-se-calara","status":"publish","type":"post","link":"https:\/\/blog.cancaonova.com\/felipeaquino\/2007\/11\/06\/a-igreja-na-venezuela-nao-se-calara\/","title":{"rendered":"A Igreja na Venezuela n\u00e3o se calar\u00e1"},"content":{"rendered":"<p>O Presidente do Conselho Plen\u00e1rio da Venezuela, o Arcebispo Ovidio P\u00e9rez Morales, diante da reforma constitucional do Presidente Hugo Chaves e da intimida\u00e7\u00e3o \u00e0 Igreja, afirmou que a &#8220;<strong>campanha sistem\u00e1tica de persegui\u00e7\u00e3o do meio oficial contra a <a href=\"http:\/\/www.acidigital.com\/igreja\/index.html\">Igreja<\/a> para pretender cal\u00e1-la<\/strong>&#8221; n\u00e3o ter\u00e1 \u00eaxito algum. (acidigital. com \u2013 05 nov 07)<\/p>\n<p>Disse D. Ov\u00eddio que n\u00e3o \u00e9 poss\u00edvel que a Igreja se cale &#8220;ante pretens\u00f5es como as de declarar a Venezuela um estado socialista, marxista, leninista. <strong>Venezuela n\u00e3o pode ir ao que \u00e9 Cuba<\/strong> do ponto de organiza\u00e7\u00e3o pol\u00edtica&#8221;, disse o Prelado em entrevista concedida a Globovisi\u00f3n.Para Dom P\u00e9rez, uma das mais respeitadas figuras eclesi\u00e1sticas no pa\u00eds, este tipo de procedimento para silenciar \u00e0 Igreja e fazer que s\u00f3 se escute o que o oficialismo determina, &#8220;\u00e9 <strong>caracter\u00edstico de regimes ditatoriais, autocr\u00e1ticos e totalit\u00e1rios<\/strong>&#8220;.<\/p>\n<p>Ele afirmou que \u00e9 imposs\u00edvel &#8220;que a Igreja possa calar ante uma pretendida <strong>reforma que n\u00e3o \u00e9 reforma mas sim uma nova Constitui\u00e7\u00e3o<\/strong>, em que se define a Venezuela como um Estado socialista \u00e0 cubana no que <strong>n\u00e3o haver\u00e1 um pluralismo democr\u00e1tico<\/strong>, onde haver\u00e1 uma concentra\u00e7\u00e3o absoluta de todo o poder no Presidente da Rep\u00fablica, em cujas m\u00e3os estar\u00e1 todo o pol\u00edtico, econ\u00f4mico e cultural deste pa\u00eds&#8221;.<\/p>\n<p>Dom P\u00e9rez disse que o Presidente Hugo Ch\u00e1vez procura ser uma esp\u00e9cie de &#8220;<strong><a href=\"http:\/\/www.acidigital.com\/igreja\/papa.htm\">sumo pont\u00edfice<\/a> deste<\/strong> <strong>pa\u00eds<\/strong>, quer dizer, determinar o que \u00e9 o que os <a href=\"http:\/\/www.acidigital.com\/igreja\/bispos.htm\">bispos<\/a> t\u00eam que dizer, o que \u00e9 o que n\u00e3o podem dizer, quando devem falar e quando calar&#8221;. O arcebispo recordou que a Igreja saiu em defesa dos direitos de Ch\u00e1vez em abril de 2002 e reiterou que esta n\u00e3o se submeter\u00e1 aos ditames do mandat\u00e1rio. &#8220;O que \u00e9 o que se quer, que a Igreja n\u00e3o diga nenhuma palavra?<\/p>\n<p>A Igreja deu sua palavra quando ele foi preso e houve um <strong>bispo nomeado pela Confer\u00eancia Episcopal Venezuelana (CEV) para resguardar sua <a href=\"http:\/\/www.acidigital.com\/vida\/index.html\">vida<\/a><\/strong>, para que seus direitos humanos fossem respeitados&#8221;. Naquela situa\u00e7\u00e3o, &#8220;a Igreja sim era digna de respeito mas agora parece que a Igreja tem que submeter-se e ficar de joelhos ante o presidente da Rep\u00fablica e isso n\u00e3o se pode fazer por nossa pr\u00f3pria miss\u00e3o&#8221;.<\/p>\n<p>A Igreja est\u00e1 do lado da verdade e n\u00e3o tem medo de defende-la mesmo que tenha que derramar o seu sangue. O presidente Hugo Chaves, usando dos petro-d\u00f3lares da Venezuela estabeleceu uma caricatura de democracia no pa\u00eds, uma vez que, com manobras s\u00f3rdidas dominou e amorda\u00e7ou o Legislativo e o Judici\u00e1rio e hoje age como um livre ditador. \u00c9 claro que a Igreja na Venezuela n\u00e3o aceita isso.<\/p>\n<p>A sociedade Venezuelana foi dividida por Hugo Chaves que, usando os petro-dolares \u201ccomprou\u201d o povo mais simples, a maioria, com uma pol\u00edtica assistencialista, em troca do seu voto para satisfazer os seus planos ditatoriais. \u00c9 claro que a Igreja n\u00e3o pode se calar diante desta farsa.<\/p>\n<p>No dia 28 out 07 o Vaticano beatificou 498 m\u00e1rtires da Revolu\u00e7\u00e3o Civil Espanhola, que derramaram o seu sangue por n\u00e3o concordar com o regime marxista que se implantava na Espanha em 1936. O Papa Jo\u00e3o Paulo II j\u00e1 tinha beatificado 977 m\u00e1rtires desta Guerra Civil Espanhola, e estima-se que 7000 cat\u00f3licos foram martirizados nesta Guerra. Algo semelhante aconteceu na Guerra Civil Mexicana de 1926.\u00a0<\/p>\n<p>Hugo Chaves pode dominar e fazer calar por medo o povo da Venezuela, mas n\u00e3o poder\u00e1 fazer calar a santa Igreja Cat\u00f3lica. \u00a0<\/p>\n<p>Prof. Felipe Aquino \u2013 <a href=\"http:\/\/www.cleofas.com.br\/\">www.cleofas.com.br<\/a>\u00a0<\/p>\n<!-- AddThis Advanced Settings generic via filter on the_content --><!-- AddThis Share Buttons generic via filter on the_content -->","protected":false},"excerpt":{"rendered":"<p>O Presidente do Conselho Plen\u00e1rio da Venezuela, o Arcebispo Ovidio P\u00e9rez Morales, diante da reforma constitucional do Presidente Hugo Chaves e da intimida\u00e7\u00e3o \u00e0 Igreja, afirmou que a &#8220;campanha sistem\u00e1tica de persegui\u00e7\u00e3o do meio oficial contra a Igreja para pretender&#8230;<!-- AddThis Advanced Settings generic via filter on get_the_excerpt --><!-- AddThis Share Buttons generic via filter on get_the_excerpt --><\/p>\n","protected":false},"author":29,"featured_media":0,"comment_status":"open","ping_status":"closed","sticky":false,"template":"","format":"standard","meta":{"_mi_skip_tracking":false,"_monsterinsights_sitenote_active":false,"_monsterinsights_sitenote_note":"","_monsterinsights_sitenote_category":0,"footnotes":""},"categories":[62],"tags":[],"_links":{"self":[{"href":"https:\/\/blog.cancaonova.com\/felipeaquino\/wp-json\/wp\/v2\/posts\/4141"}],"collection":[{"href":"https:\/\/blog.cancaonova.com\/felipeaquino\/wp-json\/wp\/v2\/posts"}],"about":[{"href":"https:\/\/blog.cancaonova.com\/felipeaquino\/wp-json\/wp\/v2\/types\/post"}],"author":[{"embeddable":true,"href":"https:\/\/blog.cancaonova.com\/felipeaquino\/wp-json\/wp\/v2\/users\/29"}],"replies":[{"embeddable":true,"href":"https:\/\/blog.cancaonova.com\/felipeaquino\/wp-json\/wp\/v2\/comments?post=4141"}],"version-history":[{"count":0,"href":"https:\/\/blog.cancaonova.com\/felipeaquino\/wp-json\/wp\/v2\/posts\/4141\/revisions"}],"wp:attachment":[{"href":"https:\/\/blog.cancaonova.com\/felipeaquino\/wp-json\/wp\/v2\/media?parent=4141"}],"wp:term":[{"taxonomy":"category","embeddable":true,"href":"https:\/\/blog.cancaonova.com\/felipeaquino\/wp-json\/wp\/v2\/categories?post=4141"},{"taxonomy":"post_tag","embeddable":true,"href":"https:\/\/blog.cancaonova.com\/felipeaquino\/wp-json\/wp\/v2\/tags?post=4141"}],"curies":[{"name":"wp","href":"https:\/\/api.w.org\/{rel}","templated":true}]}}