{"id":4691,"date":"2008-01-03T14:24:31","date_gmt":"2008-01-03T11:24:31","guid":{"rendered":"http:\/\/blog.cancaonova.com\/felipeaquino\/2008\/01\/03\/pl-22852007-estatuto-das-familias\/"},"modified":"2012-04-19T13:59:21","modified_gmt":"2012-04-19T16:59:21","slug":"pl-22852007-estatuto-das-familias","status":"publish","type":"post","link":"https:\/\/blog.cancaonova.com\/felipeaquino\/2008\/01\/03\/pl-22852007-estatuto-das-familias\/","title":{"rendered":"PL 2285\/2007 - Estatuto das Fam\u00edlias"},"content":{"rendered":"<p><font color=\"#000000\" face=\"Arial\" size=\"2\">Prezados amigos,<\/font><\/p>\n<p>&nbsp;<\/p>\n<p><font face=\"Arial\" size=\"2\">Chamo a aten\u00e7\u00e3o para o \u00faltimo artigo abaixo  (clique no link). Temos que nos mobilizar para combater o que se tem denominado  de &#8220;Estatuto das Fam\u00edlias&#8221;.<\/font><\/p>\n<p>&nbsp;<\/p>\n<p><font face=\"Arial\" size=\"2\">No dia 25 de outubro de 2007, iniciou-se no  Congresso Nacional o tr\u00e2mite do Projeto de Lei no. 2285\/07, de autoria do  Deputado S\u00e9rgio Barradas Carneiro, propondo a <u>revoga\u00e7\u00e3o<\/u> de todo o Livro  IV (Do Direito de Fam\u00edlia) do C\u00f3digo Civil de 2002, al\u00e9m de uma s\u00e9rie de outros  dispositivos de direito material e processual ligados a este ramo do Direito,  dispersos em outros documentos, tais como a Lei de Alimentos (Lei 5478\/68) e o  C\u00f3digo de Processo Civil (Lei 5.869\/73).<\/font><\/p>\n<\/p>\n<p><font face=\"Arial\" size=\"2\">O texto vem sendo chamado de &#8220;Estatuto das Fam\u00edlias&#8221; e foi elaborado  pela conjuga\u00e7\u00e3o dos esfor\u00e7os de centenas de estudiosos das mais variadas \u00e1reas  ligados ao Instituto Brasileiro de Direito de Fam\u00edlia, associa\u00e7\u00e3o civil que  completou, neste ano de 2007, dez anos de evolu\u00e7\u00f5es e revolu\u00e7\u00f5es no \u00e2mbito do  Direito de Fam\u00edlia brasileiro. (o texto do Estatuto est\u00e1 em  <strong>http:\/\/www.ibdfam.org.br\/artigos\/Estatuto_das_Familias.pdf)<\/strong>.<\/font><\/p>\n<p><font face=\"Arial\" size=\"2\">Se n\u00f3s que somos Igreja n\u00e3o fizermos nada,  com a for\u00e7a e com os vultosos recursos econ\u00f4micos que est\u00e3o acompanhando a  ideologia gay, o fracasso e a destrui\u00e7\u00e3o da fam\u00edlia brasileira ser\u00e3o  clamorosos.<\/font><\/p>\n<p>&nbsp;<\/p>\n<p><font face=\"Arial\" size=\"2\">Nossa Senhora Aparecida, vem em nosso  socorro!!<\/font><\/p>\n<p>&nbsp;<\/p>\n<p><font face=\"Arial\" size=\"2\">Atenciosamente,<\/font><\/p>\n<p>&nbsp;<\/p>\n<p><font face=\"Arial\" size=\"2\">Paul Medeiros Krause<\/font><\/p>\n<p><font face=\"Arial\" size=\"2\">Procurador do Banco Central do Brasil em  Belo Horizonte<\/font><\/p>\n<!-- AddThis Advanced Settings generic via filter on the_content --><!-- AddThis Share Buttons generic via filter on the_content -->","protected":false},"excerpt":{"rendered":"<p>Prezados amigos, &nbsp; Chamo a aten\u00e7\u00e3o para o \u00faltimo artigo abaixo (clique no link). Temos que nos mobilizar para combater o que se tem denominado de &#8220;Estatuto das Fam\u00edlias&#8221;. &nbsp; No dia 25 de outubro de 2007, iniciou-se no Congresso&#8230;<!-- AddThis Advanced Settings generic via filter on get_the_excerpt --><!-- AddThis Share Buttons generic via filter on get_the_excerpt --><\/p>\n","protected":false},"author":29,"featured_media":0,"comment_status":"open","ping_status":"open","sticky":false,"template":"","format":"standard","meta":{"_mi_skip_tracking":false,"_monsterinsights_sitenote_active":false,"_monsterinsights_sitenote_note":"","_monsterinsights_sitenote_category":0,"footnotes":""},"categories":[62],"tags":[],"_links":{"self":[{"href":"https:\/\/blog.cancaonova.com\/felipeaquino\/wp-json\/wp\/v2\/posts\/4691"}],"collection":[{"href":"https:\/\/blog.cancaonova.com\/felipeaquino\/wp-json\/wp\/v2\/posts"}],"about":[{"href":"https:\/\/blog.cancaonova.com\/felipeaquino\/wp-json\/wp\/v2\/types\/post"}],"author":[{"embeddable":true,"href":"https:\/\/blog.cancaonova.com\/felipeaquino\/wp-json\/wp\/v2\/users\/29"}],"replies":[{"embeddable":true,"href":"https:\/\/blog.cancaonova.com\/felipeaquino\/wp-json\/wp\/v2\/comments?post=4691"}],"version-history":[{"count":2,"href":"https:\/\/blog.cancaonova.com\/felipeaquino\/wp-json\/wp\/v2\/posts\/4691\/revisions"}],"predecessor-version":[{"id":10199,"href":"https:\/\/blog.cancaonova.com\/felipeaquino\/wp-json\/wp\/v2\/posts\/4691\/revisions\/10199"}],"wp:attachment":[{"href":"https:\/\/blog.cancaonova.com\/felipeaquino\/wp-json\/wp\/v2\/media?parent=4691"}],"wp:term":[{"taxonomy":"category","embeddable":true,"href":"https:\/\/blog.cancaonova.com\/felipeaquino\/wp-json\/wp\/v2\/categories?post=4691"},{"taxonomy":"post_tag","embeddable":true,"href":"https:\/\/blog.cancaonova.com\/felipeaquino\/wp-json\/wp\/v2\/tags?post=4691"}],"curies":[{"name":"wp","href":"https:\/\/api.w.org\/{rel}","templated":true}]}}