{"id":5191,"date":"2008-02-08T22:47:41","date_gmt":"2008-02-08T19:47:41","guid":{"rendered":"http:\/\/blog.cancaonova.com\/felipeaquino\/2008\/02\/08\/poema-da-morte\/"},"modified":"2008-02-08T23:00:48","modified_gmt":"2008-02-08T20:00:48","slug":"poema-da-morte","status":"publish","type":"post","link":"https:\/\/blog.cancaonova.com\/felipeaquino\/2008\/02\/08\/poema-da-morte\/","title":{"rendered":"N\u00e3o soube do mundo"},"content":{"rendered":"<p><strong>De: Renato de Azevedo<\/strong><\/p>\n<p><strong>Era t\u00e3o pequeno<\/strong><strong> <\/strong><\/p>\n<p><strong>que ningu\u00e9m o via.<\/strong><strong> <\/strong><strong>Dormia sereno<\/p>\n<p><\/strong>enquanto crescia.<\/p>\n<p>Sem falar, pedia<\/p>\n<p>&#8211; porque era semente &#8211;<\/p>\n<p>ver a luz do dia<\/p>\n<p>como toda a gente.<\/p>\n<p>N\u00e3o tinha usurpado<\/p>\n<p>a sua morada.<\/p>\n<p>N\u00e3o tinha pecado.<\/p>\n<p>N\u00e3o fizera nada. \u00a0<\/p>\n<p>Foi sacrificado<\/p>\n<p>enquanto dormia,<\/p>\n<p>esterilizado<\/p>\n<p>com toda a maestria.<\/p>\n<p>Antes que a tivesse,<\/p>\n<p>taparam-lhe a boca<\/p>\n<p>&#8211; tratado, parece,<\/p>\n<p>qual bicho na toca.\u00a0<\/p>\n<p>N\u00e3o soltou vagido.<\/p>\n<p>N\u00e3o teve amanh\u00e3.<\/p>\n<p>N\u00e3o ouviu &#8220;Querido&#8221;&#8230;<\/p>\n<p>N\u00e3o disse &#8220;Mam\u00e3&#8221;&#8230;<\/p>\n<p>N\u00e3o sentiu um beijo.<\/p>\n<p>Nunca andou ao colo.<\/p>\n<p>Nunca teve o ensejo<\/p>\n<p>de pisar o solo,<\/p>\n<p>pezito descal\u00e7o,<\/p>\n<p>andar hesitante,<\/p>\n<p>sorrindo no encal\u00e7o<\/p>\n<p>do abra\u00e7o distante.\u00a0<\/p>\n<p>\u00a0Nunca foi \u00e0 escola,<\/p>\n<p>de sacola ao ombro,<\/p>\n<p>nem olhou estrelas<\/p>\n<p>om olhos de assombro.<\/p>\n<p>Crian\u00e7as iguais<\/p>\n<p>\u00e0 que ele seria,<\/p>\n<p>n\u00e3o brincou com elas<\/p>\n<p>nem soube que havia.<\/p>\n<p>N\u00e3o roubou ma\u00e7\u00e3s,<\/p>\n<p>n\u00e3o ouviu os grilos,<\/p>\n<p>n\u00e3o apanhou r\u00e3s<\/p>\n<p>nos charcos tranquilos.<\/p>\n<p>Nunca teve um c\u00e3o,<\/p>\n<p>vadio que fosse,<\/p>\n<p>a lamber-lhe a m\u00e3o<\/p>\n<p>\u00e0 espera do doce.\u00a0<\/p>\n<p>N\u00e3o soube que h\u00e1 rios<\/p>\n<p>e ventos e espa\u00e7os.<\/p>\n<p>E invernos e estios.<\/p>\n<p>E mares e sarga\u00e7os.<\/p>\n<p>E flores e poentes.<\/p>\n<p>E peixes e feras<\/p>\n<p>\u00a0-as hoje viventes<\/p>\n<p>e as de antigas eras.\u00a0<\/p>\n<p>N\u00e3o soube do mundo.<\/p>\n<p>N\u00e3o viu a magia.\u00a0<\/p>\n<p>Num breve segundo,<\/p>\n<p>foi neutralizado<\/p>\n<p>com toda a maestria.<\/p>\n<p>Com as alvas batas,<\/p>\n<p>m\u00e1scaras de entrudo,<\/p>\n<p>t\u00e9cnicas exatas,<\/p>\n<p>m\u00e3os de especialistas<\/p>\n<p>negaram-lhe tudo<\/p>\n<p>( o destino inteiro&#8230;)\u00a0<\/p>\n<p>&#8211; porque os abortistas<\/p>\n<p>nasceram primeiro.\u00a0<\/p>\n<!-- AddThis Advanced Settings generic via filter on the_content --><!-- AddThis Share Buttons generic via filter on the_content -->","protected":false},"excerpt":{"rendered":"<p>De: Renato de Azevedo Era t\u00e3o pequeno que ningu\u00e9m o via. Dormia sereno enquanto crescia. Sem falar, pedia &#8211; porque era semente &#8211; ver a luz do dia como toda a gente. N\u00e3o tinha usurpado a sua morada. N\u00e3o tinha&#8230;<!-- AddThis Advanced Settings generic via filter on get_the_excerpt --><!-- AddThis Share Buttons generic via filter on get_the_excerpt --><\/p>\n","protected":false},"author":29,"featured_media":0,"comment_status":"open","ping_status":"open","sticky":false,"template":"","format":"standard","meta":{"_mi_skip_tracking":false,"_monsterinsights_sitenote_active":false,"_monsterinsights_sitenote_note":"","_monsterinsights_sitenote_category":0,"footnotes":""},"categories":[49],"tags":[],"_links":{"self":[{"href":"https:\/\/blog.cancaonova.com\/felipeaquino\/wp-json\/wp\/v2\/posts\/5191"}],"collection":[{"href":"https:\/\/blog.cancaonova.com\/felipeaquino\/wp-json\/wp\/v2\/posts"}],"about":[{"href":"https:\/\/blog.cancaonova.com\/felipeaquino\/wp-json\/wp\/v2\/types\/post"}],"author":[{"embeddable":true,"href":"https:\/\/blog.cancaonova.com\/felipeaquino\/wp-json\/wp\/v2\/users\/29"}],"replies":[{"embeddable":true,"href":"https:\/\/blog.cancaonova.com\/felipeaquino\/wp-json\/wp\/v2\/comments?post=5191"}],"version-history":[{"count":0,"href":"https:\/\/blog.cancaonova.com\/felipeaquino\/wp-json\/wp\/v2\/posts\/5191\/revisions"}],"wp:attachment":[{"href":"https:\/\/blog.cancaonova.com\/felipeaquino\/wp-json\/wp\/v2\/media?parent=5191"}],"wp:term":[{"taxonomy":"category","embeddable":true,"href":"https:\/\/blog.cancaonova.com\/felipeaquino\/wp-json\/wp\/v2\/categories?post=5191"},{"taxonomy":"post_tag","embeddable":true,"href":"https:\/\/blog.cancaonova.com\/felipeaquino\/wp-json\/wp\/v2\/tags?post=5191"}],"curies":[{"name":"wp","href":"https:\/\/api.w.org\/{rel}","templated":true}]}}