{"id":6131,"date":"2008-04-25T15:33:10","date_gmt":"2008-04-25T12:33:10","guid":{"rendered":"http:\/\/blog.cancaonova.com\/felipeaquino\/2008\/04\/25\/livro-os-pecados-e-as-virtudes-capitais\/"},"modified":"2014-05-26T11:24:49","modified_gmt":"2014-05-26T14:24:49","slug":"livro-os-pecados-e-as-virtudes-capitais","status":"publish","type":"post","link":"https:\/\/blog.cancaonova.com\/felipeaquino\/2008\/04\/25\/livro-os-pecados-e-as-virtudes-capitais\/","title":{"rendered":"Livro: Os Pecados e as Virtudes capitais"},"content":{"rendered":"<p><a href=\"http:\/\/loja.cleofas.com.br\/os-pecados-e-virtudes-capitais.html\" target=\"_blank\"><img loading=\"lazy\" decoding=\"async\" class=\"aligncenter size-full wp-image-15683\" alt=\"cpa_os_pecados_e_virtudes\" src=\"http:\/\/blog.cancaonova.com\/felipeaquino\/files\/2008\/04\/cpa_os_pecados_e_virtudes.jpg\" width=\"175\" height=\"260\" \/><\/a><\/p>\n<p align=\"left\">Jesus veio a n\u00f3s para tirar o pecado do mundo (Jo 1,29). E deixou a Igreja para continuar esta miss\u00e3o. Ela nos ensina que os piores pecados s\u00e3o aqueles que denomina de capitais, uma vez que s\u00e3o como que pais e m\u00e3es de outros. Por isso \u00e9 preciso uma aten\u00e7\u00e3o toda especial para combat\u00ea-los em nossa vida, a fim de que n\u00e3o impe\u00e7am a nossa santifica\u00e7\u00e3o.<\/p>\n<p>Aqui voc\u00ea tem uma reflex\u00e3o profunda sobre cada um deles; bem como sobre as virtudes que lhes s\u00e3o opostas, a fim de que possamos viv\u00ea-las, com a gra\u00e7a de Deus.<\/p>\n<p><strong>Ficha T\u00e9cnica<\/strong><br \/>\nEditora: Cl\u00e9ofas<br \/>\nISBN: 978-85-88158-31-3<br \/>\nAno: 2008<br \/>\nEdi\u00e7\u00e3o: 6<br \/>\nN\u00famero de p\u00e1ginas: 128<br \/>\nIdioma: Portugu\u00eas (BR)<br \/>\nAcabamento: Brochura<\/p>\n<!-- AddThis Advanced Settings generic via filter on the_content --><!-- AddThis Share Buttons generic via filter on the_content -->","protected":false},"excerpt":{"rendered":"<p>Jesus veio a n\u00f3s para tirar o pecado do mundo (Jo 1,29). E deixou a Igreja para continuar esta miss\u00e3o. Ela nos ensina que os piores pecados s\u00e3o aqueles que denomina de capitais, uma vez que s\u00e3o como que pais&#8230;<!-- AddThis Advanced Settings generic via filter on get_the_excerpt --><!-- AddThis Share Buttons generic via filter on get_the_excerpt --><\/p>\n","protected":false},"author":29,"featured_media":0,"comment_status":"open","ping_status":"open","sticky":false,"template":"","format":"standard","meta":{"_mi_skip_tracking":false,"_monsterinsights_sitenote_active":false,"_monsterinsights_sitenote_note":"","_monsterinsights_sitenote_category":0,"footnotes":""},"categories":[57],"tags":[],"_links":{"self":[{"href":"https:\/\/blog.cancaonova.com\/felipeaquino\/wp-json\/wp\/v2\/posts\/6131"}],"collection":[{"href":"https:\/\/blog.cancaonova.com\/felipeaquino\/wp-json\/wp\/v2\/posts"}],"about":[{"href":"https:\/\/blog.cancaonova.com\/felipeaquino\/wp-json\/wp\/v2\/types\/post"}],"author":[{"embeddable":true,"href":"https:\/\/blog.cancaonova.com\/felipeaquino\/wp-json\/wp\/v2\/users\/29"}],"replies":[{"embeddable":true,"href":"https:\/\/blog.cancaonova.com\/felipeaquino\/wp-json\/wp\/v2\/comments?post=6131"}],"version-history":[{"count":2,"href":"https:\/\/blog.cancaonova.com\/felipeaquino\/wp-json\/wp\/v2\/posts\/6131\/revisions"}],"predecessor-version":[{"id":15684,"href":"https:\/\/blog.cancaonova.com\/felipeaquino\/wp-json\/wp\/v2\/posts\/6131\/revisions\/15684"}],"wp:attachment":[{"href":"https:\/\/blog.cancaonova.com\/felipeaquino\/wp-json\/wp\/v2\/media?parent=6131"}],"wp:term":[{"taxonomy":"category","embeddable":true,"href":"https:\/\/blog.cancaonova.com\/felipeaquino\/wp-json\/wp\/v2\/categories?post=6131"},{"taxonomy":"post_tag","embeddable":true,"href":"https:\/\/blog.cancaonova.com\/felipeaquino\/wp-json\/wp\/v2\/tags?post=6131"}],"curies":[{"name":"wp","href":"https:\/\/api.w.org\/{rel}","templated":true}]}}