{"id":6391,"date":"2008-05-09T18:41:58","date_gmt":"2008-05-09T15:41:58","guid":{"rendered":"http:\/\/blog.cancaonova.com\/felipeaquino\/2008\/05\/09\/livro-em-busca-da-perfeicao\/"},"modified":"2014-05-26T11:20:35","modified_gmt":"2014-05-26T14:20:35","slug":"livro-em-busca-da-perfeicao","status":"publish","type":"post","link":"https:\/\/blog.cancaonova.com\/felipeaquino\/2008\/05\/09\/livro-em-busca-da-perfeicao\/","title":{"rendered":"Livro: Em busca da Perfei\u00e7\u00e3o"},"content":{"rendered":"<p><a href=\"http:\/\/loja.cleofas.com.br\/em-busca-da-perfeic-o.html\" target=\"_blank\"><img loading=\"lazy\" decoding=\"async\" class=\"aligncenter  wp-image-15675\" alt=\"cpa_em_busca_da_perfei_o_1\" src=\"http:\/\/blog.cancaonova.com\/felipeaquino\/files\/2008\/05\/cpa_em_busca_da_perfei_o_1.jpg\" width=\"175\" height=\"260\" \/><\/a><\/p>\n<p align=\"left\">Em busca da perfei\u00e7\u00e3o \u00e9 um livro de medita\u00e7\u00f5es semanais, baseadas em trechos b\u00edblicos, na ora\u00e7\u00e3o e na tradi\u00e7\u00e3o dos santos e doutores da Igreja.<\/p>\n<p align=\"left\">Lendo com f\u00e9 e com o cora\u00e7\u00e3o aberto \u00e0 gra\u00e7a de Deus, este livro ir\u00e1 ajudar o leitor, atrav\u00e9s da reflex\u00e3o e da ora\u00e7\u00e3o, a encontrar o caminho da vida, da alegria, da paz, do amor de Deus, do perd\u00e3o, da cura, da b\u00ean\u00e7\u00e3o e da felicidade para si e para sua fam\u00edlia.<\/p>\n<p align=\"left\"><strong>Ficha T\u00e9cnica<\/strong><br \/>\nEditora: Cl\u00e9ofas<br \/>\nISBN: 85-85592-34-6<br \/>\nAno: 2007<br \/>\nEdi\u00e7\u00e3o: 8<br \/>\nN\u00famero de p\u00e1ginas: 176<br \/>\nIdioma: Portugu\u00eas (BR)<br \/>\nAcabamento: Brochura<br \/>\nFormato: 14&#215;21 cm<\/p>\n<!-- AddThis Advanced Settings generic via filter on the_content --><!-- AddThis Share Buttons generic via filter on the_content -->","protected":false},"excerpt":{"rendered":"<p>Em busca da perfei\u00e7\u00e3o \u00e9 um livro de medita\u00e7\u00f5es semanais, baseadas em trechos b\u00edblicos, na ora\u00e7\u00e3o e na tradi\u00e7\u00e3o dos santos e doutores da Igreja. Lendo com f\u00e9 e com o cora\u00e7\u00e3o aberto \u00e0 gra\u00e7a de Deus, este livro ir\u00e1&#8230;<!-- AddThis Advanced Settings generic via filter on get_the_excerpt --><!-- AddThis Share Buttons generic via filter on get_the_excerpt --><\/p>\n","protected":false},"author":29,"featured_media":0,"comment_status":"open","ping_status":"open","sticky":false,"template":"","format":"standard","meta":{"_mi_skip_tracking":false,"_monsterinsights_sitenote_active":false,"_monsterinsights_sitenote_note":"","_monsterinsights_sitenote_category":0,"footnotes":""},"categories":[57],"tags":[],"_links":{"self":[{"href":"https:\/\/blog.cancaonova.com\/felipeaquino\/wp-json\/wp\/v2\/posts\/6391"}],"collection":[{"href":"https:\/\/blog.cancaonova.com\/felipeaquino\/wp-json\/wp\/v2\/posts"}],"about":[{"href":"https:\/\/blog.cancaonova.com\/felipeaquino\/wp-json\/wp\/v2\/types\/post"}],"author":[{"embeddable":true,"href":"https:\/\/blog.cancaonova.com\/felipeaquino\/wp-json\/wp\/v2\/users\/29"}],"replies":[{"embeddable":true,"href":"https:\/\/blog.cancaonova.com\/felipeaquino\/wp-json\/wp\/v2\/comments?post=6391"}],"version-history":[{"count":2,"href":"https:\/\/blog.cancaonova.com\/felipeaquino\/wp-json\/wp\/v2\/posts\/6391\/revisions"}],"predecessor-version":[{"id":15654,"href":"https:\/\/blog.cancaonova.com\/felipeaquino\/wp-json\/wp\/v2\/posts\/6391\/revisions\/15654"}],"wp:attachment":[{"href":"https:\/\/blog.cancaonova.com\/felipeaquino\/wp-json\/wp\/v2\/media?parent=6391"}],"wp:term":[{"taxonomy":"category","embeddable":true,"href":"https:\/\/blog.cancaonova.com\/felipeaquino\/wp-json\/wp\/v2\/categories?post=6391"},{"taxonomy":"post_tag","embeddable":true,"href":"https:\/\/blog.cancaonova.com\/felipeaquino\/wp-json\/wp\/v2\/tags?post=6391"}],"curies":[{"name":"wp","href":"https:\/\/api.w.org\/{rel}","templated":true}]}}