{"id":6531,"date":"2008-05-15T20:01:50","date_gmt":"2008-05-15T17:01:50","guid":{"rendered":"http:\/\/blog.cancaonova.com\/felipeaquino\/2008\/05\/15\/livro-a-luta-contra-a-depressao\/"},"modified":"2014-05-26T11:17:48","modified_gmt":"2014-05-26T14:17:48","slug":"livro-a-luta-contra-a-depressao","status":"publish","type":"post","link":"https:\/\/blog.cancaonova.com\/felipeaquino\/2008\/05\/15\/livro-a-luta-contra-a-depressao\/","title":{"rendered":"Livro: A Luta contra a depress\u00e3o"},"content":{"rendered":"<p><a href=\"http:\/\/loja.cleofas.com.br\/a-luta-contra-a-depress-o.html\" target=\"_blank\"><img loading=\"lazy\" decoding=\"async\" class=\"aligncenter size-full wp-image-15671\" alt=\"cpa_a_luta\" src=\"http:\/\/blog.cancaonova.com\/felipeaquino\/files\/2008\/05\/cpa_a_luta.jpg\" width=\"175\" height=\"260\" \/><\/a><\/p>\n<p align=\"left\">\n<p align=\"left\">\u00a0A depress\u00e3o tornou-se uma verdadeira epidemia. Mas ela tem cura!<\/p>\n<p align=\"left\">As suas causas mais profundas s\u00e3o de fundo emocional, psicol\u00f3gico ou espiritual, e sobretudo a falta de auto-estima e de um sentido para a pr\u00f3pria vida; al\u00e9m das press\u00f5es sufocantes deste mundo moderno, competitivo e amea\u00e7ador.<\/p>\n<p align=\"left\">Sem desprezar a ajuda da medicina e da psicoterapia, que s\u00e3o valiosas e indispens\u00e1veis, este livro apresenta uma terapia espiritual, com base no \u201cabandono em Deus\u201d.<\/p>\n<p>S\u00f3 em Deus a pessoa encontra o seu grande valor (filho de Deus), o rico e belo sentido de sua vida e a seguran\u00e7a para vencer os problemas.<\/p>\n<p>Jesus Cristo \u00e9 o M\u00e9dico das almas.<\/p>\n<p><strong>Ficha T\u00e9cnica<\/strong><br \/>\nEditora: Cl\u00e9ofas<br \/>\nISBN: 978-85-88158-34-4<br \/>\nAno: 2008<br \/>\nEdi\u00e7\u00e3o: 11<br \/>\nN\u00famero de p\u00e1ginas: 200<br \/>\nIdioma: Portugu\u00eas (BR)<br \/>\nAcabamento: Brochura<br \/>\nFormato: 14&#215;21 cm<\/p>\n<p><a href=\"http:\/\/www.cleofas.com.br\/divulgacao\/sumA_LUTA_CONTRA_A_DEPRESSAO.pdf\"><strong>[+] Ver sum\u00e1rio e introdu\u00e7\u00e3o<\/strong><\/a><\/p>\n<!-- AddThis Advanced Settings generic via filter on the_content --><!-- AddThis Share Buttons generic via filter on the_content -->","protected":false},"excerpt":{"rendered":"<p>\u00a0A depress\u00e3o tornou-se uma verdadeira epidemia. Mas ela tem cura! As suas causas mais profundas s\u00e3o de fundo emocional, psicol\u00f3gico ou espiritual, e sobretudo a falta de auto-estima e de um sentido para a pr\u00f3pria vida; al\u00e9m das press\u00f5es sufocantes&#8230;<!-- AddThis Advanced Settings generic via filter on get_the_excerpt --><!-- AddThis Share Buttons generic via filter on get_the_excerpt --><\/p>\n","protected":false},"author":29,"featured_media":0,"comment_status":"open","ping_status":"open","sticky":false,"template":"","format":"standard","meta":{"_mi_skip_tracking":false,"_monsterinsights_sitenote_active":false,"_monsterinsights_sitenote_note":"","_monsterinsights_sitenote_category":0,"footnotes":""},"categories":[57],"tags":[],"_links":{"self":[{"href":"https:\/\/blog.cancaonova.com\/felipeaquino\/wp-json\/wp\/v2\/posts\/6531"}],"collection":[{"href":"https:\/\/blog.cancaonova.com\/felipeaquino\/wp-json\/wp\/v2\/posts"}],"about":[{"href":"https:\/\/blog.cancaonova.com\/felipeaquino\/wp-json\/wp\/v2\/types\/post"}],"author":[{"embeddable":true,"href":"https:\/\/blog.cancaonova.com\/felipeaquino\/wp-json\/wp\/v2\/users\/29"}],"replies":[{"embeddable":true,"href":"https:\/\/blog.cancaonova.com\/felipeaquino\/wp-json\/wp\/v2\/comments?post=6531"}],"version-history":[{"count":2,"href":"https:\/\/blog.cancaonova.com\/felipeaquino\/wp-json\/wp\/v2\/posts\/6531\/revisions"}],"predecessor-version":[{"id":15652,"href":"https:\/\/blog.cancaonova.com\/felipeaquino\/wp-json\/wp\/v2\/posts\/6531\/revisions\/15652"}],"wp:attachment":[{"href":"https:\/\/blog.cancaonova.com\/felipeaquino\/wp-json\/wp\/v2\/media?parent=6531"}],"wp:term":[{"taxonomy":"category","embeddable":true,"href":"https:\/\/blog.cancaonova.com\/felipeaquino\/wp-json\/wp\/v2\/categories?post=6531"},{"taxonomy":"post_tag","embeddable":true,"href":"https:\/\/blog.cancaonova.com\/felipeaquino\/wp-json\/wp\/v2\/tags?post=6531"}],"curies":[{"name":"wp","href":"https:\/\/api.w.org\/{rel}","templated":true}]}}