{"id":6881,"date":"2008-06-19T01:50:59","date_gmt":"2008-06-18T22:50:59","guid":{"rendered":"http:\/\/blog.cancaonova.com\/felipeaquino\/2008\/06\/19\/cnbb-quer-exportar-mst-para-a-africa\/"},"modified":"2008-06-20T04:06:53","modified_gmt":"2008-06-20T01:06:53","slug":"cnbb-quer-exportar-mst-para-a-africa","status":"publish","type":"post","link":"https:\/\/blog.cancaonova.com\/felipeaquino\/2008\/06\/19\/cnbb-quer-exportar-mst-para-a-africa\/","title":{"rendered":"CNBB quer exportar MST para a \u00c1frica?"},"content":{"rendered":"<p>O jornal<strong> \u201cEstado de S\u00e3o Paulo\u201d <\/strong>publicou em 17 junho 2008 uma mat\u00e9ria com o t\u00edtulo acima, dizendo entre outras coisas, que<strong> \u201c<\/strong>Grupo de representantes da Confer\u00eancia Episcopal Africana chega em julho para conhecer o \u00a0funcionamento da CPT (Comiss\u00e3o Pastoral da Terra)&#8221;, que fomenta as invas\u00f5es de terra, infelizmente.<\/p>\n<p>\u00a0<strong><a href=\"http:\/\/www.estadao.com.br\/estadaodehoje\/20080617\/not_imp190821,0.php\">http:\/\/www.estadao.com.br\/estadaodehoje\/20080617\/not_imp190821,0.php<\/a><\/strong><\/p>\n<p>Logo que li esta mat\u00e9ria, me lembrei de uma Entrevista que o ex-Presidente a CNBB, D. Geraldo Majela Agnelo, deu \u00e0 <strong>\u201cFolha de S\u00e3o Paulo\u201d.<\/strong>O rep\u00f3rter do Jornal lhe perguntou:<\/p>\n<p>\u00a0<strong>\u201c<\/strong><strong>Folha<\/strong> &#8211; A CPT ap\u00f3ia invas\u00f5es do MST. Como o senhor v\u00ea isso? A resposta de D. Geraldo foi:<\/p>\n<p><strong>Dom Geraldo<\/strong> \u2013 <strong>\u201cAs pastorais s\u00e3o ligadas \u00e0 CNBB, mas n\u00e3o refletem a posi\u00e7\u00e3o e o pensamento oficial da institui\u00e7\u00e3o\u201d.<\/strong><\/p>\n<p>Ent\u00e3o, \u00e9 preciso ficar claro para o bom povo cat\u00f3lico que as Pastorais, mesmo que ligadas \u00e0 CNBB \u00a0(&#8230;) n\u00e3o podem falar em nome dela. Quem fala por Ela s\u00e3o todos os bispos em conjunto, ou o Conselho Permanente, ou o seu Presidente, ou o seu\u00a0 Secret\u00e1rio Geral.<\/p>\n<p>Segundo o Estad\u00e3o, \u201cde acordo com explica\u00e7\u00f5es do padre Nelito Dornelas, assessor da CNBB para o setor de Supera\u00e7\u00e3o da Mis\u00e9ria e da Fome e um dos encarregados de organizar a visita, os africanos v\u00eam aprender com os brasileiros\u201d. &#8220;Querem implantar l\u00e1 a metodologia desenvolvida pela CPT&#8221;, disse o padre. &#8220;Tamb\u00e9m est\u00e3o interessados em ter mission\u00e1rios brasileiros que ajudem os trabalhadores rurais a organizarem seus movimentos, como foi feito no Brasil. Como se sabe, o MST \u00e9 filho da CPT.&#8221;<\/p>\n<p>A reportagem diz ainda que: \u201cPor fora da \u00e1rea oficial da Igreja, o MST j\u00e1 tenta manter contatos com os sul-africanos, especialmente com seu equivalente no pa\u00eds, o Movimento dos Camponeses Sem-Terra, criado em 2002. Os contatos s\u00e3o feitos por meio da <strong>Via Campesina,<\/strong> organiza\u00e7\u00e3o internacional que tenta estimular a\u00e7\u00f5es pela reforma agr\u00e1ria e contra o agroneg\u00f3cio em v\u00e1rias partes do mundo\u201d.Confesso que n\u00e3o consigo entender como uma Pastoral (CPT) ligada \u00e0 CNBB, fomenta um movimento (MST), que nem legalizado \u00e9, e que promove invas\u00e3o de propriedades alheias, quando sabemos que por duas vezes, no m\u00ednimo, o Papa Jo\u00e3o Paulo II condenou radicalmente esta a\u00e7\u00e3o. Veja o que\u00a0 o Papa disse.<\/p>\n<p>1 \u2013 Ao segundo grupo de Bispos do Brasil, provenientes do Regional Sul l da CNBB, na visita \u201cad limina Apostolorum\u201d de 13 a 28 de Mar\u00e7o de 1996:<\/p>\n<p>\u201cRecordo, igualmente, as palavras do meu predecessor Le\u00e3o XIII quando ensina que \u201cnem a justi\u00e7a, nem o bem comum consentem danificar algu\u00e9m ou invadir a sua propriedade sob nenhum pretexto\u201d (RN, 55).<strong> <u>A Igreja n\u00e3o pode estimular, inspirar ou apoiar as iniciativas ou movimentos de ocupa\u00e7\u00e3o de terras, quer por invas\u00f5es pelo uso da for\u00e7a, quer pela penetra\u00e7\u00e3o sorrateira das propriedades agr\u00edcolas\u201d. <\/u><\/strong>(g.m.) (n.5)<\/p>\n<p><strong>2 &#8211; Discurso em 26\/nov\/2002 aos bispos do Brasil:<\/strong>&#8220;Para alcan\u00e7ar a justi\u00e7a social se requer muito mais do que a simples aplica\u00e7\u00e3o de esquemas ideol\u00f3gicos originados pela luta de classes como, por exemplo,<strong> <u>atrav\u00e9s da invas\u00e3o de terras &#8211; j\u00e1 reprovada na minha viagem pastoral em 1991 &#8211;<\/u> <\/strong>e de edif\u00edcios p\u00fablicos e privados, ou por n\u00e3o citar outros, a ado\u00e7\u00e3o de medidas t\u00e9cnicas extremas, que podem ter conseq\u00fc\u00eancias bem mais graves do que a injusti\u00e7a do que pretendiam resolver&#8221;.<\/p>\n<p>Jo\u00e3o Paulo II deixa claro que \u201cinvas\u00e3o de terras e de outras propriedades&#8221;, \u00e9 t\u00e9cnica da luta de classes, motor do marxismo, t\u00e3o condenado pelos Papas in\u00fameras vezes.\u00a0<\/p>\n<p>Infelizmente a Palavra do Papa parece \u00a0n\u00e3o \u00a0valer mais nada \u00a0para a CPT e outras pastorais. Come\u00e7a ai o perigo para a Igreja. \u00a0N\u00e3o d\u00e1 para entender.<\/p>\n<p>Prof. Felipe Aquino \u2013 <a href=\"http:\/\/www.cleofas.com.br\/\">www.cleofas.com.br<\/a>\u00a0\u00a0<\/p>\n<!-- AddThis Advanced Settings generic via filter on the_content --><!-- AddThis Share Buttons generic via filter on the_content -->","protected":false},"excerpt":{"rendered":"<p>O jornal \u201cEstado de S\u00e3o Paulo\u201d publicou em 17 junho 2008 uma mat\u00e9ria com o t\u00edtulo acima, dizendo entre outras coisas, que \u201cGrupo de representantes da Confer\u00eancia Episcopal Africana chega em julho para conhecer o \u00a0funcionamento da CPT (Comiss\u00e3o Pastoral&#8230;<!-- AddThis Advanced Settings generic via filter on get_the_excerpt --><!-- AddThis Share Buttons generic via filter on get_the_excerpt --><\/p>\n","protected":false},"author":29,"featured_media":0,"comment_status":"open","ping_status":"open","sticky":false,"template":"","format":"standard","meta":{"_mi_skip_tracking":false,"_monsterinsights_sitenote_active":false,"_monsterinsights_sitenote_note":"","_monsterinsights_sitenote_category":0,"footnotes":""},"categories":[7041],"tags":[],"_links":{"self":[{"href":"https:\/\/blog.cancaonova.com\/felipeaquino\/wp-json\/wp\/v2\/posts\/6881"}],"collection":[{"href":"https:\/\/blog.cancaonova.com\/felipeaquino\/wp-json\/wp\/v2\/posts"}],"about":[{"href":"https:\/\/blog.cancaonova.com\/felipeaquino\/wp-json\/wp\/v2\/types\/post"}],"author":[{"embeddable":true,"href":"https:\/\/blog.cancaonova.com\/felipeaquino\/wp-json\/wp\/v2\/users\/29"}],"replies":[{"embeddable":true,"href":"https:\/\/blog.cancaonova.com\/felipeaquino\/wp-json\/wp\/v2\/comments?post=6881"}],"version-history":[{"count":0,"href":"https:\/\/blog.cancaonova.com\/felipeaquino\/wp-json\/wp\/v2\/posts\/6881\/revisions"}],"wp:attachment":[{"href":"https:\/\/blog.cancaonova.com\/felipeaquino\/wp-json\/wp\/v2\/media?parent=6881"}],"wp:term":[{"taxonomy":"category","embeddable":true,"href":"https:\/\/blog.cancaonova.com\/felipeaquino\/wp-json\/wp\/v2\/categories?post=6881"},{"taxonomy":"post_tag","embeddable":true,"href":"https:\/\/blog.cancaonova.com\/felipeaquino\/wp-json\/wp\/v2\/tags?post=6881"}],"curies":[{"name":"wp","href":"https:\/\/api.w.org\/{rel}","templated":true}]}}