{"id":7191,"date":"2008-07-28T21:42:08","date_gmt":"2008-07-28T18:42:08","guid":{"rendered":"http:\/\/blog.cancaonova.com\/felipeaquino\/2008\/07\/28\/lancamento-o-glorioso-sao-jose\/"},"modified":"2014-05-26T11:10:32","modified_gmt":"2014-05-26T14:10:32","slug":"lancamento-o-glorioso-sao-jose","status":"publish","type":"post","link":"https:\/\/blog.cancaonova.com\/felipeaquino\/2008\/07\/28\/lancamento-o-glorioso-sao-jose\/","title":{"rendered":"Lan\u00e7amento: O GLORIOSO S\u00c3O JOS\u00c9"},"content":{"rendered":"<p><a href=\"http:\/\/loja.cleofas.com.br\/o-glorioso-s-o-jose.html\" target=\"_blank\"><img loading=\"lazy\" decoding=\"async\" class=\"aligncenter size-full wp-image-15663\" alt=\"cpa_o_glorioso_s_o_jos_\" src=\"http:\/\/blog.cancaonova.com\/felipeaquino\/files\/2008\/07\/cpa_o_glorioso_s_o_jos_.jpg\" width=\"175\" height=\"260\" \/><\/a><\/p>\n<p>O Papa Pio IX proclamou, em 8 de dezembro de 1870, S\u00e3o Jos\u00e9 Patrono universal da Igreja, colocando-o sob o seu patroc\u00ednio e prote\u00e7\u00e3o, naqueles tempos dif\u00edceis. Hoje a Igreja atravessa novamente tempos agitados, onde um laicismo anti-cat\u00f3lico a amea\u00e7a de todos os lados, tentando-a excluir da vida p\u00fablica e amorda\u00e7\u00e1-la para que n\u00e3o anuncie a mensagem salvadora de Nosso Senhor Jesus Cristo. As trevas do pecado e da morte, agitadas pelo Inferno, investem contra ela. Mais do que nunca precisamos recorrer a S\u00e3o Jos\u00e9; pois, assim como ele soube livrar o Menino Jesus, Cabe\u00e7a da Igreja, das garras assassinas de Herodes, saber\u00e1 tamb\u00e9m proteger o Corpo de Cristo, a Sua Esposa Santa, das persegui\u00e7\u00f5es que hoje ela sofre. Precisamos conhecer a vida, as virtudes, a gl\u00f3ria e os m\u00e9ritos do glorioso S\u00e3o Jos\u00e9; e nos refugiarmos sob a sua poderosa prote\u00e7\u00e3o. Como os grandes santos da Igreja \u00e9 preciso rogar: S\u00e3o Jos\u00e9, valei-nos!<\/p>\n<p><strong>Texto da orelha do livro<\/strong>:<\/p>\n<p>Assim como Deus escolheu a Virgem Sant\u00edssima para M\u00e3e do Seu Filho encarnado, da mesma forma escolheu S\u00e3o Jos\u00e9, o mais santo dos var\u00f5es, para ser o pai adotivo do Menino Deus; isto \u00e9, ele fez o papel de representante do pr\u00f3prio Pai celeste na vida de Jesus. Basta isso para se perceber a grandeza e a santidade desse Homem especial que Deus escolheu para guarda dos seus maiores tesouros neste mundo: Jesus e Maria.<\/p>\n<p>E porque S\u00e3o Jos\u00e9 cumpriu fielmente sua miss\u00e3o de pai adotivo, nutr\u00edcio, de Jesus, hoje no C\u00e9u contempla a gl\u00f3ria de Deus, intercedendo por n\u00f3s. Os grandes Padres da Igreja, bem como Santa Teresa de \u00c1vila, s\u00e3o un\u00e2nimes em afirmar que diante de Deus ele consegue todas as gra\u00e7as que solicita em nosso favor.<\/p>\n<p>Por isso, \u00e9 fundamental que todo cat\u00f3lico conhe\u00e7a a vida e as virtudes do glorioso Patrono universal da Igreja, e possa ser-lhe fiel devoto. Este livro vai ajud\u00e1-lo a amar mais ainda a S\u00e3o Jos\u00e9 e ser-lhe fervoroso devoto.<\/p>\n<p><strong>Ficha T\u00e9cnica<\/strong><br \/>\nEditora: Cl\u00e9ofas<br \/>\nISBN: 978-85-88158-41-2<br \/>\nAno: 2008<br \/>\nEdi\u00e7\u00e3o: 1<br \/>\nN\u00famero de p\u00e1ginas: 200<br \/>\nIdioma: Portugu\u00eas (BR)<br \/>\nAcabamento: Brochura<br \/>\nFormato: 14&#215;21 cml<\/p>\n<!-- AddThis Advanced Settings generic via filter on the_content --><!-- AddThis Share Buttons generic via filter on the_content -->","protected":false},"excerpt":{"rendered":"<p>O Papa Pio IX proclamou, em 8 de dezembro de 1870, S\u00e3o Jos\u00e9 Patrono universal da Igreja, colocando-o sob o seu patroc\u00ednio e prote\u00e7\u00e3o, naqueles tempos dif\u00edceis. Hoje a Igreja atravessa novamente tempos agitados, onde um laicismo anti-cat\u00f3lico a amea\u00e7a&#8230;<!-- AddThis Advanced Settings generic via filter on get_the_excerpt --><!-- AddThis Share Buttons generic via filter on get_the_excerpt --><\/p>\n","protected":false},"author":29,"featured_media":0,"comment_status":"open","ping_status":"open","sticky":false,"template":"","format":"standard","meta":{"_mi_skip_tracking":false,"_monsterinsights_sitenote_active":false,"_monsterinsights_sitenote_note":"","_monsterinsights_sitenote_category":0,"footnotes":""},"categories":[57],"tags":[],"_links":{"self":[{"href":"https:\/\/blog.cancaonova.com\/felipeaquino\/wp-json\/wp\/v2\/posts\/7191"}],"collection":[{"href":"https:\/\/blog.cancaonova.com\/felipeaquino\/wp-json\/wp\/v2\/posts"}],"about":[{"href":"https:\/\/blog.cancaonova.com\/felipeaquino\/wp-json\/wp\/v2\/types\/post"}],"author":[{"embeddable":true,"href":"https:\/\/blog.cancaonova.com\/felipeaquino\/wp-json\/wp\/v2\/users\/29"}],"replies":[{"embeddable":true,"href":"https:\/\/blog.cancaonova.com\/felipeaquino\/wp-json\/wp\/v2\/comments?post=7191"}],"version-history":[{"count":2,"href":"https:\/\/blog.cancaonova.com\/felipeaquino\/wp-json\/wp\/v2\/posts\/7191\/revisions"}],"predecessor-version":[{"id":15664,"href":"https:\/\/blog.cancaonova.com\/felipeaquino\/wp-json\/wp\/v2\/posts\/7191\/revisions\/15664"}],"wp:attachment":[{"href":"https:\/\/blog.cancaonova.com\/felipeaquino\/wp-json\/wp\/v2\/media?parent=7191"}],"wp:term":[{"taxonomy":"category","embeddable":true,"href":"https:\/\/blog.cancaonova.com\/felipeaquino\/wp-json\/wp\/v2\/categories?post=7191"},{"taxonomy":"post_tag","embeddable":true,"href":"https:\/\/blog.cancaonova.com\/felipeaquino\/wp-json\/wp\/v2\/tags?post=7191"}],"curies":[{"name":"wp","href":"https:\/\/api.w.org\/{rel}","templated":true}]}}