{"id":7495,"date":"2008-09-18T23:28:22","date_gmt":"2008-09-18T20:28:22","guid":{"rendered":"http:\/\/blog.cancaonova.com\/felipeaquino\/2008\/09\/18\/nao-existe-incompatibilidade-entre-darwin-e-a-biblia\/"},"modified":"2008-09-18T23:28:22","modified_gmt":"2008-09-18T20:28:22","slug":"nao-existe-incompatibilidade-entre-darwin-e-a-biblia","status":"publish","type":"post","link":"https:\/\/blog.cancaonova.com\/felipeaquino\/2008\/09\/18\/nao-existe-incompatibilidade-entre-darwin-e-a-biblia\/","title":{"rendered":"N\u00e3o existe incompatibilidade entre Darwin e a B\u00edblia"},"content":{"rendered":"<p>O debate sobre a teoria da evolu\u00e7\u00e3o \u00e9 cada vez mais forte, tanto no \u00e2mbito crist\u00e3o como no estritamente evolucionista, e cientistas, fil\u00f3sofos e te\u00f3logos crist\u00e3os est\u00e3o diretamente envolvidos no debate. Mais uma vez uma autoridade da Santa S\u00e9 declara que a Igreja aceita a teoria da evolu\u00e7\u00e3o, desde que guiada por Deus. Desta vez foi o presidente do Conselho Pontif\u00edcio para a Cultura e tamb\u00e9m presidente da Comiss\u00e3o Pontif\u00edcia para os Bens Culturais da Igreja, arcebispo Gianfranco Ravasi quem se manifestou, no 17 de setembro de 2008 (<a href=\"http:\/\/www.zenit.org\/\">ZENIT.org<\/a>).\u00a0<\/p>\n<p>Dom Ravasi recordou dois pronunciamentos hist\u00f3ricos sobre a evolu\u00e7\u00e3o do Magist\u00e9rio pontif\u00edcio: a enc\u00edclica <em>Humani Generis,<\/em> de Pio XII, de 12 de agosto de 1950, e a Mensagem de Jo\u00e3o Paulo II \u00e0 Plen\u00e1ria da Academia Pontif\u00edcia de Ci\u00eancias, de 22 de outubro de 1996. Entre outras coisas afirmou que \u201cN\u00e3o existe \u00aba priori\u00bb incompatibilidade entre as teses de Charles Darwin e a B\u00edblia\u201d,\u00a0 ao apresentar um Congresso Internacional que ser\u00e1 realizado em Roma de 3 a 7 de mar\u00e7o, sobre esse assunto: \u00abEvolu\u00e7\u00e3o biol\u00f3gica: fatos e teorias. Uma avalia\u00e7\u00e3o cr\u00edtica 150 anos depois de \u2018A origem das esp\u00e9cies\u2019\u00bb, de Charles Darwin, e que reunir\u00e1 em Roma fil\u00f3sofos, te\u00f3logos e cientistas de renome internacional. O Congresso busca criar um di\u00e1logo entre filosofia, teologia e ci\u00eancia.D. Gianfrando disse que Darwin \u00abnunca foi condenado, \u2018A origem das esp\u00e9cies\u2019 n\u00e3o est\u00e1 no \u00cdndice (de livros proibidos), mas sobretudo h\u00e1 pronunciamentos muito significativos com rela\u00e7\u00e3o \u00e0 evolu\u00e7\u00e3o por parte do pr\u00f3prio Magist\u00e9rio eclesial\u00bb. O Congresso foi organizado conjuntamente pela Pontif\u00edcia Universidade Gregoriana (Roma) e pela Universidade de Notre-Dame (Indiana, EUA), sob o patroc\u00ednio do Conselho Pontif\u00edcio para a Cultura, no \u00e2mbito do projeto STOQ (<em>Science, Theology and the Ontological Quest<\/em> \u2013 Ci\u00eancia, Teologia e Pesquisa Ontol\u00f3gica). Este projeto busca criar uma ponte filos\u00f3fica entre ci\u00eancia e teologia atrav\u00e9s de programas de estudo, cursos universit\u00e1rios, ciclos de confer\u00eancias, publica\u00e7\u00f5es cient\u00edficas, etc. Fazem parte do mesmo universidades pontif\u00edcias de Roma e alguns dos maiores cientistas do mundo. D. Gianfranco Ravasi disse que \u201c\u00e9 necess\u00e1rio um ato de humildade tamb\u00e9m por parte do te\u00f3logo, que deve escutar e aprender; por outro lado, \u00e9 necess\u00e1rio superar a arrog\u00e2ncia de alguns cientistas que esbofeteiam quem tem f\u00e9 e que consideram a f\u00e9 e a teologia como uma heran\u00e7a de um paleol\u00edtico intelectual.\u00bbA Igreja aceita a teoria de evolu\u00e7\u00e3o se esta for de fato comprovada cientificamente, apenas n\u00e3o abre m\u00e3o de duas premissas: 1 \u2013 se houve a evolu\u00e7\u00e3o, como tudo indica, esta foi querida\u00a0 e guiada por Deus at\u00e9 o surgimento do ser humano na terra; 2 \u2013 este recebeu de Deus a alma imortal; esta n\u00e3o foi fruto da evolu\u00e7\u00e3o. \u00a0<\/p>\n<p>Prof. Felipe Aquino \u2013 <a href=\"http:\/\/www.cleofas.com.br\/\">www.cleofas.com.br<\/a>\u00a0<\/p>\n<!-- AddThis Advanced Settings generic via filter on the_content --><!-- AddThis Share Buttons generic via filter on the_content -->","protected":false},"excerpt":{"rendered":"<p>O debate sobre a teoria da evolu\u00e7\u00e3o \u00e9 cada vez mais forte, tanto no \u00e2mbito crist\u00e3o como no estritamente evolucionista, e cientistas, fil\u00f3sofos e te\u00f3logos crist\u00e3os est\u00e3o diretamente envolvidos no debate. Mais uma vez uma autoridade da Santa S\u00e9 declara&#8230;<!-- AddThis Advanced Settings generic via filter on get_the_excerpt --><!-- AddThis Share Buttons generic via filter on get_the_excerpt --><\/p>\n","protected":false},"author":29,"featured_media":0,"comment_status":"open","ping_status":"open","sticky":false,"template":"","format":"standard","meta":{"_mi_skip_tracking":false,"_monsterinsights_sitenote_active":false,"_monsterinsights_sitenote_note":"","_monsterinsights_sitenote_category":0,"footnotes":""},"categories":[65],"tags":[],"_links":{"self":[{"href":"https:\/\/blog.cancaonova.com\/felipeaquino\/wp-json\/wp\/v2\/posts\/7495"}],"collection":[{"href":"https:\/\/blog.cancaonova.com\/felipeaquino\/wp-json\/wp\/v2\/posts"}],"about":[{"href":"https:\/\/blog.cancaonova.com\/felipeaquino\/wp-json\/wp\/v2\/types\/post"}],"author":[{"embeddable":true,"href":"https:\/\/blog.cancaonova.com\/felipeaquino\/wp-json\/wp\/v2\/users\/29"}],"replies":[{"embeddable":true,"href":"https:\/\/blog.cancaonova.com\/felipeaquino\/wp-json\/wp\/v2\/comments?post=7495"}],"version-history":[{"count":0,"href":"https:\/\/blog.cancaonova.com\/felipeaquino\/wp-json\/wp\/v2\/posts\/7495\/revisions"}],"wp:attachment":[{"href":"https:\/\/blog.cancaonova.com\/felipeaquino\/wp-json\/wp\/v2\/media?parent=7495"}],"wp:term":[{"taxonomy":"category","embeddable":true,"href":"https:\/\/blog.cancaonova.com\/felipeaquino\/wp-json\/wp\/v2\/categories?post=7495"},{"taxonomy":"post_tag","embeddable":true,"href":"https:\/\/blog.cancaonova.com\/felipeaquino\/wp-json\/wp\/v2\/tags?post=7495"}],"curies":[{"name":"wp","href":"https:\/\/api.w.org\/{rel}","templated":true}]}}