{"id":7729,"date":"2009-05-24T16:18:17","date_gmt":"2009-05-24T13:18:17","guid":{"rendered":"http:\/\/blog.cancaonova.com\/felipeaquino\/?p=7729"},"modified":"2009-05-24T16:18:17","modified_gmt":"2009-05-24T13:18:17","slug":"a-conversao-de-voltaire","status":"publish","type":"post","link":"https:\/\/blog.cancaonova.com\/felipeaquino\/2009\/05\/24\/a-conversao-de-voltaire\/","title":{"rendered":"A CONVERS\u00c3O DE VOLTAIRE"},"content":{"rendered":"<p class=\"MsoNormal\" style=\"margin: 0cm 0cm 0pt;text-align: justify\"><span style=\"font-size: 14pt;font-family: Arial\">Por: <strong>Carlos Valverde<\/strong><\/span><\/p>\n<p class=\"MsoNormal\" style=\"margin: 0cm 0cm 0pt;text-align: justify\"><span style=\"font-size: 14pt;font-family: Arial\"><br \/>\n<\/span>\n<\/p>\n<p class=\"MsoNormal\" style=\"margin: 0cm 0cm 0pt;text-align: justify\"><strong><span style=\"font-size: 14pt;font-family: Arial\">30 DE MAIO DO ANO 1778:<\/span><\/strong><span style=\"font-size: 14pt;font-family: Arial\"> A investiga\u00e7\u00e3o de documentos antigos sempre mostra surpresas. A \u00faltima me veio ao folhear o tomo XII de uma velha revista francesa, Correspondance Litt\u00e9rairer, Philosophique et Critique (1753-1793), monumento riqu\u00edssimo para conhecer o s\u00e9culo do Iluminismo e o come\u00e7o da Grande Revolu\u00e7\u00e3o. <\/span><\/p>\n<p class=\"MsoNormal\" style=\"margin: 0cm 0cm 0pt;text-align: justify\"><span style=\"font-size: 14pt;font-family: Arial\">\u00a0<\/span><\/p>\n<p class=\"MsoNormal\" style=\"margin: 0cm 0cm 0pt;text-align: justify\"><span style=\"font-size: 14pt;font-family: Arial\">Todos sabemos quem foi Voltaire: o pior inimigo que teve o cristianismo naquele s\u00e9culo XVIII, em que emitia cr\u00edticas cru\u00e9is. Com os anos crescia seu \u00f3dio ao cristianismo e a Igreja. Era nele uma obsess\u00e3o. Cada noite cria haver afastado a inf\u00e2mia e cada manh\u00e3 sentia a necessidade de voltar a declarar: o Evangelho s\u00f3 havia trazido desgra\u00e7as sobre a Terra. <\/span><\/p>\n<p class=\"MsoNormal\" style=\"margin: 0cm 0cm 0pt;text-align: justify\"><span style=\"font-size: 14pt;font-family: Arial\">\u00a0<\/span><\/p>\n<p class=\"MsoNormal\" style=\"margin: 0cm 0cm 0pt;text-align: justify\"><span style=\"font-size: 14pt;font-family: Arial\">Manejou como ningu\u00e9m a ironia e o sarcasmo em seus in\u00fameros escritos, chegando at\u00e9 o inomin\u00e1vel e o degradante. Lhe chamaram de o anticristo. Foi o mestre de gera\u00e7\u00f5es inteiras incapazes de compreender os valores superiores do cristianismo, cujo desaparecimento prejudica e empobrece a humanidade. <\/span><\/p>\n<p class=\"MsoNormal\" style=\"margin: 0cm 0cm 0pt;text-align: justify\"><span style=\"font-size: 14pt;font-family: Arial\">\u00a0<\/span><\/p>\n<p class=\"MsoNormal\" style=\"margin: 0cm 0cm 0pt;text-align: justify\"><span style=\"font-size: 14pt;font-family: Arial\">Pois bem, no n\u00famero de abril de 1778 da revista francesa acima citada (p\u00e1ginas 87-88) se encontra nada menos que a c\u00f3pia da profiss\u00e3o de f\u00e9 de M. Voltaire. Literalmente diz assim: <\/span><\/p>\n<p class=\"MsoNormal\" style=\"margin: 0cm 0cm 0pt;text-align: justify\"><span style=\"font-size: 14pt;font-family: Arial\">\u00a0<\/span><\/p>\n<p class=\"MsoNormal\" style=\"margin: 0cm 0cm 0pt;text-align: justify\"><span style=\"font-size: 14pt;font-family: Arial\">\u00abEu, o que escreve, declaro que havendo sofrido um v\u00f4mito de sangue faz quatro dias, na idade de oitenta e quatro anos e n\u00e3o havendo podido ir \u00e0 igreja, o p\u00e1roco de S\u00e3o Supl\u00edcio quis de bom grado me enviar a M. Gautier, sacerdote. Eu me confessei com ele, se Deus me perdoava, morro na santa religi\u00e3o cat\u00f3lica em que nasci esperando a miseric\u00f3rdia divina que se dignar\u00e1 a perdoar todas minhas faltas, e que se tenho escandalizado a Igreja, pe\u00e7o perd\u00e3o a Deus e a ela. <\/span><\/p>\n<p class=\"MsoNormal\" style=\"margin: 0cm 0cm 0pt;text-align: justify\"><span style=\"font-size: 14pt;font-family: Arial\">Assinado: Voltaire, 2 de mar\u00e7o de 1778 na casa do marqu\u00e9s de Villete, na presen\u00e7a do senhor abade Mignot, meu sobrinho e do senhor marqu\u00e9s de Villevielle. Meu amigo\u00bb. <\/span><\/p>\n<p class=\"MsoNormal\" style=\"margin: 0cm 0cm 0pt;text-align: justify\"><span style=\"font-size: 14pt;font-family: Arial\">Assinam tamb\u00e9m: o abade Mignot, Villevielle. Acrescenta: <\/span><\/p>\n<p class=\"MsoNormal\" style=\"margin: 0cm 0cm 0pt;text-align: justify\"><span style=\"font-size: 14pt;font-family: Arial\">\u00abDeclaramos a presente c\u00f3pia conforme a original, que foi entregue \u00e0s m\u00e3os do senhor abade Gauthier e que ambos confirmamos e que ambos temos firmado, como firmamos o presente certificado. Paris, 27 de maio de 1778. Abate Mignot, Villevielle\u00bb. <\/span><\/p>\n<p class=\"MsoNormal\" style=\"margin: 0cm 0cm 0pt;text-align: justify\"><span style=\"font-size: 14pt;font-family: Arial\">\u00a0<\/span><\/p>\n<p class=\"MsoNormal\" style=\"margin: 0cm 0cm 0pt;text-align: justify\"><span style=\"font-size: 14pt;font-family: Arial\">Que a rela\u00e7\u00e3o pode estimar-se como aut\u00eantica o demonstram outros documentos que se encontram no n\u00famero de junho da mesma revista &#8211; nada clerical, por certo -, pois estava editada por Grimm, Diderot e outros enciclopedistas. <\/span><\/p>\n<p class=\"MsoNormal\" style=\"margin: 0cm 0cm 0pt;text-align: justify\"><span style=\"font-size: 14pt;font-family: Arial\">\u00a0<\/span><\/p>\n<p class=\"MsoNormal\" style=\"margin: 0cm 0cm 0pt;text-align: justify\"><span style=\"font-size: 14pt;font-family: Arial\">Voltaire morreu em 30 de maio de 1778. A revista lhe exalta como &#8220;o maior, o mais ilustre e talvez o \u00fanico monumento desta \u00e9poca gloriosa em que todos os talentos, todas as artes do esp\u00edrito humano pareciam haver se elevado ao mais alto grau de sua perfei\u00e7\u00e3o&#8221;. <\/span><\/p>\n<p class=\"MsoNormal\" style=\"margin: 0cm 0cm 0pt;text-align: justify\"><span style=\"font-size: 14pt;font-family: Arial\">\u00a0<\/span><\/p>\n<p class=\"MsoNormal\" style=\"margin: 0cm 0cm 0pt;text-align: justify\"><span style=\"font-size: 14pt;font-family: Arial\">A fam\u00edlia quis que seus restos repousassem na abadia de Scellieres. A 2 de junho, o bispo de Troyes, em uma breve nota, pro\u00edbe severamente ao prior da abadia que enterre no sagrado o corpo de Voltaire. A 3 o prior responde ao bispo que seu aviso chega tarde, porque &#8211; efetivamente &#8211; j\u00e1 tinha sido enterrado na abadia. <\/span><\/p>\n<p class=\"MsoNormal\" style=\"margin: 0cm 0cm 0pt;text-align: justify\"><span style=\"font-size: 14pt;font-family: Arial\">\u00a0<\/span><\/p>\n<p class=\"MsoNormal\" style=\"margin: 0cm 0cm 0pt;text-align: justify\"><span style=\"font-size: 14pt;font-family: Arial\">A carta do prior \u00e9 longa e muito interessante pelos dados que cont\u00eam. Eis o que mais nos interessa agora: a fam\u00edlia pede que ele seja enterrado na cripta da abadia at\u00e9 que possa ser trasladado ao castelo de Ferney. O abade Mignot apresenta ao prior o consentimento firmado pelo p\u00e1roco de S\u00e3o Supl\u00edcio e uma c\u00f3pia &#8211; assinada tamb\u00e9m pelo p\u00e1roco &#8211; &#8220;da profiss\u00e3o de f\u00e9 cat\u00f3lica, apost\u00f3lica e romana que M. Voltaire tem feito nas m\u00e3os de seu sacerdote, aprovado na presen\u00e7a de duas testemunhas, das quais uma \u00e9 M. Mignot, nosso abade, sobrinho do penitente e outro, o senhor marqu\u00eas de Villevielle (&#8230;) Segundo estes documentos, que me pareceram e ainda me parecem aut\u00eanticos &#8211; continua o prior &#8211; penso que faltaria com meu dever de pastor se lhe houvesse recusado os recursos espirituais. (&#8230;) Nem me passou pelo pensamento que o p\u00e1roco de S\u00e3o Supl\u00edcio houvesse podido negar a sepultura a um homem cuja profiss\u00e3o de f\u00e9 havia legalizado (&#8230;). Creio que n\u00e3o se pode recusar a sepultura a qualquer homem que morra no seio da Igreja (&#8230;) Depois do meio-dia, o abade Mignot tem feito na igreja a apresenta\u00e7\u00e3o solene do corpo de seu tio. Cantamos as v\u00e9speras dos defuntos; o corpo permaneceu a noite toda rodeado de c\u00edrios. Pela manh\u00e3, todos os eclesi\u00e1sticos dos arredores (&#8230;) tem dito uma missa na presen\u00e7a do corpo e eu celebrei uma missa solene \u00e0s onze, antes da inuma\u00e7\u00e3o (&#8230;) A fam\u00edlia de M. Voltaire partiu esta manh\u00e3 contente das honras rendidas a sua mem\u00f3ria e das ora\u00e7\u00f5es que temos elevado a Deus pelo descanso de sua alma. Eis aqui os fatos, monsenhor, na mais exata verdade&#8221;. <\/span><\/p>\n<p class=\"MsoNormal\" style=\"margin: 0cm 0cm 0pt;text-align: justify\"><span style=\"font-size: 14pt;font-family: Arial\">\u00a0<\/span><\/p>\n<p class=\"MsoNormal\" style=\"margin: 0cm 0cm 0pt;text-align: justify\"><span style=\"font-size: 14pt;font-family: Arial\">Assim me parece que passou deste mundo ao outro aquele homem que empregou seu tem\u00edvel e fecundo g\u00eanio em combater ferozmente a Igreja. A Revolu\u00e7\u00e3o Francesa (1789) trouxe em triunfo os restos de Voltaire ao pante\u00e3o de Paris &#8211; antiga igreja de Santa Genoveva &#8211; , dedicada aos grandes homens. Na escura cripta, frente a de seu inimigo Rosseau, permanece at\u00e9 hoje a tumba de Voltaire com este epit\u00e1fio: <\/span><\/p>\n<p class=\"MsoNormal\" style=\"margin: 0cm 0cm 0pt;text-align: justify\"><span style=\"font-size: 14pt;font-family: Arial\">\u00a0<\/span><\/p>\n<p class=\"MsoNormal\" style=\"margin: 0cm 0cm 0pt 18pt;text-align: justify\"><span style=\"font-size: 14pt;font-family: Arial\">\u00abAos louros de Voltaire. A Assembl\u00e9ia Nacional decretou em 30 de maio de 1791 que havia merecido as honras dadas aos grandes homens&#8221;. <\/span><\/p>\n<p class=\"MsoNormal\" style=\"margin: 0cm 0cm 0pt;text-align: justify\"><span style=\"font-size: 14pt;font-family: Arial\"><\/span><\/p>\n<p class=\"MsoNormal\" style=\"margin: 0cm 0cm 0pt;text-align: justify\"><span style=\"font-size: 14pt;font-family: Arial\">\u00a0<\/span><\/p>\n<p class=\"MsoNormal\" style=\"margin: 0cm 0cm 0pt;text-align: justify\"><span style=\"font-size: 14pt;font-family: Arial\">\u00a0<\/span><\/p>\n<!-- AddThis Advanced Settings generic via filter on the_content --><!-- AddThis Share Buttons generic via filter on the_content -->","protected":false},"excerpt":{"rendered":"<p>Por: Carlos Valverde 30 DE MAIO DO ANO 1778: A investiga\u00e7\u00e3o de documentos antigos sempre mostra surpresas. A \u00faltima me veio ao folhear o tomo XII de uma velha revista francesa, Correspondance Litt\u00e9rairer, Philosophique et Critique (1753-1793), monumento riqu\u00edssimo para&#8230;<!-- AddThis Advanced Settings generic via filter on get_the_excerpt --><!-- AddThis Share Buttons generic via filter on get_the_excerpt --><\/p>\n","protected":false},"author":29,"featured_media":0,"comment_status":"open","ping_status":"open","sticky":false,"template":"","format":"standard","meta":{"_mi_skip_tracking":false,"_monsterinsights_sitenote_active":false,"_monsterinsights_sitenote_note":"","_monsterinsights_sitenote_category":0,"footnotes":""},"categories":[64],"tags":[],"_links":{"self":[{"href":"https:\/\/blog.cancaonova.com\/felipeaquino\/wp-json\/wp\/v2\/posts\/7729"}],"collection":[{"href":"https:\/\/blog.cancaonova.com\/felipeaquino\/wp-json\/wp\/v2\/posts"}],"about":[{"href":"https:\/\/blog.cancaonova.com\/felipeaquino\/wp-json\/wp\/v2\/types\/post"}],"author":[{"embeddable":true,"href":"https:\/\/blog.cancaonova.com\/felipeaquino\/wp-json\/wp\/v2\/users\/29"}],"replies":[{"embeddable":true,"href":"https:\/\/blog.cancaonova.com\/felipeaquino\/wp-json\/wp\/v2\/comments?post=7729"}],"version-history":[{"count":2,"href":"https:\/\/blog.cancaonova.com\/felipeaquino\/wp-json\/wp\/v2\/posts\/7729\/revisions"}],"predecessor-version":[{"id":7731,"href":"https:\/\/blog.cancaonova.com\/felipeaquino\/wp-json\/wp\/v2\/posts\/7729\/revisions\/7731"}],"wp:attachment":[{"href":"https:\/\/blog.cancaonova.com\/felipeaquino\/wp-json\/wp\/v2\/media?parent=7729"}],"wp:term":[{"taxonomy":"category","embeddable":true,"href":"https:\/\/blog.cancaonova.com\/felipeaquino\/wp-json\/wp\/v2\/categories?post=7729"},{"taxonomy":"post_tag","embeddable":true,"href":"https:\/\/blog.cancaonova.com\/felipeaquino\/wp-json\/wp\/v2\/tags?post=7729"}],"curies":[{"name":"wp","href":"https:\/\/api.w.org\/{rel}","templated":true}]}}