{"id":8935,"date":"2012-08-14T15:35:46","date_gmt":"2012-08-14T18:35:46","guid":{"rendered":"http:\/\/blog.cancaonova.com\/felipeaquino\/?p=8935"},"modified":"2012-08-14T15:36:20","modified_gmt":"2012-08-14T18:36:20","slug":"o-segundo-mandamento","status":"publish","type":"post","link":"https:\/\/blog.cancaonova.com\/felipeaquino\/2012\/08\/14\/o-segundo-mandamento\/","title":{"rendered":"O Segundo Mandamento"},"content":{"rendered":"<p><!--[if gte mso 9]&gt;  Normal 0 21   false false false        MicrosoftInternetExplorer4  &lt;![endif]--><!--[if gte mso 9]&gt;   &lt;![endif]--><!--[if gte mso 10]&gt;--><\/p>\n<p class=\"MsoNormal\" style=\"text-align: justify\"><strong><a href=\"http:\/\/blog.cancaonova.com\/felipeaquino\/files\/2010\/10\/044.jpg\"><img loading=\"lazy\" decoding=\"async\" class=\"size-medium wp-image-11329 alignleft\" style=\"margin: 5px\" src=\"http:\/\/blog.cancaonova.com\/felipeaquino\/files\/2010\/10\/044-300x225.jpg\" alt=\"\" width=\"300\" height=\"225\" srcset=\"https:\/\/blog.cancaonova.com\/felipeaquino\/files\/2010\/10\/044-300x225.jpg 300w, https:\/\/blog.cancaonova.com\/felipeaquino\/files\/2010\/10\/044.jpg 640w\" sizes=\"(max-width: 300px) 100vw, 300px\" \/><\/a>Segundo Mandamento: N\u00e3o pronunciar\u00e1s o nome do Senhor, teu Deus, em     v\u00e3o<\/strong><\/p>\n<p class=\"MsoNormal\" style=\"text-align: justify\"><span style=\"font-size: 10pt;font-family: Arial\">\u201cN\u00e3o pronunciar\u00e1s o nome do Senhor, teu Deus, em v\u00e3o.\u201d (Ex 20,7) O nome do Senhor \u00e9 santo, \u00e9 sagrado, os judeus nem mesmo o pronunciavam, ao inv\u00e9s de Iahweh, diziam Adonai (meu Senhor), por respeito. Por isso o homem n\u00e3o pode abusar do nome de Deus. Deve guard\u00e1-lo na mem\u00f3ria num sil\u00eancio de adora\u00e7\u00e3o amorosa. N\u00e3o far\u00e1 uso dele a n\u00e3o ser para bendiz\u00ea-lo, louv\u00e1-lo e glorific\u00e1-lo. <\/span><\/p>\n<p class=\"MsoNormal\" style=\"text-align: justify\"><span style=\"font-size: 10pt;font-family: Arial\">O segundo mandamento regula o respeito e os sentimentos para com tudo o que \u00e9 sagrado. O crist\u00e3o deve testemunhar o nome do Senhor, confessando sua f\u00e9 sem ceder ao medo e as amea\u00e7as, e defender com zelo tudo o que ensina a Igreja ensina. S\u00e3o Cipriano de Cartago dizia que \u201cquem n\u00e3o tem a Igreja por m\u00e3e, n\u00e3o tem Deus como Pai.\u201d <!--moreContinue lendo...--><\/span><\/p>\n<p class=\"MsoNormal\" style=\"text-align: justify\"><span style=\"font-size: 10pt;font-family: Arial\">O segundo mandamento pro\u00edbe o abuso do nome de Deus,<span> <\/span>de Jesus Cristo, da Virgem Maria e de todos os santos. (Cat. \u00a72146). A blasf\u00eamia \u00e9 pecado grave contra o segundo Mandamento. Ela consiste em proferir contra Deus interior ou exteriormente palavras de \u00f3dio, de ofensa, de desafio. S. Tiago reprova &#8220;os que blasfemam contra o nome sublime (de Jesus) que foi invocado sobre eles&#8221; (Tg 2,7). A proibi\u00e7\u00e3o da blasf\u00eamia se estende \u00e0s palavras contra a Igreja de Cristo, os santos, as coisas sagradas. <\/span><\/p>\n<p class=\"MsoNormal\" style=\"text-align: justify\"><span style=\"font-size: 10pt;font-family: Arial\">Jesus exp\u00f4s o segundo Mandamento no Serm\u00e3o da Montanha: &#8220;Ouvistes o que foi dito aos antigos: &#8216;N\u00e3o perjurar\u00e1s, mas cumprir\u00e1s os teus juramentos para com o Senhor&#8217;. Eu, por\u00e9m, vos digo: n\u00e3o jureis em hip\u00f3tese nenhuma&#8230; Seja o vosso &#8216;sim&#8217;, sim, e o vosso &#8216;n\u00e3o&#8217;, n\u00e3o. O que passa disso vem do Maligno&#8221; (Mt 5,33~34.37). <\/span><\/p>\n<p class=\"MsoNormal\" style=\"text-align: justify\"><span style=\"font-size: 10pt;font-family: Arial\">O segundo Mandamento lembra que o &#8220;nome de Batismo dado a uma crian\u00e7a deve ser o nome de um santo, ou tamb\u00e9m exprimir um mist\u00e9rio crist\u00e3o ou uma virtude crist\u00e3\u201d.<\/span><\/p>\n<p style=\"text-align: center\"><a title=\"Conhe\u00e7a o livro: A Moral Cat\u00f3lica\" href=\"http:\/\/goo.gl\/GWSaL\" target=\"_blank\"><img loading=\"lazy\" decoding=\"async\" class=\"aligncenter size-full wp-image-11330\" src=\"http:\/\/blog.cancaonova.com\/felipeaquino\/files\/2010\/10\/cpa_a_moral_catolica_4ed1.jpg\" alt=\"\" width=\"108\" height=\"165\" \/><\/a><\/p>\n<p class=\"MsoNormal\" style=\"text-align: justify\"><span style=\"font-size: 10pt;font-family: Arial\">O crist\u00e3o come\u00e7a seu dia, suas ora\u00e7\u00f5es e suas a\u00e7\u00f5es com o sinal da cruz, &#8220;em nome do Pai, do Filho e do Esp\u00edrito Santo. Am\u00e9m&#8221;. O sinal da cruz nos fortifica nas tenta\u00e7\u00f5es e nas dificuldades. <\/span><\/p>\n<p class=\"MsoNormal\" style=\"text-align: justify\"><span style=\"font-size: 10pt;font-family: Arial\">Deus chama a cada um por seu nome. O nome de todo homem \u00e9 sagrado. O nome \u00e9 o \u00edcone da pessoa. Exige respeito, em sinal da dignidade de quem o leva. (cf. \u00a72158) Por isso n\u00e3o se deve usar apelidos. O nome recebido \u00e9 um nome eterno. No Reino, o car\u00e1ter misterioso e \u00fanico de cada pessoa marcada com o nome de Deus resplandecer\u00e1 em plena luz. &#8220;Ao vencedor&#8230; darei uma pedrinha branca na qual est\u00e1 escrito um nome novo, que ningu\u00e9m conhece, exceto aquele que o recebe&#8221;. (Ap 2,17) &#8220;Tive esta vis\u00e3o: eis que o Cordeiro estava de p\u00e9 sobre o Monte Si\u00e3o com os cento e quarenta e quatro mil que traziam escrito sobre a fronte o nome dele e o nome de seu Pai&#8221;. (Ap 14,1) (Cat \u00a72159)<\/span><\/p>\n<p class=\"MsoNormal\" style=\"text-align: justify\"><span style=\"font-size: 10pt;font-family: Arial\"><strong>Artigos relacionados: <\/strong><a href=\"http:\/\/blog.cancaonova.com\/felipeaquino\/2012\/08\/11\/primeiro-mandamento-%E2%80%9Camar-a-deus-sobre-todas-as-coisas%E2%80%9D-3\/#more-9723\" target=\"_blank\">O Primeiro Mandamento<\/a><br \/>\n<\/span><\/p>\n<!-- AddThis Advanced Settings generic via filter on the_content --><!-- AddThis Share Buttons generic via filter on the_content -->","protected":false},"excerpt":{"rendered":"<p>Segundo Mandamento: N\u00e3o pronunciar\u00e1s o nome do Senhor, teu Deus, em v\u00e3o \u201cN\u00e3o pronunciar\u00e1s o nome do Senhor, teu Deus, em v\u00e3o.\u201d (Ex 20,7) O nome do Senhor \u00e9 santo, \u00e9 sagrado, os judeus nem mesmo o pronunciavam, ao inv\u00e9s&#8230;<!-- AddThis Advanced Settings generic via filter on get_the_excerpt --><!-- AddThis Share Buttons generic via filter on get_the_excerpt --><\/p>\n","protected":false},"author":29,"featured_media":0,"comment_status":"open","ping_status":"open","sticky":false,"template":"","format":"standard","meta":{"_mi_skip_tracking":false,"_monsterinsights_sitenote_active":false,"_monsterinsights_sitenote_note":"","_monsterinsights_sitenote_category":0,"footnotes":""},"categories":[4951],"tags":[33500,15975,44241,179354,19560,77095],"_links":{"self":[{"href":"https:\/\/blog.cancaonova.com\/felipeaquino\/wp-json\/wp\/v2\/posts\/8935"}],"collection":[{"href":"https:\/\/blog.cancaonova.com\/felipeaquino\/wp-json\/wp\/v2\/posts"}],"about":[{"href":"https:\/\/blog.cancaonova.com\/felipeaquino\/wp-json\/wp\/v2\/types\/post"}],"author":[{"embeddable":true,"href":"https:\/\/blog.cancaonova.com\/felipeaquino\/wp-json\/wp\/v2\/users\/29"}],"replies":[{"embeddable":true,"href":"https:\/\/blog.cancaonova.com\/felipeaquino\/wp-json\/wp\/v2\/comments?post=8935"}],"version-history":[{"count":4,"href":"https:\/\/blog.cancaonova.com\/felipeaquino\/wp-json\/wp\/v2\/posts\/8935\/revisions"}],"predecessor-version":[{"id":11325,"href":"https:\/\/blog.cancaonova.com\/felipeaquino\/wp-json\/wp\/v2\/posts\/8935\/revisions\/11325"}],"wp:attachment":[{"href":"https:\/\/blog.cancaonova.com\/felipeaquino\/wp-json\/wp\/v2\/media?parent=8935"}],"wp:term":[{"taxonomy":"category","embeddable":true,"href":"https:\/\/blog.cancaonova.com\/felipeaquino\/wp-json\/wp\/v2\/categories?post=8935"},{"taxonomy":"post_tag","embeddable":true,"href":"https:\/\/blog.cancaonova.com\/felipeaquino\/wp-json\/wp\/v2\/tags?post=8935"}],"curies":[{"name":"wp","href":"https:\/\/api.w.org\/{rel}","templated":true}]}}