{"id":9920,"date":"2012-02-01T18:55:42","date_gmt":"2012-02-01T15:55:42","guid":{"rendered":"http:\/\/blog.cancaonova.com\/felipeaquino\/?p=9920"},"modified":"2012-02-01T18:55:42","modified_gmt":"2012-02-01T15:55:42","slug":"os-estragos-da-tv-brasileira","status":"publish","type":"post","link":"https:\/\/blog.cancaonova.com\/felipeaquino\/2012\/02\/01\/os-estragos-da-tv-brasileira\/","title":{"rendered":"Os estragos da TV brasileira"},"content":{"rendered":"<p style=\"text-align: justify\"><strong>Quem patrocina a baixaria \u00e9 contra a cidadania<\/strong><\/p>\n<p style=\"text-align: justify\">Em duas oportunidades (13\/01\/93 e 27\/01\/93) \u2013 antes de surgir as TVs cat\u00f3licas &#8211; o falecido Cardeal, e ex-Primaz do Brasil, Dom Lucas Moreira Neves publicou, no JORNAL DO BRASIL, dois famosos artigos sobre a televis\u00e3o brasileira. Foram publicados tamb\u00e9m na Revista \u201cPergunte e Responderemos\u201d (n. 375, 1993, pg. 357ss)\u201d. No primeiro, cujo t\u00edtulo \u00e9 J&#8217;ACCUSE! (Eu acuso), o prelado afirmava, entre outras coisas:<\/p>\n<p style=\"text-align: justify\">\u201cEu acuso a TV brasileira pelos seus muitos delitos. Acuso-a de atentar contra o que h\u00e1 de mais sagrado, como seja, a vida&#8230;\u201d. \u201cAcuso-a de disseminar, em programas variados, ideias, cren\u00e7as, pr\u00e1ticas e ritos ligados a cultos os mais estranhos. Ela se torna, deste modo, ve\u00edculo para a difus\u00e3o da magia, inclusive magia negra, satanismo, rituais nocivos ao equil\u00edbrio ps\u00edquico.\u201d<\/p>\n<p style=\"text-align: justify\">\u201cAcuso a TV brasileira de destilar em sua programa\u00e7\u00e3o e instalar nos telespectadores, inclusive jovens e adolescentes, uma concep\u00e7\u00e3o totalmente a\u00e9tica da vida: triunfo da esperteza, do furto, do ganho f\u00e1cil, do estelionato. Neste sentido merece uma an\u00e1lise \u00e0 parte as telenovelas brasileiras sob o ponto de vista psicossocial, moral, religioso [&#8230;]<br \/>\n\u201cQual foi a novela que prop\u00f4s ideais nobres de servi\u00e7o ao pr\u00f3ximo e de constru\u00e7\u00e3o de uma comunidade melhor? Em lugar disso, as telenovelas oferecem \u00e0 popula\u00e7\u00e3o empobrecida, como modelo e ideal, as aventuras de uma burguesia em decomposi\u00e7\u00e3o, mas de algum modo atraente\u201d.<br \/>\n\u201cAcuso, enfim, a TV brasileira de instigar \u00e0 viol\u00eancia: A TV brasileira ter\u00e1 de procurar dentro de si as causas da viol\u00eancia que ela desencadeou e de que foi v\u00edtima [&#8230;]\u201d.<\/p>\n<p style=\"text-align: justify\">No segundo artigo (27\/01\/93), sob o t\u00edtulo de \u201cResistir, Quem H\u00e1 de? o Cardeal pede uma mobiliza\u00e7\u00e3o da fam\u00edlia crist\u00e3 contra isso: \u201cOpino que a Fam\u00edlia deve estar na linha de frente de resist\u00eancia: os pais, os filhos, os parentes, os agregados &#8211; toda a constela\u00e7\u00e3o familiar. Ela \u00e9 a primeira v\u00edtima, torpemente agredida dentro da pr\u00f3pria casa; deve ser tamb\u00e9m a primeira a resistir. \u00c9 ela quem d\u00e1 IBOPE, deve ser tamb\u00e9m quem o negue, \u00e0 custa de fazer greve ou jejum de TV. Cabe, pois, \u00e0s fam\u00edlias, &#8216;formar a consci\u00eancia cr\u00edtica&#8217; de todos os seus membros frente \u00e0 televis\u00e3o; velar sobre as crian\u00e7as e os adolescentes com rela\u00e7\u00e3o a certos programas; mandar cartas de protesto aos donos de televis\u00e3o; chamar a aten\u00e7\u00e3o dos anunciantes, declarando a decis\u00e3o de n\u00e3o comprar produtos que financiam programas imorais ou que servem de pe\u00e7as publicit\u00e1rias ofensivas ao pudor, exigir programas sadios e sabotar os m\u00f3rbidos para que n\u00e3o se diga que o p\u00fablico quer uma TV licenciosa, violenta e deseducativa\u201d.<\/p>\n<p style=\"text-align: justify\">\u00c9 preciso meditar profundamente nesta grave acusa\u00e7\u00e3o de Dom Lucas Moreira Neves. Os pais e educadores, sobretudo os crist\u00e3os, n\u00e3o podem deixar as crian\u00e7as e jovens \u00e0 merc\u00ea de uma televis\u00e3o baixa, imoral, deseducativa, amedrontadora, desleal. A TV tem sido a grande promotora da destrui\u00e7\u00e3o dos valores morais e da fam\u00edlia.<\/p>\n<p style=\"text-align: justify\">O pr\u00f3prio Walter Clark, falecido em 1997, fundador e ex-diretor da TV GLOBO, tamb\u00e9m deu o seu testemunho contra essa situa\u00e7\u00e3o, por interm\u00e9dio do jornal ESTADO DE MINAS (07\/01\/93, pg 13), afirmando, entre outras coisas, que:<br \/>\n\u201cA TV brasileira est\u00e1 vivendo um momento autof\u00e1gico. Lamento ter contribu\u00eddo, de alguma forma, para que ela chegasse aonde chegou\u201d. \u201cA emissora est\u00e1 nivelando por baixo: existem trai\u00e7\u00f5es, incestos, impulsos sexuais incontidos, cobi\u00e7a, \u00f3dio, tudo isso existe, mas n\u00e3o \u00e9 s\u00f3 isso\u201d. \u201cA\u00a0 sociedade, que j\u00e1 est\u00e1 violenta, acaba tendo no seu registro mais forte de comunica\u00e7\u00e3o, que \u00e9 a TV, s\u00f3 viol\u00eancia\u201d.<\/p>\n<p style=\"text-align: justify\">J\u00e1 faz quase vinte anos que esses alertas foram feitos, mas parece que pouco mudou. \u00c9 verdade que, gra\u00e7as a Deus, surgiram as TVs cat\u00f3licas, que fazem uma \u201cprega\u00e7\u00e3o sistem\u00e1tica de valores\u201d, se contrapondo a outras que fazem o contr\u00e1rio: \u201cuma prega\u00e7\u00e3o sistem\u00e1tica de antivalores\u201d.<\/p>\n<p style=\"text-align: justify\">A televis\u00e3o brasileira, infelizmente, se tornou uma das piores do mundo no que se refere aos valores morais, aliena\u00e7\u00e3o do povo e sua deseduca\u00e7\u00e3o. O que temos visto nos famosos \u201creality shows\u201d, novelas e outros programas de audit\u00f3rio? Algo deprimente. Jovens e artistas que exp\u00f5em suas intimidades ao p\u00fablico em busca de fama e dinheiro f\u00e1cil, dando aos milh\u00f5es de jovens mau exemplo de vida. A \u00fanica coisa nobre nesses programas \u00e9 o hor\u00e1rio; s\u00e3o, na verdade, um fomento \u00e0 mais mesquinha fofoca em hor\u00e1rio nobre. Explora-se, de modo sutil, com um marketing refinado, a mis\u00e9ria das pessoas, seus problemas sentimentais, afetivos, morais, espirituais, num desrespeito profundo \u00e0 dignidade do ser humano. Ele ali \u00e9 usado e enganado para dar IBOPE e lucro, nada mais.<\/p>\n<p style=\"text-align: justify\">Esses programas e outros, repito, em hor\u00e1rios nobres, aos quais crian\u00e7as e jovens assistem, levam-nos ao esquecimento de n\u00f3s mesmos, \u00e0 aliena\u00e7\u00e3o, \u00e0 futilidade e imoralidade. S\u00e3o cenas cont\u00ednuas de incitamento sexual, masturba\u00e7\u00e3o, convite \u00e0 fornica\u00e7\u00e3o e outras tristezas. N\u00e3o h\u00e1 cultura, n\u00e3o h\u00e1 forma\u00e7\u00e3o, n\u00e3o h\u00e1 boa informa\u00e7\u00e3o; \u00e9 apenas apelo aos v\u00edcios: exibicionismo, soberba, cultura do prazer, sexismo, pornografia, homossexualidade, competi\u00e7\u00e3o baixa, infidelidade conjugal, pregui\u00e7a, ociosidade, intrigas, \u201cstrip-tease\u201d e, disputas desumanas que levam as pessoas \u00e0 exaust\u00e3o f\u00edsica e mental. Tudo em busca de sucesso e dinheiro f\u00e1cil. Tudo contra o que nos ensina Jesus Cristo. O importante \u00e9 se tornar uma \u201ccelebridade nacional\u201d com direito a outros sucessos. Mas com base em que conte\u00fado?<br \/>\nA consequ\u00eancia de tudo isso \u00e9 que vai-se aumentando o n\u00famero de adolescentes gr\u00e1vidas, abortos, estupros, infidelidades conjugais, homossexualidade, casais separados, jovens abandonados vivendo no crime, na droga e na bebida&#8230;<br \/>\nPor outro lado o povo \u00e9 massificado. Explora-se maldosamente o m\u00f3rbido gosto natural pela fofoca e \u201cbisbilhotagem\u201d da vida alheia, fazendo da massa popular como que um rebanho que n\u00e3o pensa e n\u00e3o critica. \u00c9 uma aliena\u00e7\u00e3o e desservi\u00e7o \u00e0 popula\u00e7\u00e3o. Explora-se comercialmente, \u201cinteligentemente\u201d, a falta de cultura de povo oriundo de uma escola fraca; aumenta-se, como disse algu\u00e9m, o seu \u201cemburramento\u201d.<\/p>\n<p style=\"text-align: justify\">Ora, a lei diz que televis\u00e3o \u2013 cuja concess\u00e3o \u00e9 do Estado \u2013 tem a miss\u00e3o de educar, formar, informar, dar cultura e educa\u00e7\u00e3o; \u00e9 isso que temos visto? N\u00e3o, n\u00e3o e n\u00e3o. Temos visto uma TV que destr\u00f3i a fam\u00edlia\u00a0 e seus valores sagrados. Com um faturamento financeiro enorme, vende-se aliena\u00e7\u00e3o numa enorme vitrine de propaganda patrocinada por ricas empresas. Uma campanha na internet contra tudo isso chegou a anunciar \u201cQuem patrocina a baixaria \u00e9 contra a cidadania\u201d; \u00e9 contra o povo; ent\u00e3o, como disse o Cardeal D. Lucas \u00e9 preciso o boicote dos cidad\u00e3os, especialmente dos crist\u00e3os, a quem fomenta a imoralidade.<br \/>\nLutar contra tudo isso n\u00e3o \u00e9 moralismo, mas defesa dos valores morais e da fam\u00edlia, coluna da sociedade. O povo brasileiro tem sido ofendido e chocado com as barbaridades apresentadas em novelas, com cenas chocantes, palavras chulas e obscenas, que n\u00e3o se pode escrever aqui. Tenta-se de maneira sutil e maliciosa passar isso ao povo como \u201cse tudo fosse normal e l\u00edcito\u201d, como se o sexo fosse apenas atos de genitalidade, apenas prazer sem uma vis\u00e3o moral e um compromisso com a vida e com o outro, como se fossemos irracionais.<\/p>\n<p style=\"text-align: justify\">O Congresso Teol\u00f3gico Pastoral de Valencia, na Espanha, no V Encontro do Papa com as fam\u00edlias disse que: \u201ca fam\u00edlia vive uma crise sem precedentes na hist\u00f3ria\u201d, cujas ra\u00edzes se encontram na \u201cpress\u00e3o ideol\u00f3gica\u201d exercida pela \u201cmentalidade consumista\u201d e pela a\u00e7\u00e3o de \u201cum laicismo de raiz niilista e relativista\u201d.<br \/>\n\u00c9 preciso reagir contra esse estado de coisas. N\u00e3o podemos ficar calados e inertes diante desta cultura niilista e sem Deus que quer tudo destruir.\u00a0 Se n\u00e3o nos mobilizarmos contra isso estaremos sendo coniventes com a destrui\u00e7\u00e3o da fam\u00edlia e da sociedade, diante de Deus e dos homens. O que queremos para os nossos filhos e netos?<\/p>\n<p style=\"text-align: justify\"><strong>Prof. Felipe Aquino<\/strong><\/p>\n<!-- AddThis Advanced Settings generic via filter on the_content --><!-- AddThis Share Buttons generic via filter on the_content -->","protected":false},"excerpt":{"rendered":"<p>Quem patrocina a baixaria \u00e9 contra a cidadania Em duas oportunidades (13\/01\/93 e 27\/01\/93) \u2013 antes de surgir as TVs cat\u00f3licas &#8211; o falecido Cardeal, e ex-Primaz do Brasil, Dom Lucas Moreira Neves publicou, no JORNAL DO BRASIL, dois famosos&#8230;<!-- AddThis Advanced Settings generic via filter on get_the_excerpt --><!-- AddThis Share Buttons generic via filter on get_the_excerpt --><\/p>\n","protected":false},"author":29,"featured_media":0,"comment_status":"open","ping_status":"open","sticky":false,"template":"","format":"standard","meta":{"_mi_skip_tracking":false,"_monsterinsights_sitenote_active":false,"_monsterinsights_sitenote_note":"","_monsterinsights_sitenote_category":0,"footnotes":""},"categories":[1591],"tags":[],"_links":{"self":[{"href":"https:\/\/blog.cancaonova.com\/felipeaquino\/wp-json\/wp\/v2\/posts\/9920"}],"collection":[{"href":"https:\/\/blog.cancaonova.com\/felipeaquino\/wp-json\/wp\/v2\/posts"}],"about":[{"href":"https:\/\/blog.cancaonova.com\/felipeaquino\/wp-json\/wp\/v2\/types\/post"}],"author":[{"embeddable":true,"href":"https:\/\/blog.cancaonova.com\/felipeaquino\/wp-json\/wp\/v2\/users\/29"}],"replies":[{"embeddable":true,"href":"https:\/\/blog.cancaonova.com\/felipeaquino\/wp-json\/wp\/v2\/comments?post=9920"}],"version-history":[{"count":3,"href":"https:\/\/blog.cancaonova.com\/felipeaquino\/wp-json\/wp\/v2\/posts\/9920\/revisions"}],"predecessor-version":[{"id":9923,"href":"https:\/\/blog.cancaonova.com\/felipeaquino\/wp-json\/wp\/v2\/posts\/9920\/revisions\/9923"}],"wp:attachment":[{"href":"https:\/\/blog.cancaonova.com\/felipeaquino\/wp-json\/wp\/v2\/media?parent=9920"}],"wp:term":[{"taxonomy":"category","embeddable":true,"href":"https:\/\/blog.cancaonova.com\/felipeaquino\/wp-json\/wp\/v2\/categories?post=9920"},{"taxonomy":"post_tag","embeddable":true,"href":"https:\/\/blog.cancaonova.com\/felipeaquino\/wp-json\/wp\/v2\/tags?post=9920"}],"curies":[{"name":"wp","href":"https:\/\/api.w.org\/{rel}","templated":true}]}}