{"id":1139,"date":"2011-10-26T13:15:14","date_gmt":"2011-10-26T16:15:14","guid":{"rendered":"http:\/\/blog.cancaonova.com\/folhaseca\/?p=1139"},"modified":"2011-10-26T13:15:14","modified_gmt":"2011-10-26T16:15:14","slug":"sem-medo-da-cruz","status":"publish","type":"post","link":"https:\/\/blog.cancaonova.com\/folhaseca\/2011\/10\/26\/sem-medo-da-cruz\/","title":{"rendered":"SEM MEDO DA CRUZ"},"content":{"rendered":"<p>&#8220;A Cruz \u00e9 sinal de que o amor \u00e9 mais forte do que toda a viol\u00eancia e opress\u00e3o, mais forte do que a morte: o mal se vence com o bem, com o amor.\u00a0 O Senhor vem na Eucaristia para tolher-nos do nosso individualismo, dos nossos particularismos, que excluem os outros, para formar-nos em um s\u00f3 corpo, um s\u00f3 reino de paz em um mundo dividido.\u00a0 <strong><em>Os crist\u00e3os n\u00e3o devem nunca cair na tenta\u00e7\u00e3o de se tornarem lobos entre os lobos. <\/em><\/strong> N\u00e3o \u00e9 com o poder, com a for\u00e7a, com a viol\u00eancia que o reino da paz de Cristo se estende, mas com o dom de si, com o amor levado ao extremo, tamb\u00e9m com rela\u00e7\u00e3o aos inimigos. <em><strong>Devemos estar dispostos a pagar pessoalmente, a sofrer em primeira pessoa a incompreens\u00e3o, a rejei\u00e7\u00e3o, a persegui\u00e7\u00e3o.<\/strong><\/em> N\u00e3o \u00e9 a espada do conquistador que constr\u00f3i a paz, mas a\u00a0 espada do sofredor, de quem sabe dar a pr\u00f3pria vida.&#8221;\u00a0 <span style=\"text-decoration: underline\"><strong><em>(Papa Bento XVI)<\/em><\/strong><\/span><\/p>\n<p>Deus aben\u00e7oe!<\/p>\n<p>Ab\u00e7s<\/p>\n<p><strong><em><span style=\"color: #800000\">Wallace Andrade<br \/>\nComunidade Can\u00e7\u00e3o Nova<br \/>\n&#x65;di&#x74;&#111;r&#x69;&#97;&#64;&#x63;&#x61;n&#x63;&#x61;on&#x6f;&#118;a&#x2e;&#99;o&#x6d;<\/span><\/em><\/strong><\/p>\n<p><strong><em><span style=\"color: #800000\"> <\/span><\/em><\/strong><\/p>\n","protected":false},"excerpt":{"rendered":"<p>&#8220;A Cruz \u00e9 sinal de que o amor \u00e9 mais forte do que toda a viol\u00eancia e opress\u00e3o, mais forte do que a morte: o mal se vence com o bem, com o amor.\u00a0 O Senhor vem na Eucaristia para&#8230;<\/p>\n","protected":false},"author":4397,"featured_media":0,"comment_status":"open","ping_status":"open","sticky":false,"template":"","format":"standard","meta":{"_mi_skip_tracking":false,"_monsterinsights_sitenote_active":false,"_monsterinsights_sitenote_note":"","_monsterinsights_sitenote_category":0,"footnotes":""},"categories":[1],"tags":[],"_links":{"self":[{"href":"https:\/\/blog.cancaonova.com\/folhaseca\/wp-json\/wp\/v2\/posts\/1139"}],"collection":[{"href":"https:\/\/blog.cancaonova.com\/folhaseca\/wp-json\/wp\/v2\/posts"}],"about":[{"href":"https:\/\/blog.cancaonova.com\/folhaseca\/wp-json\/wp\/v2\/types\/post"}],"author":[{"embeddable":true,"href":"https:\/\/blog.cancaonova.com\/folhaseca\/wp-json\/wp\/v2\/users\/4397"}],"replies":[{"embeddable":true,"href":"https:\/\/blog.cancaonova.com\/folhaseca\/wp-json\/wp\/v2\/comments?post=1139"}],"version-history":[{"count":1,"href":"https:\/\/blog.cancaonova.com\/folhaseca\/wp-json\/wp\/v2\/posts\/1139\/revisions"}],"predecessor-version":[{"id":1140,"href":"https:\/\/blog.cancaonova.com\/folhaseca\/wp-json\/wp\/v2\/posts\/1139\/revisions\/1140"}],"wp:attachment":[{"href":"https:\/\/blog.cancaonova.com\/folhaseca\/wp-json\/wp\/v2\/media?parent=1139"}],"wp:term":[{"taxonomy":"category","embeddable":true,"href":"https:\/\/blog.cancaonova.com\/folhaseca\/wp-json\/wp\/v2\/categories?post=1139"},{"taxonomy":"post_tag","embeddable":true,"href":"https:\/\/blog.cancaonova.com\/folhaseca\/wp-json\/wp\/v2\/tags?post=1139"}],"curies":[{"name":"wp","href":"https:\/\/api.w.org\/{rel}","templated":true}]}}