{"id":1227,"date":"2012-05-16T13:54:25","date_gmt":"2012-05-16T16:54:25","guid":{"rendered":"http:\/\/blog.cancaonova.com\/folhaseca\/?p=1227"},"modified":"2012-05-16T13:54:25","modified_gmt":"2012-05-16T16:54:25","slug":"forca-da-oracao","status":"publish","type":"post","link":"https:\/\/blog.cancaonova.com\/folhaseca\/2012\/05\/16\/forca-da-oracao\/","title":{"rendered":"FOR\u00c7A DA ORA\u00c7\u00c3O"},"content":{"rendered":"<p>Na catequese de hoje o Papa Bento XVI foi muito<br \/>\nprofundo e nos deu pistas para n\u00e3o desanimarmos<br \/>\nna ora\u00e7\u00e3o.<\/p>\n<p><strong><span style=\"color: #ff6600\">&#8220;&#8230;a ora\u00e7\u00e3o n\u00e3o deve ser vista como uma simples,<br \/>\nobra feita por n\u00f3s para Deus, uma a\u00e7\u00e3o nossa. \u00c9<br \/>\nantes de tudo, um dom, fruto da presen\u00e7a viva,<br \/>\nvivificante do Pai e de Jesus Cristo em n\u00f3s!&#8230;<br \/>\nCom a ora\u00e7\u00e3o n\u00e3o somos liberados das provas ou<br \/>\ndos sofrimentos, mas podemos viv\u00ea-los em uni\u00e3o<br \/>\ncom Cristo, com os seus sofrimentos, na prospectiva<br \/>\nde participar tamb\u00e9m da sua gl\u00f3ria&#8230; a ora\u00e7\u00e3o n\u00e3o<br \/>\nnos isenta do sofrimento, mas a ora\u00e7\u00e3o nos<br \/>\npermite de viv\u00ea-lo e enfrent\u00e1-lo com uma for\u00e7a nova,<br \/>\ncom a mesma confian\u00e7a em Jesus&#8230;&#8221;<\/p>\n<p>&#8220;&#8230;o Esp\u00edrito de Cristo se torna a for\u00e7a da nossa<br \/>\nora\u00e7\u00e3o&#8221;fraca&#8221;, a luz da nossa ora\u00e7\u00e3o &#8220;apagada&#8221;, o<br \/>\nfogo da nossa ora\u00e7\u00e3o &#8220;\u00e1rida&#8221;, dando-nos a verdadeira<br \/>\nliberdade interior, ensinando-nos a viver enfrentando<br \/>\nas provas da exist\u00eancia, na certeza de n\u00e3o estarmos<br \/>\ns\u00f3s, abindo-nos aos horizontes da humanidade e da<br \/>\ncria\u00e7\u00e3o, que geme e sofre as dores do parto&#8230;<\/span><\/strong>&#8221;<br \/>\n(Papa Bento XVI)<\/p>\n<p>Deus aben\u00e7oe!!<br \/>\n<span style=\"color: #800000\"><strong><em><br \/>\nWallace Andrade<br \/>\nComunidade Can\u00e7\u00e3o Nova<br \/>\n&#x65;&#100;it&#x6f;&#x72;ia&#x40;&#x63;&#97;nc&#x61;&#111;no&#x76;&#x61;&#46;c&#x6f;&#x6d;<\/em><\/strong><\/span><\/p>\n","protected":false},"excerpt":{"rendered":"<p>Na catequese de hoje o Papa Bento XVI foi muito profundo e nos deu pistas para n\u00e3o desanimarmos na ora\u00e7\u00e3o. &#8220;&#8230;a ora\u00e7\u00e3o n\u00e3o deve ser vista como uma simples, obra feita por n\u00f3s para Deus, uma a\u00e7\u00e3o nossa. \u00c9 antes&#8230;<\/p>\n","protected":false},"author":4397,"featured_media":0,"comment_status":"open","ping_status":"open","sticky":false,"template":"","format":"standard","meta":{"_mi_skip_tracking":false,"_monsterinsights_sitenote_active":false,"_monsterinsights_sitenote_note":"","_monsterinsights_sitenote_category":0,"footnotes":""},"categories":[1],"tags":[],"_links":{"self":[{"href":"https:\/\/blog.cancaonova.com\/folhaseca\/wp-json\/wp\/v2\/posts\/1227"}],"collection":[{"href":"https:\/\/blog.cancaonova.com\/folhaseca\/wp-json\/wp\/v2\/posts"}],"about":[{"href":"https:\/\/blog.cancaonova.com\/folhaseca\/wp-json\/wp\/v2\/types\/post"}],"author":[{"embeddable":true,"href":"https:\/\/blog.cancaonova.com\/folhaseca\/wp-json\/wp\/v2\/users\/4397"}],"replies":[{"embeddable":true,"href":"https:\/\/blog.cancaonova.com\/folhaseca\/wp-json\/wp\/v2\/comments?post=1227"}],"version-history":[{"count":1,"href":"https:\/\/blog.cancaonova.com\/folhaseca\/wp-json\/wp\/v2\/posts\/1227\/revisions"}],"predecessor-version":[{"id":1228,"href":"https:\/\/blog.cancaonova.com\/folhaseca\/wp-json\/wp\/v2\/posts\/1227\/revisions\/1228"}],"wp:attachment":[{"href":"https:\/\/blog.cancaonova.com\/folhaseca\/wp-json\/wp\/v2\/media?parent=1227"}],"wp:term":[{"taxonomy":"category","embeddable":true,"href":"https:\/\/blog.cancaonova.com\/folhaseca\/wp-json\/wp\/v2\/categories?post=1227"},{"taxonomy":"post_tag","embeddable":true,"href":"https:\/\/blog.cancaonova.com\/folhaseca\/wp-json\/wp\/v2\/tags?post=1227"}],"curies":[{"name":"wp","href":"https:\/\/api.w.org\/{rel}","templated":true}]}}