{"id":1343,"date":"2012-06-25T17:22:01","date_gmt":"2012-06-25T20:22:01","guid":{"rendered":"http:\/\/blog.cancaonova.com\/folhaseca\/?p=1343"},"modified":"2012-06-25T17:22:01","modified_gmt":"2012-06-25T20:22:01","slug":"quando-eu-orar","status":"publish","type":"post","link":"https:\/\/blog.cancaonova.com\/folhaseca\/2012\/06\/25\/quando-eu-orar\/","title":{"rendered":"QUANDO EU ORAR..."},"content":{"rendered":"<p>No portal Can\u00e7\u00e3o Nova de hoje tem uma mensagem do Mons.Jonas Abib. Transcrevo aqui o texto.<\/p>\n<p>Vida  no Esp\u00edrito \u00e9 vida de ora\u00e7\u00e3o. \u00c9 o que Nossa Senhora nos diz,   insistindo em nossos ouvidos como m\u00e3e. Come\u00e7ou h\u00e1 muito tempo, em La   Salete, em Lourdes, em F\u00e1tima, e agora em suas apari\u00e7\u00f5es em Medjugorje. \u00c9   a m\u00e3e insistindo para que oremos. A situa\u00e7\u00e3o do mundo e a da Igreja   exige muita ora\u00e7\u00e3o.<br \/>\nO grande derramamento do Esp\u00edrito Santo, esse  grande sopro do Esp\u00edrito  Santo, na Igreja e no mundo, s\u00f3 pode germinar,  florescer e frutificar se  houver calor, isto \u00e9, o calor da ora\u00e7\u00e3o.  Diga a si mesmo:<br \/>\n<em>&#8220;Quanto mais eu orar, melhor: nunca ser\u00e1  demais. Eu preciso fazer da  minha vida uma ora\u00e7\u00e3o. Eu preciso de  momentos fortes de ora\u00e7\u00e3o, para que  toda a minha vida se torne ora\u00e7\u00e3o. \u00c9  a minha necessidade&#8221;.<\/em><br \/>\n<strong>(Monsenhor Jonas Abib<\/strong> &#8211; Fundador da Comunidade Can\u00e7\u00e3o Nova)<\/p>\n<p>Deus o aben\u00e7oe!<\/p>\n<p><span style=\"color: #800000\"><strong><em>Wallace Andrade<br \/>\nComunidade Can\u00e7\u00e3o Nova<br \/>\n&#x65;&#x64;&#x69;&#x74;&#x6f;&#114;&#105;a&#64;can&#x63;&#x61;&#x6f;&#x6e;&#x6f;&#x76;&#97;&#46;com<\/em><\/strong><\/span><\/p>\n","protected":false},"excerpt":{"rendered":"<p>No portal Can\u00e7\u00e3o Nova de hoje tem uma mensagem do Mons.Jonas Abib. Transcrevo aqui o texto. Vida no Esp\u00edrito \u00e9 vida de ora\u00e7\u00e3o. \u00c9 o que Nossa Senhora nos diz, insistindo em nossos ouvidos como m\u00e3e. Come\u00e7ou h\u00e1 muito tempo,&#8230;<\/p>\n","protected":false},"author":4397,"featured_media":0,"comment_status":"open","ping_status":"open","sticky":false,"template":"","format":"standard","meta":{"_mi_skip_tracking":false,"_monsterinsights_sitenote_active":false,"_monsterinsights_sitenote_note":"","_monsterinsights_sitenote_category":0,"footnotes":""},"categories":[1],"tags":[],"_links":{"self":[{"href":"https:\/\/blog.cancaonova.com\/folhaseca\/wp-json\/wp\/v2\/posts\/1343"}],"collection":[{"href":"https:\/\/blog.cancaonova.com\/folhaseca\/wp-json\/wp\/v2\/posts"}],"about":[{"href":"https:\/\/blog.cancaonova.com\/folhaseca\/wp-json\/wp\/v2\/types\/post"}],"author":[{"embeddable":true,"href":"https:\/\/blog.cancaonova.com\/folhaseca\/wp-json\/wp\/v2\/users\/4397"}],"replies":[{"embeddable":true,"href":"https:\/\/blog.cancaonova.com\/folhaseca\/wp-json\/wp\/v2\/comments?post=1343"}],"version-history":[{"count":1,"href":"https:\/\/blog.cancaonova.com\/folhaseca\/wp-json\/wp\/v2\/posts\/1343\/revisions"}],"predecessor-version":[{"id":1344,"href":"https:\/\/blog.cancaonova.com\/folhaseca\/wp-json\/wp\/v2\/posts\/1343\/revisions\/1344"}],"wp:attachment":[{"href":"https:\/\/blog.cancaonova.com\/folhaseca\/wp-json\/wp\/v2\/media?parent=1343"}],"wp:term":[{"taxonomy":"category","embeddable":true,"href":"https:\/\/blog.cancaonova.com\/folhaseca\/wp-json\/wp\/v2\/categories?post=1343"},{"taxonomy":"post_tag","embeddable":true,"href":"https:\/\/blog.cancaonova.com\/folhaseca\/wp-json\/wp\/v2\/tags?post=1343"}],"curies":[{"name":"wp","href":"https:\/\/api.w.org\/{rel}","templated":true}]}}