{"id":1391,"date":"2012-10-13T11:40:30","date_gmt":"2012-10-13T14:40:30","guid":{"rendered":"http:\/\/blog.cancaonova.com\/folhaseca\/?p=1391"},"modified":"2012-10-13T11:40:30","modified_gmt":"2012-10-13T14:40:30","slug":"aguenta-firme","status":"publish","type":"post","link":"https:\/\/blog.cancaonova.com\/folhaseca\/2012\/10\/13\/aguenta-firme\/","title":{"rendered":"AGUENTA FIRME!!"},"content":{"rendered":"<p style=\"text-align: left\"><strong><em><\/em><\/strong><strong><em><\/em><\/strong><a href=\"http:\/\/blog.cancaonova.com\/folhaseca\/files\/2012\/10\/batalha-agincourt_k6266994.jpg\"><img loading=\"lazy\" decoding=\"async\" class=\"alignleft size-medium wp-image-1393\" src=\"http:\/\/blog.cancaonova.com\/folhaseca\/files\/2012\/10\/batalha-agincourt_k6266994-300x225.jpg\" alt=\"\" width=\"300\" height=\"225\" srcset=\"https:\/\/blog.cancaonova.com\/folhaseca\/files\/2012\/10\/batalha-agincourt_k6266994-300x225.jpg 300w, https:\/\/blog.cancaonova.com\/folhaseca\/files\/2012\/10\/batalha-agincourt_k6266994.jpg 350w\" sizes=\"(max-width: 300px) 100vw, 300px\" \/><\/a>Vivemos dias de muita luta e persegui\u00e7\u00f5es, que tendem a aumentar contra os declaradamente crist\u00e3os cat\u00f3licos.<br \/>\nCertamente seremos provocados e provados em nossa f\u00e9, pois os que confiam no Senhor e tem sua seguran\u00e7a Nele, incomodam. Mas o que devo fazer para me tornar um santo nesse pa\u00eds? Olhando a hist\u00f3ria de muitos santos encontramos fragmentos parecidos, que na verdade se tornam pistas concretas de um caminho vitorioso de santidade.<br \/>\nSIMPLICIDADE \u2013 O mundo capitalista e industrializado te convida a acompanhar os avan\u00e7os e conquistar sempre e mais. Mas o que fariam os santos? Aceitariam essas imposi\u00e7\u00f5es sociais e fariam de tudo para obter o \u201cstatus\u201d de bem sucedido?<br \/>\nHUMILDADE \u2013 O mundo profissional e pol\u00edtico, prega o poder e a autoridade e que para chegar a esses patamares, n\u00e3o podemos nos preocupar com o pr\u00f3ximo. E o que fariam os santos? Se tornariam arrogantes, soberbos, prepotentes, ao ponto de fazer de conta que n\u00e3o est\u00e3o vendo os miser\u00e1veis ca\u00eddos na cal\u00e7ada com frio, fome e sede? Seriam capazes de entrar em seus carr\u00f5es com ar condicionado, vidro blindado e fechariam os olhos para as mazelas desse mundo?<br \/>\nORA\u00c7\u00c3O \u2013 O mundo prega que precisamos ser excelentes oradores. Mas daqueles que falam bem, usam t\u00e9cnicas convincentes para vender e bater metas comerciais, conquistar novos clientes, enganar os eleitores com projetos mirabolantes e sempre engavetados por causa do desvio de verbas. E os santos? Seriam capazes de renunciar a verdadeira ora\u00e7\u00e3o, cal\u00e7ada nas sand\u00e1lias do evangelho em troca desse reconhecimento humano?<br \/>\nAMOR \u2013 O mundo quer um amor passageiro, baseado numa sexualidade desregrada e desenfreada, onde o \u201cEU\u201d me amo e dane-se o \u201cVOC\u00ca\u201d e o \u201cN\u00d3S\u201d.  E os santos, v\u00e3o esquecer o fundamento b\u00e1sico de amar a Deus sobre todas as coisas e ao pr\u00f3ximo como a si mesmo?<br \/>\nTer\u00edamos muitos t\u00f3picos para definir os caminhos para novos santos no Brasil. Mas a verdade \u00e9 que se cada um de n\u00f3s assumirmos o compromisso de viver com simplicidade, humildade, orando sem cessar e amando incondicionalmente, seremos capazes de um dia colhermos os frutos da santidade, conquistados pelo desejo de intercedermos pelos que Deus nos confia. Afinal, ao contr\u00e1rio do que muitos pensam, <span style=\"color: #000000\">os Santos n\u00e3o fazem milagres, mas intercedem junto a Deus para a realiza\u00e7\u00e3o de milagres.<br \/>\n<\/span><\/p>\n<div><img decoding=\"async\" src=\"http:\/\/www.cancaonova.com\/cnova\/pejonas\/fotos_dia\/pj_11.jpg\" alt=\"\" \/>E Mons.Jonas Abib vem concluir meu racioc\u00ednio dizendo: <span style=\"color: #ff0000\">&#8220;Voc\u00ea \u00e9 chamado a ser profeta \t  Voc\u00ea \u00e9 chamado a ser  profeta, porque profeta \u00e9 aquele por meio de quem Deus fala. Ele [Deus]  quer que vivamos anunciando a volta de Nosso Senhor Jesus Cristo.  Escreva e recorde-se disso: \u201cAntes de vir como Justo Juiz, Eu virei como  Rei de Miseric\u00f3rdia\u201d \u2013 \u00e9 por isso que estamos no tempo da miseric\u00f3rdia.  N\u00e3o percamos mais tempo!\u00a0 O Senhor quer que lutemos constantemente para ador\u00e1-Lo, para rezar e  viver as virtudes crist\u00e3s, principalmente amando e servindo o pr\u00f3ximo.  Esse \u00e9 o caminho que todo crist\u00e3o deve percorrer, o caminho do bem.  Assim, vamos nos preparando para segunda vinda gloriosa d&#8217;Ele.\u00a0 Vamos apressar a vinda do Senhor com nossa santidade de vida?&#8221;<\/span><span style=\"color: #000000\"><br \/>\nE eu, como filho espiritual do Mons. Jonas Abib, fundador da Comunidade Can\u00e7\u00e3o Nova, ACREDITO EM MILAGRES!!!<br \/>\n<\/span><\/div>\n<p style=\"text-align: left\"><span style=\"color: #000000\">Deus aben\u00e7oe!<span style=\"color: #800000\"><br \/>\n<\/span><\/span><\/p>\n<p style=\"text-align: left\"><span style=\"color: #800000\"><strong><em><span style=\"color: #000000\">Wallace Andrade<br \/>\nComunidade Can\u00e7\u00e3o Nova<br \/>\ne&#100;&#x69;&#x74;or&#x69;&#x61;&#64;c&#97;&#x6e;&#x63;a&#111;&#x6e;&#x6f;va&#x2e;&#x63;om<\/span><\/em><\/strong><\/span><\/p>\n","protected":false},"excerpt":{"rendered":"<p>Vivemos dias de muita luta e persegui\u00e7\u00f5es, que tendem a aumentar contra os declaradamente crist\u00e3os cat\u00f3licos. Certamente seremos provocados e provados em nossa f\u00e9, pois os que confiam no Senhor e tem sua seguran\u00e7a Nele, incomodam. Mas o que devo&#8230;<\/p>\n","protected":false},"author":4397,"featured_media":0,"comment_status":"open","ping_status":"open","sticky":false,"template":"","format":"standard","meta":{"_mi_skip_tracking":false,"_monsterinsights_sitenote_active":false,"_monsterinsights_sitenote_note":"","_monsterinsights_sitenote_category":0,"footnotes":""},"categories":[1],"tags":[],"_links":{"self":[{"href":"https:\/\/blog.cancaonova.com\/folhaseca\/wp-json\/wp\/v2\/posts\/1391"}],"collection":[{"href":"https:\/\/blog.cancaonova.com\/folhaseca\/wp-json\/wp\/v2\/posts"}],"about":[{"href":"https:\/\/blog.cancaonova.com\/folhaseca\/wp-json\/wp\/v2\/types\/post"}],"author":[{"embeddable":true,"href":"https:\/\/blog.cancaonova.com\/folhaseca\/wp-json\/wp\/v2\/users\/4397"}],"replies":[{"embeddable":true,"href":"https:\/\/blog.cancaonova.com\/folhaseca\/wp-json\/wp\/v2\/comments?post=1391"}],"version-history":[{"count":1,"href":"https:\/\/blog.cancaonova.com\/folhaseca\/wp-json\/wp\/v2\/posts\/1391\/revisions"}],"predecessor-version":[{"id":1394,"href":"https:\/\/blog.cancaonova.com\/folhaseca\/wp-json\/wp\/v2\/posts\/1391\/revisions\/1394"}],"wp:attachment":[{"href":"https:\/\/blog.cancaonova.com\/folhaseca\/wp-json\/wp\/v2\/media?parent=1391"}],"wp:term":[{"taxonomy":"category","embeddable":true,"href":"https:\/\/blog.cancaonova.com\/folhaseca\/wp-json\/wp\/v2\/categories?post=1391"},{"taxonomy":"post_tag","embeddable":true,"href":"https:\/\/blog.cancaonova.com\/folhaseca\/wp-json\/wp\/v2\/tags?post=1391"}],"curies":[{"name":"wp","href":"https:\/\/api.w.org\/{rel}","templated":true}]}}