{"id":1419,"date":"2012-12-08T10:13:22","date_gmt":"2012-12-08T13:13:22","guid":{"rendered":"http:\/\/blog.cancaonova.com\/folhaseca\/?p=1419"},"modified":"2012-12-08T10:13:22","modified_gmt":"2012-12-08T13:13:22","slug":"acidente-de-percurso","status":"publish","type":"post","link":"https:\/\/blog.cancaonova.com\/folhaseca\/2012\/12\/08\/acidente-de-percurso\/","title":{"rendered":"ACIDENTE DE PERCURSO"},"content":{"rendered":"<p><a href=\"http:\/\/blog.cancaonova.com\/folhaseca\/files\/2012\/12\/orar.jpg\"><img loading=\"lazy\" decoding=\"async\" class=\"alignleft size-medium wp-image-1420\" src=\"http:\/\/blog.cancaonova.com\/folhaseca\/files\/2012\/12\/orar-300x245.jpg\" alt=\"\" width=\"300\" height=\"245\" srcset=\"https:\/\/blog.cancaonova.com\/folhaseca\/files\/2012\/12\/orar-300x245.jpg 300w, https:\/\/blog.cancaonova.com\/folhaseca\/files\/2012\/12\/orar.jpg 373w\" sizes=\"(max-width: 300px) 100vw, 300px\" \/><\/a>A import\u00e2ncia da ora\u00e7\u00e3o em nossa vida \u00e9 sem limites. Lembro de uma sexta-feira, que come\u00e7ou chuvosa em Cachoeiro do Itapemirim-ES. Levantei cedo porque pegaria a estrada as sete da manh\u00e3. Como de costume, eu e Val\u00e9ria fizemos uma ora\u00e7\u00e3o, antes de ouvir a buzina do colega da empresa em frente a casa. Nos despedimos, enquanto minha esposa sentia o cora\u00e7\u00e3o t\u00e3o apertado, que nem conseguiu voltar a dormir. Se ajoelhou diante do Jesus crucificado, que temos na cabeceira da cama e come\u00e7ou a rezar e pedir pela minha viagem.<\/p>\n<p>Sentei no banco carona da pick-up da emissora que trabalhava e meu companheiro de viagem estava meio receoso, com tanta chuva. Seguimos pela BR-101, em dire\u00e7\u00e3o a Vit\u00f3ria-ES. Logo nos primeiros quil\u00f4metros de estrada, me senti muito incomodado com o cinto de seguran\u00e7a. Estava meio desregulado, machuvaca o pesco\u00e7o e fui tentado tir\u00e1-lo. S\u00f3 que ao descer a m\u00e3o em dire\u00e7\u00e3o a fivela, toquei em minha perna e senti as bolinhas do santo ter\u00e7o que estava em meu bolso. Imediatamente troquei de ideia, sem perceber.<\/p>\n<p>Em vez de tirar o cinto de seguran\u00e7a comecei a rezar o ter\u00e7o e minutos depois, o meu companheiro de viagem fez uma curva, que estava totalmente alagada. Ele n\u00e3o conseguiu segurar a pickup e em fra\u00e7\u00e3o de segundos vi minha vida passar inteira em meus pensamentos achando que era o fim da linha, enquanto a mureta de conten\u00e7\u00e3o da estrada se aproximava de minha porta. A caminhonete bateu forte na mureta e capotou terminando de rodas para cima. Ainda lembro do teto ralando no asfalto e descendo em dire\u00e7\u00e3o a minha cabe\u00e7a.<\/p>\n<p>Quando o barulho cessou, estava pendurado pelo cinto de seguran\u00e7a e de ponta a cabe\u00e7a. S\u00f3 depois que sa\u00edmos do carro percebemos que a pick-up estava no meio da pista e por muito pouco ela n\u00e3o foi &#8220;varrida&#8221; por uma daquelas carretas, que transportavam blocos de m\u00e1rmore. Sentia o ombro doer e cantava comemorando: &#8220;&#8230;quem me segurou, foi Deus, com teu amor de pai&#8230; quem me amparou, foi Deus!!!&#8221; Meu companheiro parou um \u00f4nibus, que seguia para Cachoeiro do Itapemirim-ES e pediu ao motorista que me deixasse no hospital.<\/p>\n<p>Entrei no \u00f4nibus, enquanto as pessoas apavoradas me olhavam e comentavam: &#8220;&#8230;eles nasceram de novo&#8230;&#8221;. Olhei pela janela e vi que elas estavam cert\u00edssimas. A pick-up estava detonada e meu colega de empresa, sem um arranh\u00e3o sequer, co\u00e7ava a cabe\u00e7a ainda sem entender o que aconteceu. Foi quando o meu celular tocou. Era Val\u00e9ria, que ap\u00f3s a ora\u00e7\u00e3o sentiu nescessidade de falar comigo e saber como estava a viagem. Apenas disse que estava chovendo muito e por isso resolvemos voltar para Cachoeiro. Ela respirou aliviada e eu j\u00e1 n\u00e3o consegui enchergar as pessoas e nem a paisagem enxarcada. Agora a chuva era em meus olhos, tamanha a emo\u00e7\u00e3o que senti ao perceber que foi Nossa Senhora, nossa m\u00e3e, que mudou o fim dessa hist\u00f3ria.<\/p>\n<p>Cheguei ao hospital e o m\u00e9dico constatou que estava com a crav\u00edcula direita, descolada. Me levou para imobilizar meu lado direito, enquanto dizia que depois de 15 dias, seria necess\u00e1rio fazer uma cirurgia para a coloca\u00e7\u00e3o de um grampo para unir a crav\u00edcula ao ombro. Perguntei se resolveria e ele disse que s\u00f3 n\u00e3o poderia pegar peso, pois poderia descolar o osso outra vez. Foi a\u00ed que decidi n\u00e3o operar e deixar essa marca da vit\u00f3ria em minha vida, sob a intercess\u00e3o de Nossa Senhora. Hoje, dia da Imaculada Concei\u00e7\u00e3o, agrade\u00e7o a Virgem Maria e digo, por experi\u00eancia pr\u00f3pria, que a ora\u00e7\u00e3o \u00e9 capaz de mudar o rumo da estrada e te fazer perceber que vale a pena ser de Deus.<\/p>\n<p>Deus aben\u00e7oe!<\/p>\n<p><span style=\"color: #800000\"><strong><em>Wallace Andrade<br \/>\nComunidade Can\u00e7\u00e3o Nova<br \/>\n&#x65;&#x64;&#x69;&#116;ori&#x61;&#x40;&#x63;&#97;nca&#x6f;&#x6e;&#x6f;&#118;a.c&#x6f;&#x6d;<\/em><\/strong><\/span><\/p>\n","protected":false},"excerpt":{"rendered":"<p>A import\u00e2ncia da ora\u00e7\u00e3o em nossa vida \u00e9 sem limites. Lembro de uma sexta-feira, que come\u00e7ou chuvosa em Cachoeiro do Itapemirim-ES. Levantei cedo porque pegaria a estrada as sete da manh\u00e3. Como de costume, eu e Val\u00e9ria fizemos uma ora\u00e7\u00e3o,&#8230;<\/p>\n","protected":false},"author":4397,"featured_media":0,"comment_status":"open","ping_status":"open","sticky":false,"template":"","format":"standard","meta":{"_mi_skip_tracking":false,"_monsterinsights_sitenote_active":false,"_monsterinsights_sitenote_note":"","_monsterinsights_sitenote_category":0,"footnotes":""},"categories":[1],"tags":[],"_links":{"self":[{"href":"https:\/\/blog.cancaonova.com\/folhaseca\/wp-json\/wp\/v2\/posts\/1419"}],"collection":[{"href":"https:\/\/blog.cancaonova.com\/folhaseca\/wp-json\/wp\/v2\/posts"}],"about":[{"href":"https:\/\/blog.cancaonova.com\/folhaseca\/wp-json\/wp\/v2\/types\/post"}],"author":[{"embeddable":true,"href":"https:\/\/blog.cancaonova.com\/folhaseca\/wp-json\/wp\/v2\/users\/4397"}],"replies":[{"embeddable":true,"href":"https:\/\/blog.cancaonova.com\/folhaseca\/wp-json\/wp\/v2\/comments?post=1419"}],"version-history":[{"count":1,"href":"https:\/\/blog.cancaonova.com\/folhaseca\/wp-json\/wp\/v2\/posts\/1419\/revisions"}],"predecessor-version":[{"id":1421,"href":"https:\/\/blog.cancaonova.com\/folhaseca\/wp-json\/wp\/v2\/posts\/1419\/revisions\/1421"}],"wp:attachment":[{"href":"https:\/\/blog.cancaonova.com\/folhaseca\/wp-json\/wp\/v2\/media?parent=1419"}],"wp:term":[{"taxonomy":"category","embeddable":true,"href":"https:\/\/blog.cancaonova.com\/folhaseca\/wp-json\/wp\/v2\/categories?post=1419"},{"taxonomy":"post_tag","embeddable":true,"href":"https:\/\/blog.cancaonova.com\/folhaseca\/wp-json\/wp\/v2\/tags?post=1419"}],"curies":[{"name":"wp","href":"https:\/\/api.w.org\/{rel}","templated":true}]}}