{"id":1505,"date":"2013-06-26T10:59:43","date_gmt":"2013-06-26T13:59:43","guid":{"rendered":"http:\/\/blog.cancaonova.com\/folhaseca\/?p=1505"},"modified":"2013-06-26T10:59:43","modified_gmt":"2013-06-26T13:59:43","slug":"meu-porta-treco","status":"publish","type":"post","link":"https:\/\/blog.cancaonova.com\/folhaseca\/2013\/06\/26\/meu-porta-treco\/","title":{"rendered":"MEU PORTA-TRECO"},"content":{"rendered":"<p><a href=\"http:\/\/blog.cancaonova.com\/folhaseca\/files\/2013\/06\/minina-pensativa.jpeg\"><img loading=\"lazy\" decoding=\"async\" class=\"alignleft size-full wp-image-1506\" src=\"http:\/\/blog.cancaonova.com\/folhaseca\/files\/2013\/06\/minina-pensativa.jpeg\" alt=\"\" width=\"300\" height=\"168\" \/><\/a>Todos n\u00f3s temos um porta-trecos em casa, onde guardamos as mais inusitadas coisas. No meu voc\u00ea encontra peda\u00e7os de arame, plugs, cordas velhas de viol\u00e3o, m\u00e1quina de caixinha de m\u00fasica. Mas existe outro porta-trecos em nossa mem\u00f3ria e sempre que estamos pressionados pelas loucuras do mundo, somos convidados a abrir nosso porta-trecos e esquecermos das press\u00f5es l\u00e1 fora.\u00a0 Se nas \u00faltimas semanas voc\u00ea anda com saudade de tempos, n\u00e3o muito distantes, em que parecia caminhar com mais firmeza e determina\u00e7\u00e3o, que parecia cantar sempre uma nova can\u00e7\u00e3o, que seu cora\u00e7\u00e3o batia no ritimo da esperan\u00e7a e que a vida era o desafio de sempre, mas que tinha a certeza de que superaria tudo, pois nunca estava sozinha. N\u00e3o se assuste, est\u00e1 apenas revirando seu porta-trecos. \u00c9 comum \u00e0s pessoas de bem, \u00e9 comum querer voltar no tempo, onde as coisas pareciam mais tranquilas e em paz. A diferen\u00e7a \u00e9 que todos ao seu redor est\u00e3o exaltados e assustados como voc\u00ea. Tem gente que n\u00e3o est\u00e1 entendendo nada do que est\u00e1 acontecendo, mas faz pose de que sabe tudo e tenta at\u00e9 ensinar algo. Tem gente que entende e finge que est\u00e1 morto e n\u00e3o est\u00e1 nem a\u00ed para as tormentas, porque seu castelo o protege. Pena que ele esquece que para Deus,\u00a0 os castelos s\u00e3o todos de areia, os telhados s\u00e3o todos de vidro e a vida \u00e9 s\u00f3 um sopro.\u00a0 Meu amigo, olhar o que de bom, ficou no passado, \u00e9 sempre gratificante, mas os nossos sentimentos precisam ser mola propulsora a nos impulsionar pra frente.\u00a0 Se antes voc\u00ea rezava mais e agora anda mais distante, busque no passado a f\u00f3rmula que adotava e retome. Se antes voc\u00ea era mais otimista e esperan\u00e7oso que hoje, revire as p\u00e1ginas de sua hist\u00f3ria e encontre as motiva\u00e7\u00f5es que faziam voc\u00ea acreditar que com Deus voc\u00ea pode tudo.\u00a0 E se depois de toda a remexida em seus porta-trecos, ainda existir inseguran\u00e7a e medo em seu cora\u00e7\u00e3o, feche os seus olhos e deixe que o vento te leve como folha que se desprende da \u00e1rvore, para um momento inesquec\u00edvel de sua vida e encontre l\u00e1 a certeza de que em suas maiores alegrias e em suas maiores tristesas, voc\u00ea nunca estava sozinho. O Senhor sempre esteve e sempre estar\u00e1 contigo.<\/p>\n<p>Deus aben\u00e7oe!<\/p>\n<p><strong><em><span style=\"color: #800000\">Wallace Andrade<br \/>\nComunidade Can\u00e7\u00e3o Nova<br \/>\n&#x65;&#x64;&#x69;&#116;ori&#x61;&#x40;&#x63;&#97;nca&#x6f;&#x6e;&#x6f;&#118;a.c&#x6f;&#x6d;<\/span><\/em><\/strong><\/p>\n","protected":false},"excerpt":{"rendered":"<p>Todos n\u00f3s temos um porta-trecos em casa, onde guardamos as mais inusitadas coisas. No meu voc\u00ea encontra peda\u00e7os de arame, plugs, cordas velhas de viol\u00e3o, m\u00e1quina de caixinha de m\u00fasica. Mas existe outro porta-trecos em nossa mem\u00f3ria e sempre que&#8230;<\/p>\n","protected":false},"author":4397,"featured_media":0,"comment_status":"open","ping_status":"open","sticky":false,"template":"","format":"standard","meta":{"_mi_skip_tracking":false,"_monsterinsights_sitenote_active":false,"_monsterinsights_sitenote_note":"","_monsterinsights_sitenote_category":0,"footnotes":""},"categories":[1],"tags":[],"_links":{"self":[{"href":"https:\/\/blog.cancaonova.com\/folhaseca\/wp-json\/wp\/v2\/posts\/1505"}],"collection":[{"href":"https:\/\/blog.cancaonova.com\/folhaseca\/wp-json\/wp\/v2\/posts"}],"about":[{"href":"https:\/\/blog.cancaonova.com\/folhaseca\/wp-json\/wp\/v2\/types\/post"}],"author":[{"embeddable":true,"href":"https:\/\/blog.cancaonova.com\/folhaseca\/wp-json\/wp\/v2\/users\/4397"}],"replies":[{"embeddable":true,"href":"https:\/\/blog.cancaonova.com\/folhaseca\/wp-json\/wp\/v2\/comments?post=1505"}],"version-history":[{"count":2,"href":"https:\/\/blog.cancaonova.com\/folhaseca\/wp-json\/wp\/v2\/posts\/1505\/revisions"}],"predecessor-version":[{"id":1595,"href":"https:\/\/blog.cancaonova.com\/folhaseca\/wp-json\/wp\/v2\/posts\/1505\/revisions\/1595"}],"wp:attachment":[{"href":"https:\/\/blog.cancaonova.com\/folhaseca\/wp-json\/wp\/v2\/media?parent=1505"}],"wp:term":[{"taxonomy":"category","embeddable":true,"href":"https:\/\/blog.cancaonova.com\/folhaseca\/wp-json\/wp\/v2\/categories?post=1505"},{"taxonomy":"post_tag","embeddable":true,"href":"https:\/\/blog.cancaonova.com\/folhaseca\/wp-json\/wp\/v2\/tags?post=1505"}],"curies":[{"name":"wp","href":"https:\/\/api.w.org\/{rel}","templated":true}]}}