{"id":1518,"date":"2013-07-19T15:54:02","date_gmt":"2013-07-19T18:54:02","guid":{"rendered":"http:\/\/blog.cancaonova.com\/folhaseca\/?p=1518"},"modified":"2013-07-19T15:54:02","modified_gmt":"2013-07-19T18:54:02","slug":"woodstock-passara","status":"publish","type":"post","link":"https:\/\/blog.cancaonova.com\/folhaseca\/2013\/07\/19\/woodstock-passara\/","title":{"rendered":"WOODSTOCK PASSAR\u00c1!"},"content":{"rendered":"<p><em><strong><a href=\"http:\/\/blog.cancaonova.com\/folhaseca\/files\/2013\/07\/guaratiba_vale.jpg\"><img loading=\"lazy\" decoding=\"async\" class=\"alignleft size-full wp-image-1519\" src=\"http:\/\/blog.cancaonova.com\/folhaseca\/files\/2013\/07\/guaratiba_vale.jpg\" alt=\"\" width=\"620\" height=\"465\" srcset=\"https:\/\/blog.cancaonova.com\/folhaseca\/files\/2013\/07\/guaratiba_vale.jpg 620w, https:\/\/blog.cancaonova.com\/folhaseca\/files\/2013\/07\/guaratiba_vale-300x225.jpg 300w\" sizes=\"(max-width: 620px) 100vw, 620px\" \/><\/a>Woodstock Music &amp; Art Fair<\/strong><\/em>, tamb\u00e9m conhecido como\u00a0<em><strong>Festival de Woodstock<\/strong><\/em>, compelta no dia 15 de agosto\u00a0\u00a0 desse ano 45 anos. Naquela \u00e9poca, meio milh\u00e3o de jovens foi em busca de tr\u00eas dias de paz e m\u00fasica. Era uma fazenda, com 600 acres, pertencente a Max Yasgur, na <a title=\"Cidade\" href=\"http:\/\/pt.wikipedia.org\/wiki\/Cidade\">cidade<\/a> rural de <a title=\"Bethel (Nova Iorque)\" href=\"http:\/\/pt.wikipedia.org\/wiki\/Bethel_%28Nova_Iorque%29\">Bethel<\/a>, no <a title=\"Estados dos Estados Unidos\" href=\"http:\/\/pt.wikipedia.org\/wiki\/Estados_dos_Estados_Unidos\">estado<\/a> de <a title=\"Nova Iorque (estado)\" href=\"http:\/\/pt.wikipedia.org\/wiki\/Nova_Iorque_%28estado%29\">Nova York<\/a>, <a title=\"Estados Unidos\" href=\"http:\/\/pt.wikipedia.org\/wiki\/Estados_Unidos\">Estados Unidos<\/a>. O festival deveria ocorrer originalmente na pequena cidade de <a title=\"Woodstock (Nova Iorque)\" href=\"http:\/\/pt.wikipedia.org\/wiki\/Woodstock_%28Nova_Iorque%29\">Woodstock<\/a>, mas os moradores locais n\u00e3o aceitaram, o que levou o evento para a pequena Bethel, a uma hora e meia de dist\u00e2ncia. Era o in\u00edcio da era <a title=\"Hippie\" href=\"http:\/\/pt.wikipedia.org\/wiki\/Hippie\">hippie<\/a> e da <a title=\"Contracultura\" href=\"http:\/\/pt.wikipedia.org\/wiki\/Contracultura\">contracultura<\/a> do final dos <a title=\"D\u00e9cada de 1960\" href=\"http:\/\/pt.wikipedia.org\/wiki\/D%C3%A9cada_de_1960\">anos 1960<\/a> e come\u00e7o de <a title=\"D\u00e9cada de 1970\" href=\"http:\/\/pt.wikipedia.org\/wiki\/D%C3%A9cada_de_1970\">70<\/a>. Trinta e dois dos mais conhecidos m\u00fasicos da \u00e9poca apresentaram-se durante um <a title=\"Chuva\" href=\"http:\/\/pt.wikipedia.org\/wiki\/Chuva\">chuvoso<\/a> fim de semana defronte a meio milh\u00e3o de espectadores. Nenhum dos jovens se importou em se lambuzar de lama ou se molhar, o que valia era sexo, drogas e muito rock and roll.\u00a0 Mas eu quero crer que estamos a pouqu\u00edssimo tempo de ver um novo evento, com pelo menos o dobro de jovens participantes, dezenas de m\u00fasicos com &#8220;picos&#8221; de Sangue Sagrado nas veias e se for necess\u00e1rio, ter\u00e3o que pisar na lama e se molhar como o Festival de Woodstock.\u00a0 S\u00f3 que existem novas motiva\u00e7\u00f5es que v\u00e3o marcar quem se fizer presente a esse &#8220;show&#8221;.\u00a0 A m\u00fasica n\u00e3o vai levar a galera ao lindo sonho delirante (LSD), mas ao Lindo Sonho de Deus (LSD).\u00a0 Haver\u00e1 um jovem senhor com um cajado, indicando o caminho para o banho com uma \u00e1gua diferente daquela da pequena <a title=\"Bethel (Nova Iorque)\" href=\"http:\/\/pt.wikipedia.org\/wiki\/Bethel_%28Nova_Iorque%29\">Bethel<\/a>. E daqui a 44 anos 11 meses e vinte e poucos dias, teremos uma gera\u00e7\u00e3o com a marca da vit\u00f3ria.\u00a0 E quando esse jovem j\u00e1 senhor, for escrever algo sobre a JMJ 2013,\u00a0 na cidade do Rio de Janeiro, Brasil, certamente vai lembrar de como sua vida foi transformada pela for\u00e7a do Esp\u00edrito Santo.<\/p>\n<p>Deus aben\u00e7oe!<\/p>\n<p>Ab\u00e7s<\/p>\n<p><strong><em><span style=\"color: #800000\">Wallace Andrade<br \/>\nComunidade Can\u00e7\u00e3o Nova<br \/>\n&#x65;&#100;i&#x74;&#111;r&#x69;&#x61;&#64;c&#x61;&#110;c&#x61;&#x6f;no&#x76;&#97;.&#x63;&#x6f;m<\/span><\/em><\/strong><\/p>\n","protected":false},"excerpt":{"rendered":"<p>Woodstock Music &amp; Art Fair, tamb\u00e9m conhecido como\u00a0Festival de Woodstock, compelta no dia 15 de agosto\u00a0\u00a0 desse ano 45 anos. Naquela \u00e9poca, meio milh\u00e3o de jovens foi em busca de tr\u00eas dias de paz e m\u00fasica. Era uma fazenda, com&#8230;<\/p>\n","protected":false},"author":4397,"featured_media":0,"comment_status":"open","ping_status":"open","sticky":false,"template":"","format":"standard","meta":{"_mi_skip_tracking":false,"_monsterinsights_sitenote_active":false,"_monsterinsights_sitenote_note":"","_monsterinsights_sitenote_category":0,"footnotes":""},"categories":[1],"tags":[],"_links":{"self":[{"href":"https:\/\/blog.cancaonova.com\/folhaseca\/wp-json\/wp\/v2\/posts\/1518"}],"collection":[{"href":"https:\/\/blog.cancaonova.com\/folhaseca\/wp-json\/wp\/v2\/posts"}],"about":[{"href":"https:\/\/blog.cancaonova.com\/folhaseca\/wp-json\/wp\/v2\/types\/post"}],"author":[{"embeddable":true,"href":"https:\/\/blog.cancaonova.com\/folhaseca\/wp-json\/wp\/v2\/users\/4397"}],"replies":[{"embeddable":true,"href":"https:\/\/blog.cancaonova.com\/folhaseca\/wp-json\/wp\/v2\/comments?post=1518"}],"version-history":[{"count":2,"href":"https:\/\/blog.cancaonova.com\/folhaseca\/wp-json\/wp\/v2\/posts\/1518\/revisions"}],"predecessor-version":[{"id":1521,"href":"https:\/\/blog.cancaonova.com\/folhaseca\/wp-json\/wp\/v2\/posts\/1518\/revisions\/1521"}],"wp:attachment":[{"href":"https:\/\/blog.cancaonova.com\/folhaseca\/wp-json\/wp\/v2\/media?parent=1518"}],"wp:term":[{"taxonomy":"category","embeddable":true,"href":"https:\/\/blog.cancaonova.com\/folhaseca\/wp-json\/wp\/v2\/categories?post=1518"},{"taxonomy":"post_tag","embeddable":true,"href":"https:\/\/blog.cancaonova.com\/folhaseca\/wp-json\/wp\/v2\/tags?post=1518"}],"curies":[{"name":"wp","href":"https:\/\/api.w.org\/{rel}","templated":true}]}}