{"id":1522,"date":"2013-07-24T15:46:27","date_gmt":"2013-07-24T18:46:27","guid":{"rendered":"http:\/\/blog.cancaonova.com\/folhaseca\/?p=1522"},"modified":"2013-07-24T15:46:27","modified_gmt":"2013-07-24T18:46:27","slug":"em-dias-de-papa","status":"publish","type":"post","link":"https:\/\/blog.cancaonova.com\/folhaseca\/2013\/07\/24\/em-dias-de-papa\/","title":{"rendered":"Em dias de Papa..."},"content":{"rendered":"<p><a href=\"http:\/\/blog.cancaonova.com\/folhaseca\/files\/2013\/07\/brasao_papa-francisco-236x300.png\"><img loading=\"lazy\" decoding=\"async\" class=\"alignleft size-full wp-image-1523\" src=\"http:\/\/blog.cancaonova.com\/folhaseca\/files\/2013\/07\/brasao_papa-francisco-236x300.png\" alt=\"\" width=\"236\" height=\"300\" \/><\/a>Em dias de Papa&#8230;tudo muda numa na\u00e7\u00e3o!!!  No avi\u00e3o que entra em territ\u00f3rio brasileiro&#8230; Aten\u00e7\u00e3o aos jornalistas&#8230; t\u00edpica de jesu\u00edta inspirado em franciscano.\/\/<\/p>\n<p>Em dias de Papa&#8230; N\u00e3o h\u00e1 nevoeiro que impe\u00e7a aterrissagem perfeita.\/\/ N\u00e3o h\u00e1 escadaria que dificulte a vida de um &#8220;garoto&#8221; de 76 anos.\/\/<\/p>\n<p>Em dias de Papa&#8230; autoridade m\u00e1xima se rende \u00e0 santidade&#8230; flores s\u00e3o trocadas por beijos carinhosos.\/\/<\/p>\n<p>Em dias de Papa&#8230; apertos de m\u00e3o e olhos nos olhos&#8230;tudo \u00e9 mais intenso e t\u00eam mais valor&#8230;\/\/<\/p>\n<p>Em dias de Papa&#8230; N\u00e3o d\u00e1 pra esconder a face jovem da igreja&#8230;<\/p>\n<p>N\u00e3o tem como evitar a simpatia que ela oferece.\/\/<a href=\"http:\/\/blog.cancaonova.com\/folhaseca\/files\/2013\/07\/Papa-Francisco.jpeg\"><img loading=\"lazy\" decoding=\"async\" class=\"alignleft size-full wp-image-1524\" src=\"http:\/\/blog.cancaonova.com\/folhaseca\/files\/2013\/07\/Papa-Francisco.jpeg\" alt=\"\" width=\"277\" height=\"182\" \/><\/a><\/p>\n<p>Em dias de Papa, se descobre que as cores da bandeira vaticana t\u00eam a PAZ e o OURO do Brasil&#8230; Paz que torna o tr\u00e2nsito mais lento&#8230; Ouro que atr\u00e1i os simples e os outros.\/\/<\/p>\n<p>Em dias de Papa&#8230; a alma \u00e9 tocada de todas as formas&#8230; e se sente que cantar para o santo Padre, s\u00f3 pode nos fazer id\u00eanticos.\/\/<\/p>\n<p>Deus aben\u00e7oe!!<\/p>\n<p><strong><em><span style=\"color: #800000\">Wallace Andrade<br \/>\nComunidade Can\u00e7\u00e3o Nova<br \/>\neditoria&#64;cancaonova&#46;&#99;&#111;&#109;<\/span><\/em><\/strong><\/p>\n","protected":false},"excerpt":{"rendered":"<p>Em dias de Papa&#8230;tudo muda numa na\u00e7\u00e3o!!! No avi\u00e3o que entra em territ\u00f3rio brasileiro&#8230; Aten\u00e7\u00e3o aos jornalistas&#8230; t\u00edpica de jesu\u00edta inspirado em franciscano.\/\/ Em dias de Papa&#8230; N\u00e3o h\u00e1 nevoeiro que impe\u00e7a aterrissagem perfeita.\/\/ N\u00e3o h\u00e1 escadaria que dificulte a&#8230;<\/p>\n","protected":false},"author":4397,"featured_media":0,"comment_status":"open","ping_status":"open","sticky":false,"template":"","format":"standard","meta":{"_mi_skip_tracking":false,"_monsterinsights_sitenote_active":false,"_monsterinsights_sitenote_note":"","_monsterinsights_sitenote_category":0,"footnotes":""},"categories":[1],"tags":[],"_links":{"self":[{"href":"https:\/\/blog.cancaonova.com\/folhaseca\/wp-json\/wp\/v2\/posts\/1522"}],"collection":[{"href":"https:\/\/blog.cancaonova.com\/folhaseca\/wp-json\/wp\/v2\/posts"}],"about":[{"href":"https:\/\/blog.cancaonova.com\/folhaseca\/wp-json\/wp\/v2\/types\/post"}],"author":[{"embeddable":true,"href":"https:\/\/blog.cancaonova.com\/folhaseca\/wp-json\/wp\/v2\/users\/4397"}],"replies":[{"embeddable":true,"href":"https:\/\/blog.cancaonova.com\/folhaseca\/wp-json\/wp\/v2\/comments?post=1522"}],"version-history":[{"count":1,"href":"https:\/\/blog.cancaonova.com\/folhaseca\/wp-json\/wp\/v2\/posts\/1522\/revisions"}],"predecessor-version":[{"id":1525,"href":"https:\/\/blog.cancaonova.com\/folhaseca\/wp-json\/wp\/v2\/posts\/1522\/revisions\/1525"}],"wp:attachment":[{"href":"https:\/\/blog.cancaonova.com\/folhaseca\/wp-json\/wp\/v2\/media?parent=1522"}],"wp:term":[{"taxonomy":"category","embeddable":true,"href":"https:\/\/blog.cancaonova.com\/folhaseca\/wp-json\/wp\/v2\/categories?post=1522"},{"taxonomy":"post_tag","embeddable":true,"href":"https:\/\/blog.cancaonova.com\/folhaseca\/wp-json\/wp\/v2\/tags?post=1522"}],"curies":[{"name":"wp","href":"https:\/\/api.w.org\/{rel}","templated":true}]}}