{"id":1560,"date":"2013-10-18T12:01:31","date_gmt":"2013-10-18T15:01:31","guid":{"rendered":"http:\/\/blog.cancaonova.com\/folhaseca\/?p=1560"},"modified":"2013-10-18T12:01:31","modified_gmt":"2013-10-18T15:01:31","slug":"voce-e-capitalista","status":"publish","type":"post","link":"https:\/\/blog.cancaonova.com\/folhaseca\/2013\/10\/18\/voce-e-capitalista\/","title":{"rendered":"Voc\u00ea \u00e9 capitalista?"},"content":{"rendered":"<h3><a href=\"http:\/\/portugalglorioso.blogspot.pt\/2013\/09\/imperdoavel-nao-ler-esta-entrevista.html\"><span style=\"color: #000000\"><span style=\"color: #808000\">Ol\u00e1 pessoal.. hoje trago uma entrevista que me parece de grande import\u00e2ncia. O Papa Francisco, ainda cardeal, \u00e9 provocado pelo jornalista Chris Mathews e a entrevista se transforma em um sinal de alerta para quem ainda n\u00e3o acordou para as armadilhas do capitalismo desse mundo. Confira e fa\u00e7a sua reflex\u00e3o. Que o Senhor te ilumine!<\/span><br \/>\n<\/span><\/a><\/h3>\n<h3><a href=\"http:\/\/portugalglorioso.blogspot.pt\/2013\/09\/imperdoavel-nao-ler-esta-entrevista.html\">Por: Fernando Tavares        Nota pr\u00e9via: A entrevista &#8220;arquivada&#8221; do Papa<\/a><\/h3>\n<p><a href=\"http:\/\/blog.cancaonova.com\/folhaseca\/files\/2013\/10\/CRIS-MATHEWS.jpg\"><img loading=\"lazy\" decoding=\"async\" class=\"alignleft size-full wp-image-1561\" src=\"http:\/\/blog.cancaonova.com\/folhaseca\/files\/2013\/10\/CRIS-MATHEWS.jpg\" alt=\"\" width=\"76\" height=\"110\" \/><\/a> Chris Mathews, \u00e9 um empedernido COMUNISTA jornalista da <a href=\"http:\/\/www.huffingtonpost.com\/news\/msnbc\/\">MSNBC<\/a>,  poderosa esta\u00e7\u00e3o de televis\u00e3o nos EUA. Ele tentou emboscar o ent\u00e3o  Cardeal Jorge Bergolio (hoje Papa Francisco I), com perguntas que  julgava, o jornalista, virem a ser respondidas de forma inversa.  Ber\u00adgolio d\u00e1 a entrevista de tal forma incomodativa para Mathews, que a  MSNBC nunca levou a entrevista para o ar. <strong>O comunista jornalista, ao perceber que o seu plano falhara, arquivou o v\u00eddeo. <\/strong>Entretanto, um estudante de Notre Dame que cumpria servi\u00e7o social na MSNBC, <strong>pegou na entrevista arquivada e entregou-a ao seu professor.<\/strong> Tomou-se assim conhecimento do seu conte\u00fado. O destaque desta entrevista  \u00e9 acerca da pobreza. A profunda conversa come\u00e7a quando o jornalista  trata de emboscar o cardeal, <strong>perguntando-lhe o que ele opinava sobre a pobreza no mundo?<\/strong><br \/>\n<a href=\"http:\/\/1.bp.blogspot.com\/-sgmvHcDQgqU\/Ujhs7_DQ9bI\/AAAAAAAAGuY\/ocCMlITnmFc\/s1600\/Jorge-Mario-Bergoglio-size-598.jpg\"><\/a> <a href=\"http:\/\/blog.cancaonova.com\/folhaseca\/files\/2013\/10\/Jorge-Mario-Bergoglio-size-598.jpg\"><img loading=\"lazy\" decoding=\"async\" class=\"alignleft size-medium wp-image-1562\" src=\"http:\/\/blog.cancaonova.com\/folhaseca\/files\/2013\/10\/Jorge-Mario-Bergoglio-size-598-300x168.jpg\" alt=\"\" width=\"300\" height=\"168\" \/><\/a>O Cardeal responde:    \u201cPrimeiro na Europa e agora na  Am\u00e9rica, alguns pol\u00edticos t\u00eam-se dedicado a endividar as pessoas criando  um ambiente de depend\u00eancia.\u00a0Para qu\u00ea? Para aumentar o seu poder.\u00a0S\u00e3o grandes especialistas em criar pobreza e\u00a0ningu\u00e9m\u00a0os questiona. Eu luto para combater essa pobreza.<br \/>\nA  pobreza converteu-se \u00a0numa condi\u00e7\u00e3o natural e isso \u00e9 muito mau. A minha  tarefa \u00e9 evitar o\u00a0agravamento\u00a0de tal condi\u00e7\u00e3o. As ideologias que  fabricam pobreza devem ser denunciadas. A\u00a0educa\u00e7\u00e3o\u00a0\u00e9 a grande solu\u00e7\u00e3o  para o problema. Devemos ensinar\/mostrar \u00e0s pessoas como salvar a sua  alma, mas indicando como evitar a pobreza e n\u00e3o permitir que o governo  conduza o povo a esse penoso estado.\u201d<\/p>\n<p>&#8211; Mathews ofendido pergunta:<strong> O senhor culpa o governo?!<\/strong><br \/>\n\u201cCulpo  os pol\u00edticos que buscam seus pr\u00f3prios interesses. Voc\u00ea e seus amigos  s\u00e3o socialistas. Voc\u00eas e suas pol\u00edticas s\u00e3o a causa de 70 anos de  mis\u00e9ria, e essa situa\u00e7\u00e3o j\u00e1 existe em muitos pa\u00edses que est\u00e3o no limite  do colapso.\u00a0Acreditam na redistribui\u00e7\u00e3o que \u00e9 uma das raz\u00f5es da pobreza.\u00a0    Voc\u00eas\u00a0querem\u00a0nacionalizar\u00a0o universo para controlar todas\u00a0as\u00a0actividades\u00a0humanas.\u00a0    Voc\u00eas querem destruir o incentivo do homem para, inclusive, cuidar de sua fam\u00edlia, um crime contra a natureza e contra Deus.\u00a0Esta ideologia cria mais pobres que todas as corpora\u00e7\u00f5es que voc\u00eas\u00a0adjectivam\u00a0como diab\u00f3licas.\u201d<br \/>\n&#8211; Replica Mathews:<strong> Nunca tinha escutado algo assim de um Cardeal.<\/strong><br \/>\n\u201cAs pessoas dominadas pelos socialistas necessitam saber que n\u00e3o temos que ser pobres.\u201d<br \/>\n&#8211; Ataca Mathews:\u00a0<strong>E Am\u00e9rica Latina? Quer apagar o progresso conquistado?!<\/strong><br \/>\n\u201cO  imp\u00e9rio de depend\u00eancia criado por Hugo Ch\u00e1ves, com falsas promessas,  mentindo para que se ajoelhem ante seu governo. Dando-lhes peixes sem  permitir-lhes pescar.\u00a0Se na Am\u00e9rica Latina algu\u00e9m aprende a pescar, \u00e9 castigado e os seus peixes s\u00e3o confiscados pelos socialistas.\u00a0A\u00a0liberdade\u00a0\u00e9 castigada.<br \/>\nVoc\u00ea fala de progresso e eu de pobreza. Temo pela Am\u00e9rica Latina.\u00a0Toda a regi\u00e3o est\u00e1\u00a0controlada\u00a0por um bloco de regimes socialistas como Cuba, Argentina, Equador, Bol\u00edvia, Venezuela, Nicar\u00e1gua.\u00a0Quem nos salvar\u00e1 dessa tirania?\u201d<br \/>\n&#8211; Acusa Mathews: <strong>Voc\u00ea \u00e9 capitalista!<\/strong> <strong> <\/strong><br \/>\n\u201cSe pensar que o capital \u00e9 necess\u00e1rio para construir f\u00e1bricas, escolas,\u00a0hospitais, igrejas\u00a0talvez seja. Voc\u00ea op\u00f5e-se a este processo e a este progresso?\u201d<br \/>\nPor certo que n\u00e3o,<strong> mas n\u00e3o pensa que o capital \u00e9 retirado das pessoas pelas corpora\u00e7\u00f5es abusivas?<\/strong><\/p>\n<p>\u201cN\u00e3o,  eu penso que as pessoas, atrav\u00e9s de suas op\u00e7\u00f5es\u00a0econ\u00f3micas\u00a0 decidem que  parte de seu capital ir\u00e1 para esses\u00a0projectos\u00a0 A utiliza\u00e7\u00e3o do capital  deve ser volunt\u00e1ria. Somente quando os pol\u00edticos confiscam esse capital  para construir obras de governo, alimentar a burocracia, surge um grave  problema.\u00a0O capital investido de forma volunt\u00e1ria \u00e9 leg\u00edtimo, mas o que se investe \u00e0 base da coer\u00e7\u00e3o, \u00e9 ileg\u00edtimo.\u201d<br \/>\n<strong>&#8211; Suas ideias s\u00e3o radicais<\/strong>, afirma o jornalista Mathews.<br \/>\n\u201cN\u00e3o,  faz muitos anos Khrushchev fez uma advert\u00eancia: \u201cN\u00e3o devemos esperar  que os americanos abracem o comunismo, mas podemos auxiliar os seus  l\u00edderes eleitos com\u00a0injec\u00e7\u00f5es\u00a0de socialismo at\u00e9 que, ao\u00a0despertar\u00a0  percebam que embarcaram no comunismo.\u201d\u00a0Isto  est\u00e1 a ocorrer nesse momento no antigo basti\u00e3o da liberdade. Como os  EUA podem salvar a Am\u00e9rica Latina se eles se converteram em escravos do  seu\u00a0governo?\u201d<br \/>\n&#8211; Mathews afirma: <strong>Eu n\u00e3o posso digerir tudo isto. <\/strong><\/p>\n<p>O Cardeal responde:  \u201cVoc\u00ea est\u00e1 muito irritado, a verdade pode ser dolorosa. Voc\u00eas criaram o  &#8220;estado de bem-estar&#8221; que \u00e9 somente resposta \u00e0s necessidades dos pobres  criados pela pol\u00edtica. O estado interventor absolve a sociedade de sua  responsabilidade. As fam\u00edlias escapam de seu dever com o falso estado  assistencialista, inclusive as igrejas. As pessoas j\u00e1 n\u00e3o praticam a  caridade e v\u00eaem os pobres como problema do governo.\u00a0Para a igreja j\u00e1 n\u00e3o h\u00e1 pobres que ajudar, empobreceram permanentemente e s\u00e3o agora\u00a0propriedade\u00a0dos pol\u00edticos.\u00a0E  algo que me irrita profundamente \u00e9 a incapacidade dos meios de  comunica\u00e7\u00e3o de observar o problema sem analisar qual \u00e9 a causa.\u00a0Empobrecem as pessoas para que depois, votem naqueles que os afundaram na pobreza.\u201d<\/p>\n<p>Deus aben\u00e7oe!<\/p>\n<p><span style=\"color: #800000\"><strong><em>Wallace Andrade<br \/>\nComunidade Can\u00e7\u00e3o Nova<br \/>\n&#x65;&#100;i&#x74;&#x6f;ri&#x61;&#x40;ca&#x6e;&#99;a&#x6f;&#x6e;&#111;v&#x61;&#x2e;co&#x6d;<br \/>\n<\/em><\/strong><\/span><\/p>\n","protected":false},"excerpt":{"rendered":"<p>Ol\u00e1 pessoal.. hoje trago uma entrevista que me parece de grande import\u00e2ncia. O Papa Francisco, ainda cardeal, \u00e9 provocado pelo jornalista Chris Mathews e a entrevista se transforma em um sinal de alerta para quem ainda n\u00e3o acordou para as&#8230;<\/p>\n","protected":false},"author":4397,"featured_media":0,"comment_status":"open","ping_status":"open","sticky":false,"template":"","format":"standard","meta":{"_mi_skip_tracking":false,"_monsterinsights_sitenote_active":false,"_monsterinsights_sitenote_note":"","_monsterinsights_sitenote_category":0,"footnotes":""},"categories":[1],"tags":[],"_links":{"self":[{"href":"https:\/\/blog.cancaonova.com\/folhaseca\/wp-json\/wp\/v2\/posts\/1560"}],"collection":[{"href":"https:\/\/blog.cancaonova.com\/folhaseca\/wp-json\/wp\/v2\/posts"}],"about":[{"href":"https:\/\/blog.cancaonova.com\/folhaseca\/wp-json\/wp\/v2\/types\/post"}],"author":[{"embeddable":true,"href":"https:\/\/blog.cancaonova.com\/folhaseca\/wp-json\/wp\/v2\/users\/4397"}],"replies":[{"embeddable":true,"href":"https:\/\/blog.cancaonova.com\/folhaseca\/wp-json\/wp\/v2\/comments?post=1560"}],"version-history":[{"count":1,"href":"https:\/\/blog.cancaonova.com\/folhaseca\/wp-json\/wp\/v2\/posts\/1560\/revisions"}],"predecessor-version":[{"id":1563,"href":"https:\/\/blog.cancaonova.com\/folhaseca\/wp-json\/wp\/v2\/posts\/1560\/revisions\/1563"}],"wp:attachment":[{"href":"https:\/\/blog.cancaonova.com\/folhaseca\/wp-json\/wp\/v2\/media?parent=1560"}],"wp:term":[{"taxonomy":"category","embeddable":true,"href":"https:\/\/blog.cancaonova.com\/folhaseca\/wp-json\/wp\/v2\/categories?post=1560"},{"taxonomy":"post_tag","embeddable":true,"href":"https:\/\/blog.cancaonova.com\/folhaseca\/wp-json\/wp\/v2\/tags?post=1560"}],"curies":[{"name":"wp","href":"https:\/\/api.w.org\/{rel}","templated":true}]}}