{"id":1734,"date":"2015-02-04T11:43:01","date_gmt":"2015-02-04T13:43:01","guid":{"rendered":"http:\/\/blog.cancaonova.com\/folhaseca\/?p=1734"},"modified":"2015-02-11T13:52:32","modified_gmt":"2015-02-11T15:52:32","slug":"musicos-reunidos","status":"publish","type":"post","link":"https:\/\/blog.cancaonova.com\/folhaseca\/2015\/02\/04\/musicos-reunidos\/","title":{"rendered":"M\u00fasicos Reunidos!"},"content":{"rendered":"<div id=\"attachment_1385\" style=\"width: 310px\" class=\"wp-caption alignleft\"><a href=\"http:\/\/blog.cancaonova.com\/folhaseca\/files\/2012\/10\/Foto0569.jpg\"><img loading=\"lazy\" decoding=\"async\" aria-describedby=\"caption-attachment-1385\" class=\"wp-image-1385 size-medium\" src=\"http:\/\/blog.cancaonova.com\/folhaseca\/files\/2012\/10\/Foto0569-300x225.jpg\" alt=\"Foto0569\" width=\"300\" height=\"225\" srcset=\"https:\/\/blog.cancaonova.com\/folhaseca\/files\/2012\/10\/Foto0569-300x225.jpg 300w, https:\/\/blog.cancaonova.com\/folhaseca\/files\/2012\/10\/Foto0569.jpg 320w\" sizes=\"(max-width: 300px) 100vw, 300px\" \/><\/a><p id=\"caption-attachment-1385\" class=\"wp-caption-text\">Foto: arquivo Wallace Andrade<\/p><\/div>\n<p>A Can\u00e7\u00e3o Nova sedia neste fim de semana, de 06 a 08\/02, um acampamento que mexe muito com meu interior. \u00c9 o acampamento para m\u00fasicos. \u00c9 hora de trocar informa\u00e7\u00f5es e rezar junto por uma m\u00fasica cada vez mais ungida e para que Deus continue a suscitar novos ministros de m\u00fasica, capazes de ajudar os fi\u00e9is a se encontrarem com o Senhor atrav\u00e9s de can\u00e7\u00f5es inspiradas e movidas pelo Esp\u00edrito Santo. Ainda lembro a primeira vez que fui desafiado a solar uma segunda m\u00fasica de comunh\u00e3o. O aviso foi feito num ensaio no s\u00e1bado para a missa de domingo \u00e0 noite. A can\u00e7\u00e3o era do Vida Reluz, &#8220;Joia Rara&#8221;. O frio na barriga era incontrol\u00e1vel, mas a certeza de que algo novo estava come\u00e7ando em minha vida, era imenso. Depois daquela noite, me entreguei completamente \u00e0 vontade do Senhor em meu Minist\u00e9rio e hoje, tantos anos depois, estou sempre disposto a encarar os desafios do caminho, para que uma missa n\u00e3o fique sem m\u00fasica. Sei das minhas limita\u00e7\u00f5es, sei tamb\u00e9m que algumas portas s\u00e3o fechadas e Deus sabe sempre o que \u00e9 melhor pra cada um de n\u00f3s. Mas a \u00fanica certeza que preciso sempre ter \u00e9 a de que o meu sim de cada dia \u00e9 repleto da for\u00e7a do Esp\u00edrito Santo e mesmo que as muralhas pare\u00e7am intranspon\u00edveis, seguirei a cantar sempre uma Can\u00e7\u00e3o Nova&#8230; para que o Senhor apare\u00e7a mais que tudo e todos!<\/p>\n<p>Um \u00f3timo acampamento para n\u00f3s m\u00fasicos!<\/p>\n<p>Deus aben\u00e7oe!<\/p>\n<p><strong><em><span style=\"color: #800000\">Wallace Andrade<\/span><\/em><\/strong><br \/>\n<strong><em><span style=\"color: #800000\">Comunidade Can\u00e7\u00e3o Nova<\/span><\/em><\/strong><\/p>\n<p>&nbsp;<\/p>\n","protected":false},"excerpt":{"rendered":"<p>A Can\u00e7\u00e3o Nova sedia neste fim de semana, de 06 a 08\/02, um acampamento que mexe muito com meu interior. \u00c9 o acampamento para m\u00fasicos. \u00c9 hora de trocar informa\u00e7\u00f5es e rezar junto por uma m\u00fasica cada vez mais ungida&#8230;<\/p>\n","protected":false},"author":4397,"featured_media":0,"comment_status":"open","ping_status":"open","sticky":false,"template":"","format":"standard","meta":{"_mi_skip_tracking":false,"_monsterinsights_sitenote_active":false,"_monsterinsights_sitenote_note":"","_monsterinsights_sitenote_category":0,"footnotes":""},"categories":[1],"tags":[],"_links":{"self":[{"href":"https:\/\/blog.cancaonova.com\/folhaseca\/wp-json\/wp\/v2\/posts\/1734"}],"collection":[{"href":"https:\/\/blog.cancaonova.com\/folhaseca\/wp-json\/wp\/v2\/posts"}],"about":[{"href":"https:\/\/blog.cancaonova.com\/folhaseca\/wp-json\/wp\/v2\/types\/post"}],"author":[{"embeddable":true,"href":"https:\/\/blog.cancaonova.com\/folhaseca\/wp-json\/wp\/v2\/users\/4397"}],"replies":[{"embeddable":true,"href":"https:\/\/blog.cancaonova.com\/folhaseca\/wp-json\/wp\/v2\/comments?post=1734"}],"version-history":[{"count":3,"href":"https:\/\/blog.cancaonova.com\/folhaseca\/wp-json\/wp\/v2\/posts\/1734\/revisions"}],"predecessor-version":[{"id":1744,"href":"https:\/\/blog.cancaonova.com\/folhaseca\/wp-json\/wp\/v2\/posts\/1734\/revisions\/1744"}],"wp:attachment":[{"href":"https:\/\/blog.cancaonova.com\/folhaseca\/wp-json\/wp\/v2\/media?parent=1734"}],"wp:term":[{"taxonomy":"category","embeddable":true,"href":"https:\/\/blog.cancaonova.com\/folhaseca\/wp-json\/wp\/v2\/categories?post=1734"},{"taxonomy":"post_tag","embeddable":true,"href":"https:\/\/blog.cancaonova.com\/folhaseca\/wp-json\/wp\/v2\/tags?post=1734"}],"curies":[{"name":"wp","href":"https:\/\/api.w.org\/{rel}","templated":true}]}}