{"id":1825,"date":"2016-02-24T15:03:34","date_gmt":"2016-02-24T18:03:34","guid":{"rendered":"http:\/\/blog.cancaonova.com\/folhaseca\/?p=1825"},"modified":"2016-02-24T11:12:01","modified_gmt":"2016-02-24T14:12:01","slug":"luthier-divino-para-musicos","status":"publish","type":"post","link":"https:\/\/blog.cancaonova.com\/folhaseca\/2016\/02\/24\/luthier-divino-para-musicos\/","title":{"rendered":"Luthier Divino para m\u00fasicos"},"content":{"rendered":"<p><a href=\"http:\/\/blog.cancaonova.com\/folhaseca\/files\/2016\/02\/images.jpg\"><img loading=\"lazy\" decoding=\"async\" class=\"alignleft size-full wp-image-1822\" src=\"http:\/\/blog.cancaonova.com\/folhaseca\/files\/2016\/02\/images.jpg\" alt=\"images\" width=\"259\" height=\"194\" \/><\/a>Temos Acampamento para M\u00fasicos, nessa sexta, s\u00e1bado e domingo. Uma bela oportunidade de deixar Deus usar suas ferramentas em n\u00f3s que somos cantores e instrumentistas a servi\u00e7o do Senhor. Foi ent\u00e3o que me ocorreu uma bela lembran\u00e7a. O instrumento que empunhamos para evangelizar \u00e9 conte\u00fado de prega\u00e7\u00e3o, se partirmos do princ\u00edpio de como ele \u00e9 feito e por quem ele \u00e9 feito. Quando vamos a um show, uma apresenta\u00e7\u00e3o de uma orquestra sinf\u00f4nica, ou at\u00e9 mesmo quando abra\u00e7amos o viol\u00e3o para tocar, nem sempre imaginamos o carinho como o instrumento pode ter sido feito.\u00a0 Lembro de um\u00a0\u201cLuthier\u201d que conheci. Aquele cara que fabrica instrumentos de corda de forma artesanal, como no princ\u00edpio dos tempos musicais. Foi na minha cidade natal. O homem de uns 50 anos tinha fama de ser o melhor de Campos dos Goitacazes-RJ. E a caminho de sua casa, fiquei me perguntando o que fazia desse homem ser t\u00e3o bom naquilo que se propos a fazer.\u00a0 Ao chegar em sua casa tomei um susto. No quintal havia um monte de madeira, que parecia estar ali a muito tempo. E logo o \u201ccraque\u201d do assunto me explicou que esse era o primeiro passo para se fabricar um bom instrumento.\u00a0 \u00c9 necess\u00e1rio que a madeira fique exposta ao tempo, na chuva e no sol intenso, no sereno e no vento, para que sofra todas as transforma\u00e7\u00f5es. Rachar o que precisa rachar, empenar o que precisa empenar, ressecar o que precisa ser ressecado.\u00a0 S\u00f3 depois de viver as quatro esta\u00e7\u00f5es do ano, ela est\u00e1 pronta para ser transformada.\u00a0 Ent\u00e3o vi o carinho com que \u201cLuthier\u201d se debru\u00e7ava na madeira, cortando suas rachaduras, tornando plano e reto o que estava torto, lustrando e lubrificando o que estava seco.\u00a0 Os maiores tesouros materiais que este homem tinha eram suas ferramentas. Era com elas que ele transformava a madeira bruta em arte admir\u00e1vel. Era com elas que ele moldava o instrumento. As maiores realiza\u00e7\u00f5es deste homem eram os instrumentos prontos e lindos de se ver. Violinos, viol\u00f5es, guitarras, baixos, cavaquinhos. Cada um com sua hist\u00f3ria pessoal com o artes\u00e3o. Cada um com sua caracter\u00edstica sonora. Cada um proporcionando satisfa\u00e7\u00e3o \u00e0s m\u00e3os de quem toca e aos ouvidos de quem se emociona com os acordes.\u00a0 Nesse Acampamento para m\u00fasicos, quero te convidar a ser madeira bruta nas m\u00e3os do nosso \u201cLuthier Divino\u201d. Permita que Ele arranque as rachaduras de seu cora\u00e7\u00e3o, torne reto e plano o caminho que estava torto e encharque com a \u00e1gua viva do Esp\u00edrito, todos os cantos do seu ser, que as decep\u00e7\u00f5es da vida ressecaram.\u00a0 E que ao ser moldado, voc\u00ea se transforme no mais belo instrumento capaz de alcan\u00e7ar os cora\u00e7\u00f5es com o som que o Senhor toca em voc\u00ea.<\/p>\n<p>Deus aben\u00e7oe!<\/p>\n<p><span style=\"color: #800000\"><strong><em>Wallace Andrade<br \/>\nComunidade Can\u00e7\u00e3o Nova<br \/>\nwall&#97;&#99;&#x65;&#x2e;&#x61;&#x6e;&#x64;&#x72;ade&#64;c&#97;&#110;&#x63;&#x61;&#x6f;&#x6e;&#x6f;&#x76;a.co&#109;<\/em><\/strong><\/span><\/p>\n","protected":false},"excerpt":{"rendered":"<p>Temos Acampamento para M\u00fasicos, nessa sexta, s\u00e1bado e domingo. Uma bela oportunidade de deixar Deus usar suas ferramentas em n\u00f3s que somos cantores e instrumentistas a servi\u00e7o do Senhor. Foi ent\u00e3o que me ocorreu uma bela lembran\u00e7a. O instrumento que&#8230;<\/p>\n","protected":false},"author":4397,"featured_media":0,"comment_status":"open","ping_status":"open","sticky":false,"template":"","format":"standard","meta":{"_mi_skip_tracking":false,"_monsterinsights_sitenote_active":false,"_monsterinsights_sitenote_note":"","_monsterinsights_sitenote_category":0,"footnotes":""},"categories":[24621,24781,104426],"tags":[],"_links":{"self":[{"href":"https:\/\/blog.cancaonova.com\/folhaseca\/wp-json\/wp\/v2\/posts\/1825"}],"collection":[{"href":"https:\/\/blog.cancaonova.com\/folhaseca\/wp-json\/wp\/v2\/posts"}],"about":[{"href":"https:\/\/blog.cancaonova.com\/folhaseca\/wp-json\/wp\/v2\/types\/post"}],"author":[{"embeddable":true,"href":"https:\/\/blog.cancaonova.com\/folhaseca\/wp-json\/wp\/v2\/users\/4397"}],"replies":[{"embeddable":true,"href":"https:\/\/blog.cancaonova.com\/folhaseca\/wp-json\/wp\/v2\/comments?post=1825"}],"version-history":[{"count":1,"href":"https:\/\/blog.cancaonova.com\/folhaseca\/wp-json\/wp\/v2\/posts\/1825\/revisions"}],"predecessor-version":[{"id":1826,"href":"https:\/\/blog.cancaonova.com\/folhaseca\/wp-json\/wp\/v2\/posts\/1825\/revisions\/1826"}],"wp:attachment":[{"href":"https:\/\/blog.cancaonova.com\/folhaseca\/wp-json\/wp\/v2\/media?parent=1825"}],"wp:term":[{"taxonomy":"category","embeddable":true,"href":"https:\/\/blog.cancaonova.com\/folhaseca\/wp-json\/wp\/v2\/categories?post=1825"},{"taxonomy":"post_tag","embeddable":true,"href":"https:\/\/blog.cancaonova.com\/folhaseca\/wp-json\/wp\/v2\/tags?post=1825"}],"curies":[{"name":"wp","href":"https:\/\/api.w.org\/{rel}","templated":true}]}}