{"id":1862,"date":"2016-05-31T13:59:55","date_gmt":"2016-05-31T16:59:55","guid":{"rendered":"http:\/\/blog.cancaonova.com\/folhaseca\/?p=1862"},"modified":"2016-06-01T13:23:48","modified_gmt":"2016-06-01T16:23:48","slug":"visitacao-de-prima","status":"publish","type":"post","link":"https:\/\/blog.cancaonova.com\/folhaseca\/2016\/05\/31\/visitacao-de-prima\/","title":{"rendered":"Visita\u00e7\u00e3o de Prima!"},"content":{"rendered":"<p><img loading=\"lazy\" decoding=\"async\" class=\"alignleft size-medium wp-image-1863\" src=\"http:\/\/blog.cancaonova.com\/folhaseca\/files\/2016\/05\/IMG_20160530_142517014_HDR-169x300.jpg\" alt=\"IMG_20160530_142517014_HDR\" width=\"169\" height=\"300\" srcset=\"https:\/\/blog.cancaonova.com\/folhaseca\/files\/2016\/05\/IMG_20160530_142517014_HDR-169x300.jpg 169w, https:\/\/blog.cancaonova.com\/folhaseca\/files\/2016\/05\/IMG_20160530_142517014_HDR-768x1367.jpg 768w, https:\/\/blog.cancaonova.com\/folhaseca\/files\/2016\/05\/IMG_20160530_142517014_HDR.jpg 1456w\" sizes=\"(max-width: 169px) 100vw, 169px\" \/>Fui buscar essa hist\u00f3ria numa estradinha quase deserta que liga a rodovia Presidente Dutra a Serra da Bocaina. Seguia de carro com meu filho tirando uma soneca no banco de tr\u00e1s, quando passei por uma senhora caminhando na beira da estrada com um saco imenso e aparentemente pesado nas costas. Compadecido com a cena, que passava pelo p\u00e1ra-brisa do carro, mas que ficara gravada na mem\u00f3ria, resolvi voltar atr\u00e1s daquela pobre senhora. Quando me aproximava dela, percebi o semblante cansado, p\u00e9s em cima de uma sand\u00e1lia &#8220;Havaianas&#8221; bem surradinha e o saco de estopa, daqueles de 60kg, com quase metade preenchido. Perguntei se queria uma carona e\u00a0imediatamente ela aceitou. Sentou com dificu<img loading=\"lazy\" decoding=\"async\" class=\"alignleft size-medium wp-image-1864\" src=\"http:\/\/blog.cancaonova.com\/folhaseca\/files\/2016\/05\/IMG_20160530_142506818-169x300.jpg\" alt=\"IMG_20160530_142506818\" width=\"169\" height=\"300\" srcset=\"https:\/\/blog.cancaonova.com\/folhaseca\/files\/2016\/05\/IMG_20160530_142506818-169x300.jpg 169w, https:\/\/blog.cancaonova.com\/folhaseca\/files\/2016\/05\/IMG_20160530_142506818-768x1367.jpg 768w, https:\/\/blog.cancaonova.com\/folhaseca\/files\/2016\/05\/IMG_20160530_142506818.jpg 1456w\" sizes=\"(max-width: 169px) 100vw, 169px\" \/>ldades no banco do carro e deu um belo suspiro de al\u00edvio. Ajeitou o saco no piso do carro, fechou a porta e abriu o livro de sua vida pra mim. &#8220;Meu nome \u00e9 Vera, moro l\u00e1 pra cima da Bocaina, mas onde o sr. me deixar j\u00e1 vai ajudar bastante!&#8221; Dona Vera j\u00e1 tinha caminhado quase 10 km com todo aquele peso nas costas. Vinha\u00a0de um lugarejo\u00a0chamado Embauzinho, passado pelo Centro de Cachoeira Paulista-SP, e seguia para sua casinha numa estradinha de ch\u00e3o pr\u00f3xima ao p\u00e9 da Serra da Bocaina. Minha curiosidade de jornalista ficava agu\u00e7ada e a primeira pergunta era: o que ela trazia naquele saco? &#8220;Meu filho eu trago aqui de tudo um pouco, e tem tamb\u00e9m um cachorrinho que ganhei, pra me fazer companhia. Tinha uma cadela, mas roubaram ela de mim.&#8221; Enquanto lamentava a perda da vira-latas, o filhote tentava escapar do saco. Ent\u00e3o perguntei porque estava vindo de t\u00e3o longe? Sua resposta me fez lembrar do esfor\u00e7o que Nossa Senhora fez para visitar a prima Santa Isabel. Dona Vera tinha ido visitar uma prima, que mora no Embauzinho. &#8220;Fiquei sabendo que minha prima estava acidentada e ent\u00e3o resolvi ir fazer uma visitinha e ajudar um pouco nas coisas da casa. Agora ela t\u00e1 melhor, e ent\u00e3o t\u00f4 voltand<img loading=\"lazy\" decoding=\"async\" class=\"alignleft size-medium wp-image-1861\" src=\"http:\/\/blog.cancaonova.com\/folhaseca\/files\/2016\/05\/IMG_20160530_142624986_HDR-169x300.jpg\" alt=\"IMG_20160530_142624986_HDR\" width=\"169\" height=\"300\" srcset=\"https:\/\/blog.cancaonova.com\/folhaseca\/files\/2016\/05\/IMG_20160530_142624986_HDR-169x300.jpg 169w, https:\/\/blog.cancaonova.com\/folhaseca\/files\/2016\/05\/IMG_20160530_142624986_HDR-768x1367.jpg 768w, https:\/\/blog.cancaonova.com\/folhaseca\/files\/2016\/05\/IMG_20160530_142624986_HDR.jpg 1456w\" sizes=\"(max-width: 169px) 100vw, 169px\" \/>o pra minha casinha meu filho&#8230; pra minha vidinha aqui!&#8221;, finalizava a senhora de 65 anos. Com olhos marejados, resolvi explorar um pouco mais aquele &#8220;livro&#8221; t\u00e3o\u00a0lindo e que certamente poucos tiveram a chance de l\u00ea-lo. Perguntei se ela vivia sozinha e a resposta foi surpreendente. &#8220;Tenho nove filhos e nenhum deles vem me visitar. Meu companheiro me deixou faz muitos anos porque n\u00e3o gostava de me ver na igreja. Ele bebia muito e ent\u00e3o resolveu ir embora. Nunca mais eu vi.&#8221; E chegando no ponto combinado ela pediu pra parar o carro. A igrejinha \u00e9 a \u00fanica refer\u00eancia de Dona Vera, pra n\u00e3o errar o caminho de casa e nem do c\u00e9u! \u00a0&#8220;Mo\u00e7o aqui t\u00e1 bom. Muito obrigado por essa linda carona e que Deus acompanhe o sr. e seu filho!&#8221; Enquanto via dona Vera seguir sua trilha, fiquei imaginando quantos passaram por Nossa Senhora, a caminho da casa de Santa Isabel e perderam a chance de conhecer a m\u00e3e do menino Jesus. Agrade\u00e7o ao Senhor, por esse presente me dado na v\u00e9spera dessa festa da Igreja, chamada de Visita\u00e7\u00e3o de Nossa Senhora. Que possamos aprender que a falta de um ve\u00edculo, uma condu\u00e7\u00e3o, um cavalo ou camelo, nunca vai ser motivo para impedir que a miseric\u00f3rdia com o pr\u00f3ximo aconte\u00e7a. O \u00fanico obst\u00e1culo que pode impedi-la de acontecer \u00e9 a nossa falta de \u00e2nimo.. falta de vontade!. Quem anda precisando de uma visita minha? Que a Virgem Maria nos ensine a olhar o pr\u00f3ximo, com a mesma precis\u00e3o de quem olhou e viu que o vinho acabou!. De quem olhou a longa estrada e n\u00e3o teve medo de seguir a\u00a0p\u00e9 todo o trajeto para ajudar quem precisava muito, principalmente de sua presen\u00e7a!<\/p>\n<p><strong>Deus aben\u00e7oe! \u00a0<\/strong><\/p>\n<p><em><strong><span style=\"color: #800000\">Wallace Andrade<\/span><\/strong><\/em><br \/>\n<em><strong><span style=\"color: #800000\">Comunidade Can\u00e7\u00e3o Nova<\/span><\/strong><\/em><br \/>\n<em><strong><span style=\"color: #800000\">wall&#97;&#99;&#x65;&#x2e;&#x61;&#x6e;&#x64;&#x72;ade&#64;c&#97;&#110;&#x63;&#x61;&#x6f;&#x6e;&#x6f;&#x76;a.co&#109;<\/span><\/strong><\/em><\/p>\n","protected":false},"excerpt":{"rendered":"<p>Fui buscar essa hist\u00f3ria numa estradinha quase deserta que liga a rodovia Presidente Dutra a Serra da Bocaina. Seguia de carro com meu filho tirando uma soneca no banco de tr\u00e1s, quando passei por uma senhora caminhando na beira da&#8230;<\/p>\n","protected":false},"author":4397,"featured_media":0,"comment_status":"open","ping_status":"open","sticky":false,"template":"","format":"standard","meta":{"_mi_skip_tracking":false,"_monsterinsights_sitenote_active":false,"_monsterinsights_sitenote_note":"","_monsterinsights_sitenote_category":0,"footnotes":""},"categories":[1],"tags":[5011,142294,40,32005,32754],"_links":{"self":[{"href":"https:\/\/blog.cancaonova.com\/folhaseca\/wp-json\/wp\/v2\/posts\/1862"}],"collection":[{"href":"https:\/\/blog.cancaonova.com\/folhaseca\/wp-json\/wp\/v2\/posts"}],"about":[{"href":"https:\/\/blog.cancaonova.com\/folhaseca\/wp-json\/wp\/v2\/types\/post"}],"author":[{"embeddable":true,"href":"https:\/\/blog.cancaonova.com\/folhaseca\/wp-json\/wp\/v2\/users\/4397"}],"replies":[{"embeddable":true,"href":"https:\/\/blog.cancaonova.com\/folhaseca\/wp-json\/wp\/v2\/comments?post=1862"}],"version-history":[{"count":2,"href":"https:\/\/blog.cancaonova.com\/folhaseca\/wp-json\/wp\/v2\/posts\/1862\/revisions"}],"predecessor-version":[{"id":1867,"href":"https:\/\/blog.cancaonova.com\/folhaseca\/wp-json\/wp\/v2\/posts\/1862\/revisions\/1867"}],"wp:attachment":[{"href":"https:\/\/blog.cancaonova.com\/folhaseca\/wp-json\/wp\/v2\/media?parent=1862"}],"wp:term":[{"taxonomy":"category","embeddable":true,"href":"https:\/\/blog.cancaonova.com\/folhaseca\/wp-json\/wp\/v2\/categories?post=1862"},{"taxonomy":"post_tag","embeddable":true,"href":"https:\/\/blog.cancaonova.com\/folhaseca\/wp-json\/wp\/v2\/tags?post=1862"}],"curies":[{"name":"wp","href":"https:\/\/api.w.org\/{rel}","templated":true}]}}