{"id":1872,"date":"2016-06-16T17:12:41","date_gmt":"2016-06-16T20:12:41","guid":{"rendered":"http:\/\/blog.cancaonova.com\/folhaseca\/?p=1872"},"modified":"2016-06-16T17:12:41","modified_gmt":"2016-06-16T20:12:41","slug":"minha-vida-tem-cor","status":"publish","type":"post","link":"https:\/\/blog.cancaonova.com\/folhaseca\/2016\/06\/16\/minha-vida-tem-cor\/","title":{"rendered":"Minha Vida Tem Cor?"},"content":{"rendered":"<p><img loading=\"lazy\" decoding=\"async\" class=\"alignleft size-medium wp-image-1874\" src=\"http:\/\/blog.cancaonova.com\/folhaseca\/files\/2016\/06\/IMG_20160605_101719690-169x300.jpg\" alt=\"IMG_20160605_101719690\" width=\"169\" height=\"300\" srcset=\"https:\/\/blog.cancaonova.com\/folhaseca\/files\/2016\/06\/IMG_20160605_101719690-169x300.jpg 169w, https:\/\/blog.cancaonova.com\/folhaseca\/files\/2016\/06\/IMG_20160605_101719690-768x1367.jpg 768w, https:\/\/blog.cancaonova.com\/folhaseca\/files\/2016\/06\/IMG_20160605_101719690.jpg 1456w\" sizes=\"(max-width: 169px) 100vw, 169px\" \/>Primeiro domingo de junho de 2016. Capelinha de Santo Ant\u00f4nio de Caninhas, Canas-SP. O canto de entrada<br \/>\nanuncia que a santa missa come\u00e7ou. No canto do altar a cortinha de pano se abre e os passos experientes<img loading=\"lazy\" decoding=\"async\" class=\"alignleft size-medium wp-image-1878\" src=\"http:\/\/blog.cancaonova.com\/folhaseca\/files\/2016\/06\/IMG_20160605_104411004_HDR-169x300.jpg\" alt=\"IMG_20160605_104411004_HDR\" width=\"169\" height=\"300\" srcset=\"https:\/\/blog.cancaonova.com\/folhaseca\/files\/2016\/06\/IMG_20160605_104411004_HDR-169x300.jpg 169w, https:\/\/blog.cancaonova.com\/folhaseca\/files\/2016\/06\/IMG_20160605_104411004_HDR-768x1367.jpg 768w, https:\/\/blog.cancaonova.com\/folhaseca\/files\/2016\/06\/IMG_20160605_104411004_HDR.jpg 1456w\" sizes=\"(max-width: 169px) 100vw, 169px\" \/> abrem espa\u00e7o para o celebrante. Um jovem senhor de 84<img loading=\"lazy\" decoding=\"async\" class=\"alignleft size-medium wp-image-1883\" src=\"http:\/\/blog.cancaonova.com\/folhaseca\/files\/2016\/06\/IMG_20160605_105118002_HDR-169x300.jpg\" alt=\"IMG_20160605_105118002_HDR\" width=\"169\" height=\"300\" \/> anos de vida e 55 de sacerd\u00f3cio. Padre M\u00e1rio Bonatti em plena atividade sacerdotal nem precisa de microfone. A potente voz se espalha por todos os cantos da pequena capela. Talvez 15 ou 20 fi\u00e9is felizardos t\u00eam a gra\u00e7a de participar desse momento t\u00e3o intimista com Cristo na Eucaristia e com o amor de quem sabe a cor certa pra pintar a pr\u00f3pria vida. Enquanto as leituras eram<br \/>\nproferidas, o padre\u00a0\u00a0grifava trechos importantes a serem usados na homilia. Depois de cinco d\u00e9cadas e meia de missas, ele ainda consegue fazer desse &#8220;sacrif\u00edcio&#8221; algo \u00fanico\u00a0e original que o atualiza todos os dias. Na consagra\u00e7\u00e3o eucar\u00edstica, amor e admira\u00e7\u00e3o se misturam como raios misericordiosos que brotam do olhar contemplativo do religioso. O zelo com corpo e sangue de Cristo, \u00e9 o mesmo daquele neo-sacerdote ordenado em Turin, na It\u00e1lia. E depois de todo o empenho o ponto alto pra quem distribui Jesus na Eucaristia e pra quem recebe de suas m\u00e3os o\u00a0\u00a0fragmento que renova a vida e a alegria de ser cat\u00f3lico. \u00a0As vezes nem chegamos a metade do caminho de nosso of\u00edcio e j\u00e1 estamos cansados&#8230;esgotados&#8230; desbotados com tudo que enfrentamos. Mas olhar o padre M\u00e1rio com a mesma alegria de quem est\u00e1 come\u00e7ando seu oficio, depois de mais de meio s\u00e9culo de sacerd\u00f3cio,\u00a0me faz\u00a0parar e perceber que na vida n\u00e3o \u00e9 preciso muito detalhe pra<br \/>\nprosseguir no exerc\u00edcio do dom que Deus nos confia. \u00c9 preciso apenas celebrar, comemorar, festejar a gra\u00e7a de ser e estar ativo&#8230; ser e se sentir \u00fatil num mundo onde tantos se esfor\u00e7am pra n\u00e3o viver de esfor\u00e7o. A cultura do menor esfor\u00e7o continua a apagar talentos e provocar trocas desleais, onde se deixa de fazer o que gosta para fazer o que rende mais dinheiro e descanso. E o que ser\u00e1 de n\u00f3s se num futuro bem pr\u00f3ximo, faltar disposi\u00e7\u00e3o sacerdotal para celebrar missas? Faltar inspira\u00e7\u00e3o pra catar palavras e sentimentos, formar frases e versos nesta poesia da vida? Afinal a vida sem Deus e sem\u00a0\u00a0poesia ser\u00e1 sempre mais fria e vazia. E sem padres e poetas como v\u00e3o ficar os que ainda querem trilhar o caminho de quem \u00e9 feliz com o que faz? O dinheiro ser\u00e1 sempre uma necessidade, mas nunca ser\u00e1 capaz de substituir a felicidade de quem entendeu que<strong><em><span style=\"color: #008000\"> &#8220;a vida tem a cor que voc\u00ea pinta.&#8221;<\/span><\/em><\/strong><\/p>\n<p>Deus aben\u00e7oe!<\/p>\n<p><strong><em><span style=\"color: #800000\">Wallace Andrade<\/span><\/em><\/strong><br \/>\n<strong><em><span style=\"color: #800000\">Comunidade Can\u00e7\u00e3o Nova<\/span><\/em><\/strong><br \/>\n<strong><em><span style=\"color: #800000\">@WallaceAndrade9<\/span><\/em><\/strong><\/p>\n","protected":false},"excerpt":{"rendered":"<p>Primeiro domingo de junho de 2016. Capelinha de Santo Ant\u00f4nio de Caninhas, Canas-SP. O canto de entrada anuncia que a santa missa come\u00e7ou. No canto do altar a cortinha de pano se abre e os passos experientes abrem espa\u00e7o para&#8230;<\/p>\n","protected":false},"author":4397,"featured_media":0,"comment_status":"open","ping_status":"open","sticky":false,"template":"","format":"standard","meta":{"_mi_skip_tracking":false,"_monsterinsights_sitenote_active":false,"_monsterinsights_sitenote_note":"","_monsterinsights_sitenote_category":0,"footnotes":""},"categories":[40511,2211,32121,104426],"tags":[],"_links":{"self":[{"href":"https:\/\/blog.cancaonova.com\/folhaseca\/wp-json\/wp\/v2\/posts\/1872"}],"collection":[{"href":"https:\/\/blog.cancaonova.com\/folhaseca\/wp-json\/wp\/v2\/posts"}],"about":[{"href":"https:\/\/blog.cancaonova.com\/folhaseca\/wp-json\/wp\/v2\/types\/post"}],"author":[{"embeddable":true,"href":"https:\/\/blog.cancaonova.com\/folhaseca\/wp-json\/wp\/v2\/users\/4397"}],"replies":[{"embeddable":true,"href":"https:\/\/blog.cancaonova.com\/folhaseca\/wp-json\/wp\/v2\/comments?post=1872"}],"version-history":[{"count":1,"href":"https:\/\/blog.cancaonova.com\/folhaseca\/wp-json\/wp\/v2\/posts\/1872\/revisions"}],"predecessor-version":[{"id":1885,"href":"https:\/\/blog.cancaonova.com\/folhaseca\/wp-json\/wp\/v2\/posts\/1872\/revisions\/1885"}],"wp:attachment":[{"href":"https:\/\/blog.cancaonova.com\/folhaseca\/wp-json\/wp\/v2\/media?parent=1872"}],"wp:term":[{"taxonomy":"category","embeddable":true,"href":"https:\/\/blog.cancaonova.com\/folhaseca\/wp-json\/wp\/v2\/categories?post=1872"},{"taxonomy":"post_tag","embeddable":true,"href":"https:\/\/blog.cancaonova.com\/folhaseca\/wp-json\/wp\/v2\/tags?post=1872"}],"curies":[{"name":"wp","href":"https:\/\/api.w.org\/{rel}","templated":true}]}}