{"id":2033,"date":"2018-09-28T20:39:29","date_gmt":"2018-09-28T23:39:29","guid":{"rendered":"http:\/\/blog.cancaonova.com\/folhaseca\/?p=2033"},"modified":"2018-10-08T09:20:57","modified_gmt":"2018-10-08T12:20:57","slug":"mae-rainha-mae-de-milagres","status":"publish","type":"post","link":"https:\/\/blog.cancaonova.com\/folhaseca\/2018\/09\/28\/mae-rainha-mae-de-milagres\/","title":{"rendered":"M\u00e3e Rainha, m\u00e3e de milagres"},"content":{"rendered":"<h2 class=\"product-title--large\">M\u00e3e de Milagres, experi\u00eancias de carinho e amor vivenciados nos santu\u00e1rios da M\u00e3e Rainha<\/h2>\n<p>A capelinha da M\u00e3e Rainha tr\u00eas vezes admir\u00e1vel de Schoenstatt foi a primeira imagem de Nossa Senhora, que eu e minha esposa recebemos, depois de casados. N\u00e3o imaginava que, um dia, ela seria t\u00e3o importante na miss\u00e3o, que abra\u00e7amos, ao nos tornarmos membros da Comunidade Can\u00e7\u00e3o Nova.<\/p>\n<p><a href=\"http:\/\/blog.cancaonova.com\/folhaseca\/files\/2018\/09\/1600x1200-M\u00c3E-DE-MILAGRES.jpg\"><img loading=\"lazy\" decoding=\"async\" class=\"alignnone size-medium wp-image-2044\" src=\"http:\/\/blog.cancaonova.com\/folhaseca\/files\/2018\/09\/1600x1200-M\u00c3E-DE-MILAGRES-300x225.jpg\" alt=\"\" width=\"300\" height=\"225\" srcset=\"https:\/\/blog.cancaonova.com\/folhaseca\/files\/2018\/09\/1600x1200-M\u00c3E-DE-MILAGRES-300x225.jpg 300w, https:\/\/blog.cancaonova.com\/folhaseca\/files\/2018\/09\/1600x1200-M\u00c3E-DE-MILAGRES-768x576.jpg 768w, https:\/\/blog.cancaonova.com\/folhaseca\/files\/2018\/09\/1600x1200-M\u00c3E-DE-MILAGRES.jpg 1600w\" sizes=\"(max-width: 300px) 100vw, 300px\" \/><\/a><\/p>\n<p>Em 2014, tive a gra\u00e7a de fazer uma s\u00e9rie de reportagens para o jornalismo da TV Can\u00e7\u00e3o Nova, sobre o ano jubilar do Movimento Apost\u00f3lico de Schoenstatt, que completava 100 anos de exist\u00eancia.<\/p>\n<p>Foi uma experi\u00eancia \u00fanica, visitar alguns Santu\u00e1rios da M\u00e3e Rainha aqui no Brasil. Nas passagens por Olinda (PE), Confins (MG) e Atibaia (SP), Nossa Senhora come\u00e7ou a me inspirar e a me motivar a dar passos mais concretos como mission\u00e1rio e mariano que sou.<\/p>\n<p>Em 2018, outro ano jubilar do Movimento de Schoenstatt. No \u00faltimo dia 15 de setembro, o fundador, padre Joseph Kentenich, completou 50 anos de morada no c\u00e9u. Ao saber disso, no in\u00edcio do ano, senti-me impulsionado a escrever meu segundo livro M\u00e3e de Milagres.<\/p>\n<p>Nele, eu descrevo os horrores da guerra, vivenciados pelo padre e fundador do Movimento, num campo de concentra\u00e7\u00e3o nazista na Alemanha.<\/p>\n<h3>Nossa Senhora de Schoenstatt no Brasil<\/h3>\n<p>Tamb\u00e9m relato a trajet\u00f3ria que a devo\u00e7\u00e3o a Nossa Senhora de Schoenstatt cumpriu at\u00e9 chegar ao Brasil. Tamb\u00e9m dedico um cap\u00edtulo ao Di\u00e1cono Jo\u00e3o Pozzobom, que teve a inspira\u00e7\u00e3o de confeccionar a primeira capelinha da M\u00e3e Rainha.<\/p>\n<p>O livro \u201c<a href=\"https:\/\/loja.cancaonova.com\/livro-m-e-de-milagres-experiencias-de-carinho-e-amor-de-m-e-vivenciadas-nos-santuarios-da-m-e-rainha\">M\u00e3e de Milagres: Experi\u00eancias de carinho e amor de m\u00e3e vivenciadas nos santu\u00e1rios da M\u00e3e Rainha<\/a>\u201d \u00e9 tamb\u00e9m uma linda hist\u00f3ria de fam\u00edlia, religiosidade e amor a M\u00e3e de Nosso Senhor Jesus Cristo.<\/p>\n<p>Defino essa obra como uma grande e verdadeira reportagem, com detalhes requintados de uma devo\u00e7\u00e3o que nasceu numa pequena cidade da Alemanha e ganhou contornos incalcul\u00e1veis de uma hist\u00f3ria real e linda de se contar, porque nela encontro vias de santidade que contagiam todo e qualquer crist\u00e3o, que tenha o cora\u00e7\u00e3o aberto ao amor cristalino de M\u00e3e.<\/p>\n<p>Convido voc\u00ea a fazer essa experi\u00eancia e espalhar esse perfume, cuja fragr\u00e2ncia ficar\u00e1 para sempre registrada em nossos cora\u00e7\u00f5es!<\/p>\n<p>Deus aben\u00e7oe!<\/p>\n<p>Wallace Andrade<br \/>\nComunidade Can\u00e7\u00e3o Nova<br \/>\nInstagran: @wallace.andrade.cn<br \/>\nTwitter: @WallaceAndrade9<\/p>\n","protected":false},"excerpt":{"rendered":"<p>M\u00e3e de Milagres, experi\u00eancias de carinho e amor vivenciados nos santu\u00e1rios da M\u00e3e Rainha A capelinha da M\u00e3e Rainha tr\u00eas vezes admir\u00e1vel de Schoenstatt foi a primeira imagem de Nossa Senhora, que eu e minha esposa recebemos, depois de casados&#8230;.<\/p>\n","protected":false},"author":4397,"featured_media":0,"comment_status":"open","ping_status":"open","sticky":false,"template":"","format":"standard","meta":{"_mi_skip_tracking":false,"_monsterinsights_sitenote_active":false,"_monsterinsights_sitenote_note":"","_monsterinsights_sitenote_category":0,"footnotes":""},"categories":[43640,104417,40511,183440,10251,36475,183439,104426],"tags":[],"_links":{"self":[{"href":"https:\/\/blog.cancaonova.com\/folhaseca\/wp-json\/wp\/v2\/posts\/2033"}],"collection":[{"href":"https:\/\/blog.cancaonova.com\/folhaseca\/wp-json\/wp\/v2\/posts"}],"about":[{"href":"https:\/\/blog.cancaonova.com\/folhaseca\/wp-json\/wp\/v2\/types\/post"}],"author":[{"embeddable":true,"href":"https:\/\/blog.cancaonova.com\/folhaseca\/wp-json\/wp\/v2\/users\/4397"}],"replies":[{"embeddable":true,"href":"https:\/\/blog.cancaonova.com\/folhaseca\/wp-json\/wp\/v2\/comments?post=2033"}],"version-history":[{"count":9,"href":"https:\/\/blog.cancaonova.com\/folhaseca\/wp-json\/wp\/v2\/posts\/2033\/revisions"}],"predecessor-version":[{"id":2045,"href":"https:\/\/blog.cancaonova.com\/folhaseca\/wp-json\/wp\/v2\/posts\/2033\/revisions\/2045"}],"wp:attachment":[{"href":"https:\/\/blog.cancaonova.com\/folhaseca\/wp-json\/wp\/v2\/media?parent=2033"}],"wp:term":[{"taxonomy":"category","embeddable":true,"href":"https:\/\/blog.cancaonova.com\/folhaseca\/wp-json\/wp\/v2\/categories?post=2033"},{"taxonomy":"post_tag","embeddable":true,"href":"https:\/\/blog.cancaonova.com\/folhaseca\/wp-json\/wp\/v2\/tags?post=2033"}],"curies":[{"name":"wp","href":"https:\/\/api.w.org\/{rel}","templated":true}]}}