{"id":2247,"date":"2022-09-14T12:17:44","date_gmt":"2022-09-14T15:17:44","guid":{"rendered":"http:\/\/blog.cancaonova.com\/folhaseca\/?p=2247"},"modified":"2022-09-14T12:17:44","modified_gmt":"2022-09-14T15:17:44","slug":"rosa-da-rosaria","status":"publish","type":"post","link":"https:\/\/blog.cancaonova.com\/folhaseca\/2022\/09\/14\/rosa-da-rosaria\/","title":{"rendered":"ROSA DA ROS\u00c1RIA"},"content":{"rendered":"<p><a href=\"http:\/\/blog.cancaonova.com\/folhaseca\/files\/2014\/10\/Foto1061.jpg\"><img loading=\"lazy\" decoding=\"async\" class=\"alignleft size-medium wp-image-1720\" src=\"http:\/\/blog.cancaonova.com\/folhaseca\/files\/2014\/10\/Foto1061-300x225.jpg\" alt=\"\" width=\"300\" height=\"225\" srcset=\"https:\/\/blog.cancaonova.com\/folhaseca\/files\/2014\/10\/Foto1061-300x225.jpg 300w, https:\/\/blog.cancaonova.com\/folhaseca\/files\/2014\/10\/Foto1061.jpg 320w\" sizes=\"(max-width: 300px) 100vw, 300px\" \/><\/a><em>O orvalho da manh\u00e3 e os respingos de chuva anunciam que hoje a natureza est\u00e1 mais tristonha em Cachoeira Paulista-SP. \u00c9 o an\u00fancio de que o tempo de novidades se aproxima e com a primavera, tamb\u00e9m \u00e9 preciso florecer e perfumar novos canteiros.\u00a0 Rosas com sorrisos e brom\u00e9lias com espinhos, sempre v\u00e3o nortear os recantos naturais, porque as duas plantas se dizem pela beleza das p\u00e9talas e pelo doce perfume que exalam.\u00a0 A estrada \u00e9 longa, mas \u00e9 importante saber que tens o seu lugar. A estrada tem curvas, obst\u00e1culos, pedras e buracos, mas \u00e9 importante saber que vai chegar. E mesmo que se atrase, se atrapalhe, interrompa o trajeto por um breve tempo, saiba que vai chegar. Porque ter\u00e1s sempre os seus a te esperar e a festejar sua volta. Seja para o centro do mapa, seja para uma das pontas do desenho, saiba que a ida e o retorno s\u00e3o inevit\u00e1veis.\u00a0 A roseira tem espinhos e p\u00e9talas, cresce e florece a cada nova esta\u00e7\u00e3o. A Ros\u00e1ria, como roseira tamb\u00e9m passa por podas e as flores ligadas a ela balan\u00e7am a liberar p\u00e9talas ressequidas e envelhecidas pela for\u00e7a do Sol que n\u00e3o passa. Ah o que seria do seu jardim sem o Sol de cada dia, o que seria das Rosas sem o brilho e a luz que vem do c\u00e9u. O aperto no peito, ao ver mais uma p\u00e9tala se desprender da flor, tem consolo quando vemos que tudo passa e a florada vir\u00e1 outra vez renovar o colorido do jardim, quando ele mais precisa.\u00a0 Tem sido assim desde a primeira vez em que a roseira foi plantada no vaso dos nossos cora\u00e7\u00f5es. Em cada momento de inseguran\u00e7a e medo, Deus foi e ser\u00e1 sempre o jardineiro atento a adubar nossas terras e a regar nossas Roseiras, para que elas flore\u00e7am e nos acalme com o mais doce perfume e a mais bela flor. N\u00e3o temos motivos para chorar, porque acreditamos que o Amor de Deus nunca passa, mas choramos mesmo assim, porque a saudade vai apertar. Porque n\u00e3o sabemos os des\u00edgnios do Senhor e nem por onde e para onde iremos nessa estrada da vida.\u00a0 Mas fica a certeza de que onde quer que essa Rosa seja plantada, vai sempre perfumar e alegrar os jardins da vida. E aos que experimentaram esse perfume e esse brilho das p\u00e9talas, n\u00e3o ser\u00e3o capazes de esquecer o dia em que o canteiro do cora\u00e7\u00e3o, deixou de ser o mesmo para ser melhor.N\u00f3s amamos voc\u00ea Rosa Costa&#8230;\u00a0Estaremos aqui ou em qualquer outra miss\u00e3o a rezar e a oferecer sempre\u00a0nossa amizade e irmandade a voc\u00ea.<\/em><\/p>\n<p><em><strong>Wallace Andrade<\/strong><\/em><br \/>\n<em><strong>Comunicade Can\u00e7\u00e3o Nova<\/strong><\/em><br \/>\n<em><strong>&#x77;a&#x6c;&#x6c;a&#x63;&#101;.&#x61;&#110;d&#x72;a&#x64;&#x65;&#64;&#x63;&#97;n&#x63;&#97;o&#x6e;o&#x76;&#x61;.&#x63;&#x6f;m<\/strong><\/em><\/p>\n","protected":false},"excerpt":{"rendered":"<p>O orvalho da manh\u00e3 e os respingos de chuva anunciam que hoje a natureza est\u00e1 mais tristonha em Cachoeira Paulista-SP. \u00c9 o an\u00fancio de que o tempo de novidades se aproxima e com a primavera, tamb\u00e9m \u00e9 preciso florecer e&#8230;<\/p>\n","protected":false},"author":4397,"featured_media":0,"comment_status":"open","ping_status":"open","sticky":false,"template":"","format":"standard","meta":{"_mi_skip_tracking":false,"_monsterinsights_sitenote_active":false,"_monsterinsights_sitenote_note":"","_monsterinsights_sitenote_category":0,"footnotes":""},"categories":[1],"tags":[],"_links":{"self":[{"href":"https:\/\/blog.cancaonova.com\/folhaseca\/wp-json\/wp\/v2\/posts\/2247"}],"collection":[{"href":"https:\/\/blog.cancaonova.com\/folhaseca\/wp-json\/wp\/v2\/posts"}],"about":[{"href":"https:\/\/blog.cancaonova.com\/folhaseca\/wp-json\/wp\/v2\/types\/post"}],"author":[{"embeddable":true,"href":"https:\/\/blog.cancaonova.com\/folhaseca\/wp-json\/wp\/v2\/users\/4397"}],"replies":[{"embeddable":true,"href":"https:\/\/blog.cancaonova.com\/folhaseca\/wp-json\/wp\/v2\/comments?post=2247"}],"version-history":[{"count":1,"href":"https:\/\/blog.cancaonova.com\/folhaseca\/wp-json\/wp\/v2\/posts\/2247\/revisions"}],"predecessor-version":[{"id":2248,"href":"https:\/\/blog.cancaonova.com\/folhaseca\/wp-json\/wp\/v2\/posts\/2247\/revisions\/2248"}],"wp:attachment":[{"href":"https:\/\/blog.cancaonova.com\/folhaseca\/wp-json\/wp\/v2\/media?parent=2247"}],"wp:term":[{"taxonomy":"category","embeddable":true,"href":"https:\/\/blog.cancaonova.com\/folhaseca\/wp-json\/wp\/v2\/categories?post=2247"},{"taxonomy":"post_tag","embeddable":true,"href":"https:\/\/blog.cancaonova.com\/folhaseca\/wp-json\/wp\/v2\/tags?post=2247"}],"curies":[{"name":"wp","href":"https:\/\/api.w.org\/{rel}","templated":true}]}}