{"id":2618,"date":"2026-03-09T19:34:15","date_gmt":"2026-03-09T22:34:15","guid":{"rendered":"https:\/\/blog.cancaonova.com\/folhaseca\/?p=2618"},"modified":"2026-03-09T19:34:15","modified_gmt":"2026-03-09T22:34:15","slug":"por-que-nao-noticiar-suicidio","status":"publish","type":"post","link":"https:\/\/blog.cancaonova.com\/folhaseca\/2026\/03\/09\/por-que-nao-noticiar-suicidio\/","title":{"rendered":"POR QUE N\u00c3O NOTICIAR SUIC\u00cdDIO?"},"content":{"rendered":"<p><em><strong><span style=\"color: #800000\"><img loading=\"lazy\" decoding=\"async\" class=\"alignleft size-medium wp-image-2619\" src=\"https:\/\/blog.cancaonova.com\/folhaseca\/files\/2026\/03\/WhatsApp-Image-2026-03-09-at-19.32.59-300x120.jpeg\" alt=\"\" width=\"300\" height=\"120\" srcset=\"https:\/\/blog.cancaonova.com\/folhaseca\/files\/2026\/03\/WhatsApp-Image-2026-03-09-at-19.32.59-300x120.jpeg 300w, https:\/\/blog.cancaonova.com\/folhaseca\/files\/2026\/03\/WhatsApp-Image-2026-03-09-at-19.32.59-768x308.jpeg 768w, https:\/\/blog.cancaonova.com\/folhaseca\/files\/2026\/03\/WhatsApp-Image-2026-03-09-at-19.32.59.jpeg 831w\" sizes=\"(max-width: 300px) 100vw, 300px\" \/><\/span><\/strong><\/em>Alguns especialistas em Comunica\u00e7\u00e3o apostam numa mudan\u00e7a recente de comportamento do jornalismo no que diz respeito \u00e0s not\u00edcias ligadas ao suic\u00eddio. Muitos meios acreditam que noticiar uma morte deste tipo tem como principal finalidade o equilibrio do interesse p\u00fablico com a \u00e9tica. Tamb\u00e9m afirmam que seria uma maneira de ajudar a entender melhor essa pr\u00e1tica e com isso trabalhar reportagens que ampliem o debate e, quem sabe, reduzam o drama de quem enfrenta problemas emocionais e corre o risco de cometer suic\u00eddio. Falam at\u00e9 em evitar o sensacionalismo e n\u00e3o permitir o chamado efeito &#8220;imita\u00e7\u00e3o&#8221;, que ao longo das \u00faltimas d\u00e9cadas pode ter contribu\u00eddo com o crescimento das estat\u00edsticas. Qualquer psic\u00f3logo \u00e9 capaz de afirmar que pessoas com tend\u00eancias suic\u00eddas, se sentem estimuladas a fazer o mesmo, quando assistem conte\u00fados que noticiam, ou at\u00e9 mesmo ensinam a fazer o mesmo. At\u00e9 falam em mat\u00e9rias com foco na conscientiza\u00e7\u00e3o, preven\u00e7\u00e3o, desde que n\u00e3o se detalhem m\u00e9todos ou locais em que suic\u00eddios acontecem. Numa busca r\u00e1pida, com aux\u00edlio da Intelig\u00eancia Artificial, d\u00e1 at\u00e9 pra encontrar algumas diretrizes \u00e9ticas e pr\u00e1ticas na forma de noticiar um suic\u00eddio.\u00a0 Coisas do tipo:<\/p>\n<p><strong class=\"Yjhzub\" data-sfc-cb=\"\" data-processed=\"true\">Evitar Sensacionalismo:<\/strong> A cobertura n\u00e3o deve glamourizar ou detalhar o ato.<br \/>\n<strong class=\"Yjhzub\" data-sfc-cb=\"\" data-processed=\"true\">Foco na Preven\u00e7\u00e3o:<\/strong> A not\u00edcia deve ser pautada como sa\u00fade p\u00fablica e incluir informa\u00e7\u00f5es sobre busca de ajuda.<br \/>\n<strong class=\"Yjhzub\" data-sfc-cb=\"\" data-processed=\"true\">Respeito \u00e0 Fam\u00edlia:<\/strong> A abordagem precisa ser emp\u00e1tica, preservando a intimidade dos envolvidos.<br \/>\n<strong class=\"Yjhzub\" data-sfc-cb=\"\" data-processed=\"true\">Exce\u00e7\u00f5es:<\/strong> Casos de figuras p\u00fablicas ou ocorr\u00eancias em locais p\u00fablicos que impactam a coletividade podem exigir cobertura, mas com extremo cuidado.<br \/>\n<strong class=\"Yjhzub\" data-sfc-cb=\"\" data-processed=\"true\">Abordagem Atual:<\/strong> O suic\u00eddio tem deixado de ser um tabu absoluto, sendo tratado com maior seriedade para quebrar o estigma, sem dar &#8220;roteiros&#8221; \u00e0 novos casos.<\/p>\n<p>Ent\u00e3o me ajude a entender essas diretrizes. Uma cobertura jornal\u00edstica sobre suic\u00eddio, j\u00e1 n\u00e3o revela uma pitada de <strong>sensacionalismo<\/strong>, ou algu\u00e9m \u00e9 capaz de achar sensacional um suic\u00eddio?<br \/>\nAo noticiar um suic\u00eddio eu consigo <strong>previnir<\/strong> mais o que, se a v\u00edtima atribulada j\u00e1 tirou a sua vida? Talvez, no m\u00e1ximo, criticar a inoper\u00e2ncia do sistema de sa\u00fade, que al\u00e9m do Setembro Amarelo,\u00a0 muito pouco faz para mudar esse quadro, que registra uma m\u00e9dia de 38 pessoas que tiram a pr\u00f3pria vida por dia no Brasil, cerca de 14 mil casos s\u00f3 em 2025.\u00a0 <strong>Respeitar a fam\u00edlia<\/strong>, preservar a intimidade do envolvido, n\u00e3o seria tamb\u00e9m ficar sem ningu\u00e9m para abordar sobre o suic\u00eddio ocorrido? S\u00f3 em estar com seu equipamento jornal\u00edstico no local onde o suicida foi encontrado, j\u00e1 gera nos familiares uma mistura de ang\u00fastia e vergonha, incapazes de serem reveladas de outra forma. Ou se entra na intimidade do caso, mesmo sem detalhes, ou n\u00e3o se entra.\u00a0 As<strong> exce\u00e7\u00f5es<\/strong>, significam que as figuras p\u00fablicas, se tratam de pessoas que n\u00e3o tem mais fam\u00edlia? Os outros suic\u00eddas, sem fama p\u00fablica, n\u00e3o impactam a coletividade? Como fazer uma cobertura extremamente cuidadosa? Falar o lado bom de quem suicidou? <strong>Abordagem Atual, <\/strong>n\u00e3o seria na verdade a banaliza\u00e7\u00e3o desse tipo de pr\u00e1tica? E antes? Esse tipo de tema era tratado com menor seriedade?<\/p>\n<p>E n\u00e3o quero terminar esse pesado tema, sem um \u00faltimo questionamento.\u00a0 Por que n\u00e3o se detalha, por exemplo, que as tenta\u00e7\u00f5es malignas e influ\u00eancias demon\u00edacas, instigam ao pecado que afasta a pessoa de Deus, ao ponto de incitar o desespero interior e fatalmente os pensamentos suicidas. A v\u00edtima do pecado, instigado pelo inimigo de Deus, perde a confian\u00e7a na miseric\u00f3rdia divina, se isola da comunidade e perde a esperan\u00e7a. E sem esperan\u00e7a se perde o sentido da vida. No artigo 2280 do Catecismo da Igreja Cat\u00f3lica lemos: \u201cCada um \u00e9 respons\u00e1vel por sua vida diante de Deus, que lhe deu e que dela \u00e9 sempre o \u00fanico e soberano Senhor. Devemos receber a vida com reconhecimento e preserv\u00e1-la para honra dele e salva\u00e7\u00e3o de nossas almas. Somos os administradores e n\u00e3o os propriet\u00e1rios da vida que Deus nos confiou. N\u00e3o podemos dispor dela\u201d.\u00a0 No artigo 2281 \u2013 \u201cO suic\u00eddio contradiz a inclina\u00e7\u00e3o natural do ser humano a conservar e perpetuar a pr\u00f3pria vida. \u00c9 gravemente contr\u00e1rio ao justo amor de si mesmo. Ofende igualmente o amor do pr\u00f3ximo, porque rompe injustamente os v\u00ednculos de solidariedade com as sociedades familiar, nacional e humana, \u00e0s quais nos ligam muitas obriga\u00e7\u00f5es. O suic\u00eddio \u00e9 contr\u00e1rio ao amor do Deus vivo\u201d.\u00a0 Por isso as boas e belas not\u00edcias podem sim ser rem\u00e9dio para os que hoje enfrentam tenta\u00e7\u00f5es. Principalmente aquelas que recordam, com riquezas de detalhes, que Deus \u00e9 capaz de mudar toda e qualquer situa\u00e7\u00e3o. Basta apenas que confiemos mais nele e menos nas coisas do mundo.<\/p>\n<p><em><strong><span style=\"color: #800000\">Deus aben\u00e7oe!<\/span><\/strong><\/em><\/p>\n<p><em><strong><span style=\"color: #800000\">Wallace Andrade<\/span><\/strong><\/em><br \/>\n<em><strong><span style=\"color: #800000\">Comunidade Can\u00e7\u00e3o Nova<\/span><\/strong><\/em><\/p>\n","protected":false},"excerpt":{"rendered":"<p>Alguns especialistas em Comunica\u00e7\u00e3o apostam numa mudan\u00e7a recente de comportamento do jornalismo no que diz respeito \u00e0s not\u00edcias ligadas ao suic\u00eddio. Muitos meios acreditam que noticiar uma morte deste tipo tem como principal finalidade o equilibrio do interesse p\u00fablico com&#8230;<\/p>\n","protected":false},"author":4397,"featured_media":0,"comment_status":"closed","ping_status":"closed","sticky":false,"template":"","format":"standard","meta":{"_mi_skip_tracking":false,"_monsterinsights_sitenote_active":false,"_monsterinsights_sitenote_note":"","_monsterinsights_sitenote_category":0,"footnotes":""},"categories":[1],"tags":[],"_links":{"self":[{"href":"https:\/\/blog.cancaonova.com\/folhaseca\/wp-json\/wp\/v2\/posts\/2618"}],"collection":[{"href":"https:\/\/blog.cancaonova.com\/folhaseca\/wp-json\/wp\/v2\/posts"}],"about":[{"href":"https:\/\/blog.cancaonova.com\/folhaseca\/wp-json\/wp\/v2\/types\/post"}],"author":[{"embeddable":true,"href":"https:\/\/blog.cancaonova.com\/folhaseca\/wp-json\/wp\/v2\/users\/4397"}],"replies":[{"embeddable":true,"href":"https:\/\/blog.cancaonova.com\/folhaseca\/wp-json\/wp\/v2\/comments?post=2618"}],"version-history":[{"count":0,"href":"https:\/\/blog.cancaonova.com\/folhaseca\/wp-json\/wp\/v2\/posts\/2618\/revisions"}],"wp:attachment":[{"href":"https:\/\/blog.cancaonova.com\/folhaseca\/wp-json\/wp\/v2\/media?parent=2618"}],"wp:term":[{"taxonomy":"category","embeddable":true,"href":"https:\/\/blog.cancaonova.com\/folhaseca\/wp-json\/wp\/v2\/categories?post=2618"},{"taxonomy":"post_tag","embeddable":true,"href":"https:\/\/blog.cancaonova.com\/folhaseca\/wp-json\/wp\/v2\/tags?post=2618"}],"curies":[{"name":"wp","href":"https:\/\/api.w.org\/{rel}","templated":true}]}}