{"id":357,"date":"2010-01-08T05:03:24","date_gmt":"2010-01-08T08:03:24","guid":{"rendered":"http:\/\/blog.cancaonova.com\/folhaseca\/?p=357"},"modified":"2010-01-09T10:24:29","modified_gmt":"2010-01-09T13:24:29","slug":"missao-sem-maresia","status":"publish","type":"post","link":"https:\/\/blog.cancaonova.com\/folhaseca\/2010\/01\/08\/missao-sem-maresia\/","title":{"rendered":"MISS\u00c3O SEM MARESIA"},"content":{"rendered":"<p><a href=\"http:\/\/blog.cancaonova.com\/folhaseca\/files\/2010\/01\/974419148_aa9250b58e2.jpg\"><img loading=\"lazy\" decoding=\"async\" class=\"alignleft size-medium wp-image-373\" src=\"http:\/\/blog.cancaonova.com\/folhaseca\/files\/2010\/01\/974419148_aa9250b58e2-300x225.jpg\" alt=\"\" width=\"300\" height=\"225\" \/><\/a><span style=\"color: #800080\"><span style=\"font-family: Comic Sans MS;color: #0000ff\"><em><span style=\"color: #000000\"><strong><span style=\"color: #ff6600\">Como tenho saudade do mar, do pisar na areia molhada, do canto das gaivotas a perseguirem o pequeno barco pesqueiro, do sil\u00eancio quebrado pelas ondas perfeitas. O ver\u00e3o sempre tr\u00e1s o desejo de estar mais perto da maresia e do vento do litoral. Mas nem sempre \u00e9 poss\u00edvel vivermos a esta\u00e7\u00e3o do sol e da praia onde nos sentimos bem confort\u00e1veis e relaxados. As vezes o chamado que Deus nos faz, \u00e9 para bem longe do mar. Quem sabe at\u00e9 debaixo de um sol escaldante onde os pingos do suor s\u00e3o inevit\u00e1veis. Mas aprendemos com nosso pai fundador, Monsenhor Jonas Abib, que precisamos aguentar firme. \u00c9 por causa do evangelho que abrimos m\u00e3o do frescor do litoral. \u00c9 por causa da miss\u00e3o que as vezes trocamos o ver\u00e3o brasileiro pelo rigoroso inverno europeu. \u00c9 para que almas sejam salvas que dizemos o nosso sim de cada dia. Ent\u00e3o me vem uma frase do nosso Pedro, Papa Bento XVI, meditada momentos depois de ser escolhido como sucessor do Papa Jo\u00e3o Paulo II.<\/span><\/strong> <\/span><\/em><\/span><strong><em><span style=\"font-family: Comic Sans MS;color: #0000ff\"><em>&#8220;As vias do Senhor n\u00e3o s\u00e3o confort\u00e1veis, mas n\u00f3s n\u00e3o somos criados para o conforto, mas para as coisas grandes, para o bem&#8221;. (Papa Bento XVI)<br \/>\n<\/em><\/span><\/em><span style=\"font-family: Comic Sans MS;color: #0000ff\"><em><\/em><\/span><\/strong><span style=\"font-family: Comic Sans MS;color: #0000ff\"><em><\/em><\/span><\/span><\/p>\n<p><span style=\"color: #800080\"><span style=\"font-family: Comic Sans MS;color: #0000ff\"><em><span style=\"color: #000000\">Se hoje se encontra triste por n\u00e3o estar onde queria, por n\u00e3o viver aquilo que mais gostaria, ent\u00e3o precisa se entregar a ora\u00e7\u00e3o e clamar ao Senhor o desprendimento daquilo que te aperta o cora\u00e7\u00e3o.<br \/>\n<\/span><\/em><\/span><\/span><\/p>\n<p><span style=\"color: #ff0000\"><strong><span style=\"font-family: Comic Sans MS;color: #0000ff\"><em>Oremos: Oh meu Senhor e meu Deus, s\u00f3 tu sabes o desejo que tenho de me tornar um crist\u00e3o melhor e desprendido dos prazeres desse mundo. Vem em meu aux\u00edlio Senhor, e me faz suportar a caminhada sem murmura\u00e7\u00f5es, sem o desejo de viver aquilo que agora n\u00e3o \u00e9 poss\u00edvel viver. Dai-me Jesus um cora\u00e7\u00e3o d\u00f3cil e dedicado as obras que Tu sonhou para mim. Que eu n\u00e3o esmore\u00e7a e siga com a detemina\u00e7\u00e3o de um crist\u00e3o que quer ser instrumento afinado em Tuas m\u00e3os, onde a can\u00e7\u00e3o tocada por Ti, ao me usar, possa alcan\u00e7ar os cora\u00e7\u00f5es que ainda est\u00e3o mais interessados nos prazeres e distantes do que nos leva ao C\u00e9u.!\u00a0 Cuida de mim Senhor, cuida de n\u00f3s! Am\u00e9m!!!<\/em><\/span><\/strong><\/span><\/p>\n<p><span style=\"color: #800080\"><span style=\"font-family: Comic Sans MS;color: #0000ff\"><em><span style=\"color: #000000\">Deus aben\u00e7oe seu dia!!<br \/>\n<strong><span style=\"color: #800000\"><br \/>\nWallace Andrade<br \/>\nComunidade Can\u00e7\u00e3o Nova<\/span><\/strong><span style=\"color: #0000ff\"><br \/>\n&#106;o&#x72;n&#x61;l&#x69;s&#x74;a&#x73;p&#x40;c&#x61;n&#x63;a&#x6f;&#110;&#x6f;&#118;&#x61;&#46;&#x63;&#111;m<\/span><\/span><br \/>\n<\/em><\/span><\/span><\/p>\n","protected":false},"excerpt":{"rendered":"<p>Como tenho saudade do mar, do pisar na areia molhada, do canto das gaivotas a perseguirem o pequeno barco pesqueiro, do sil\u00eancio quebrado pelas ondas perfeitas. O ver\u00e3o sempre tr\u00e1s o desejo de estar mais perto da maresia e do&#8230;<\/p>\n","protected":false},"author":4397,"featured_media":0,"comment_status":"open","ping_status":"open","sticky":false,"template":"","format":"standard","meta":{"_mi_skip_tracking":false,"_monsterinsights_sitenote_active":false,"_monsterinsights_sitenote_note":"","_monsterinsights_sitenote_category":0,"footnotes":""},"categories":[2211,621],"tags":[],"_links":{"self":[{"href":"https:\/\/blog.cancaonova.com\/folhaseca\/wp-json\/wp\/v2\/posts\/357"}],"collection":[{"href":"https:\/\/blog.cancaonova.com\/folhaseca\/wp-json\/wp\/v2\/posts"}],"about":[{"href":"https:\/\/blog.cancaonova.com\/folhaseca\/wp-json\/wp\/v2\/types\/post"}],"author":[{"embeddable":true,"href":"https:\/\/blog.cancaonova.com\/folhaseca\/wp-json\/wp\/v2\/users\/4397"}],"replies":[{"embeddable":true,"href":"https:\/\/blog.cancaonova.com\/folhaseca\/wp-json\/wp\/v2\/comments?post=357"}],"version-history":[{"count":3,"href":"https:\/\/blog.cancaonova.com\/folhaseca\/wp-json\/wp\/v2\/posts\/357\/revisions"}],"predecessor-version":[{"id":374,"href":"https:\/\/blog.cancaonova.com\/folhaseca\/wp-json\/wp\/v2\/posts\/357\/revisions\/374"}],"wp:attachment":[{"href":"https:\/\/blog.cancaonova.com\/folhaseca\/wp-json\/wp\/v2\/media?parent=357"}],"wp:term":[{"taxonomy":"category","embeddable":true,"href":"https:\/\/blog.cancaonova.com\/folhaseca\/wp-json\/wp\/v2\/categories?post=357"},{"taxonomy":"post_tag","embeddable":true,"href":"https:\/\/blog.cancaonova.com\/folhaseca\/wp-json\/wp\/v2\/tags?post=357"}],"curies":[{"name":"wp","href":"https:\/\/api.w.org\/{rel}","templated":true}]}}