{"id":471,"date":"2010-01-26T08:38:21","date_gmt":"2010-01-26T11:38:21","guid":{"rendered":"http:\/\/blog.cancaonova.com\/folhaseca\/?p=471"},"modified":"2010-01-31T19:06:56","modified_gmt":"2010-01-31T22:06:56","slug":"bom-pra-vida-inteira","status":"publish","type":"post","link":"https:\/\/blog.cancaonova.com\/folhaseca\/2010\/01\/26\/bom-pra-vida-inteira\/","title":{"rendered":"BOM PRA VIDA INTEIRA"},"content":{"rendered":"<pre><a href=\"http:\/\/blog.cancaonova.com\/folhaseca\/files\/2010\/01\/2511194423_c327962aba2.jpg\"><img loading=\"lazy\" decoding=\"async\" class=\"alignright size-thumbnail wp-image-481\" src=\"http:\/\/blog.cancaonova.com\/folhaseca\/files\/2010\/01\/2511194423_c327962aba2-150x150.jpg\" alt=\"\" width=\"150\" height=\"150\" \/><\/a><span style=\"color: #00ff00\"><strong><span>Se hoje \u00e9 um daqueles dias em que se levanta com o cora\u00e7\u00e3o\r\napertado de saudades dos amigos, sua ora\u00e7\u00e3o deve ser um louvor.\r\nA vida te deu a chance de fazer e voc\u00ea fez amigos de verdade.\r\nLouve ao Senhor pelas amizades conquistadas, por aqueles que\r\nest\u00e3o longe fisicamente, mas sempre pr\u00f3ximos do cora\u00e7\u00e3o.\r\nVeja o que o poeta nos conta nos acordes de sua can\u00e7\u00e3o.<\/span><span>\r\n<\/span><\/strong><\/span><strong><span style=\"color: #ff0000\"><span style=\"font-size: 11pt;font-family: &quot;Calibri&quot;,&quot;sans-serif&amp;quot&amp;quot&amp;quot&amp;quot&amp;quot&amp;quot&amp;quot&amp;quot&amp;quot&amp;quot&#038;quot\">CONTE UMA HIST\u00d3RIA DE FELICIDADE... FALE DOS TEMPOS DE AMOR...\r\nQUANDO OS DIAS DEMORAVAM A PASSAR...E AS HORAS SE PERDIAM...\r\nLEMBRA AQUELE DIA SEM CORRER... ANTES DE A GENTE LEVANTAR...\r\nCOM JEITO DE DOMINGO... O CHEIRO DE CAF\u00c9...E A VONTADE DE\r\nFICAR MAIS UM POUCO...QUERO VOLTAR NO TEMPO... LEMBRAR A VIDA\r\nSIMPLES DE UM DIA S\u00d3 ... POIS EU PRECISO RESPIRAR DE NOVO...O QUE\r\nFOI BOM FAZ BEM A VIDA INTEIRA... OS SENTIMENTOS N\u00c3O VOLTAM,<span> <\/span>EU SEI...\r\nMAS A GENTE MUDA... LEVANTA \u00c9 HORA DE ACORDAR...S\u00d3 FALTA VOC\u00ca...\r\n\u00c9 TRISTE QUANDO A GENTE PERDE TEMPO N\u00c3O SABENDO...\r\n VIVER \u00c9 BEM MELHOR QUANDO SE AMA DE VERDADE... E APROVEITA UMA\r\n\u00a0VIDA S\u00d3 PORQUE A VIDA PODE N\u00c3O DAR OUTRA CHANCE... (Pe Andr\u00e9 Luna)\r\n<\/span><\/span><\/strong><span style=\"color: #ff0000\"><span style=\"font-size: 11pt;font-family: &quot;Calibri&quot;,&quot;sans-serif&amp;quot&amp;quot&amp;quot&amp;quot&amp;quot&amp;quot&amp;quot&amp;quot&amp;quot&amp;quot&#038;quot\"><span style=\"color: #000000\">A frase que salta aos meus olhos \u00e9 <strong><span style=\"color: #00ff00\">\"..O QUE FOI BOM FAZ BEM A VIDA INTEIRA..\"<\/span><\/strong><\/span>\r\n<\/span><\/span><span style=\"color: #ff0000\"><span style=\"font-size: 11pt;font-family: &quot;Calibri&quot;,&quot;sans-serif&amp;quot&amp;quot&amp;quot&amp;quot&amp;quot&amp;quot&amp;quot&amp;quot&amp;quot&amp;quot&#038;quot\"><span style=\"color: #000000\">A vida inteira, como diz Mons. Jonas Abib, \u00e9 a vida inteira. Isso significa que n\u00e3o\r\nexiste dist\u00e2ncia que possa apagar uma amizade. Ela pode at\u00e9 ficar no cantinho do\r\ncora\u00e7\u00e3o, mas basta um assopro mais forte para espantar a poeira e ela voltar ao\r\nbrilho original. Eu e  voc\u00ea sabemos, que quando se ama de verdade, amigos,\r\nparentes, irm\u00e3os, m\u00e3e, pai, esposa, marido, nada e nem ningu\u00e9m \u00e9 capaz de\r\napagar os sentimentos. \r\n\r\nDeus aben\u00e7oe!!\r\n<strong><em><span style=\"color: #800000\">\r\nWallace Andrade\r\nComunidade Can\u00e7\u00e3o Nova<\/span><\/em><\/strong>\r\n<\/span><\/span><\/span><\/pre>\n","protected":false},"excerpt":{"rendered":"<p>Se hoje \u00e9 um daqueles dias em que se levanta com o cora\u00e7\u00e3o apertado de saudades dos amigos, sua ora\u00e7\u00e3o deve ser um louvor. A vida te deu a chance de fazer e voc\u00ea fez amigos de verdade. Louve ao&#8230;<\/p>\n","protected":false},"author":4397,"featured_media":0,"comment_status":"open","ping_status":"open","sticky":false,"template":"","format":"standard","meta":{"_mi_skip_tracking":false,"_monsterinsights_sitenote_active":false,"_monsterinsights_sitenote_note":"","_monsterinsights_sitenote_category":0,"footnotes":""},"categories":[2211],"tags":[111,20046],"_links":{"self":[{"href":"https:\/\/blog.cancaonova.com\/folhaseca\/wp-json\/wp\/v2\/posts\/471"}],"collection":[{"href":"https:\/\/blog.cancaonova.com\/folhaseca\/wp-json\/wp\/v2\/posts"}],"about":[{"href":"https:\/\/blog.cancaonova.com\/folhaseca\/wp-json\/wp\/v2\/types\/post"}],"author":[{"embeddable":true,"href":"https:\/\/blog.cancaonova.com\/folhaseca\/wp-json\/wp\/v2\/users\/4397"}],"replies":[{"embeddable":true,"href":"https:\/\/blog.cancaonova.com\/folhaseca\/wp-json\/wp\/v2\/comments?post=471"}],"version-history":[{"count":12,"href":"https:\/\/blog.cancaonova.com\/folhaseca\/wp-json\/wp\/v2\/posts\/471\/revisions"}],"predecessor-version":[{"id":507,"href":"https:\/\/blog.cancaonova.com\/folhaseca\/wp-json\/wp\/v2\/posts\/471\/revisions\/507"}],"wp:attachment":[{"href":"https:\/\/blog.cancaonova.com\/folhaseca\/wp-json\/wp\/v2\/media?parent=471"}],"wp:term":[{"taxonomy":"category","embeddable":true,"href":"https:\/\/blog.cancaonova.com\/folhaseca\/wp-json\/wp\/v2\/categories?post=471"},{"taxonomy":"post_tag","embeddable":true,"href":"https:\/\/blog.cancaonova.com\/folhaseca\/wp-json\/wp\/v2\/tags?post=471"}],"curies":[{"name":"wp","href":"https:\/\/api.w.org\/{rel}","templated":true}]}}