{"id":502,"date":"2010-01-31T19:02:23","date_gmt":"2010-01-31T22:02:23","guid":{"rendered":"http:\/\/blog.cancaonova.com\/folhaseca\/?p=502"},"modified":"2010-01-31T19:02:23","modified_gmt":"2010-01-31T22:02:23","slug":"dom-bosco","status":"publish","type":"post","link":"https:\/\/blog.cancaonova.com\/folhaseca\/2010\/01\/31\/dom-bosco\/","title":{"rendered":"DOM BOSCO"},"content":{"rendered":"<p style=\"text-align: justify\"><span style=\"text-decoration: underline\"><span style=\"color: #000000\"><a href=\"http:\/\/blog.cancaonova.com\/folhaseca\/files\/2010\/01\/salesianos.jpg\"><strong><\/strong><\/a><\/span><\/span><a href=\"http:\/\/blog.cancaonova.com\/folhaseca\/files\/2010\/01\/salesianos1.jpg\"><img loading=\"lazy\" decoding=\"async\" class=\"alignright size-medium wp-image-503\" src=\"http:\/\/blog.cancaonova.com\/folhaseca\/files\/2010\/01\/salesianos1-300x90.jpg\" alt=\"\" width=\"300\" height=\"90\" \/><\/a><\/p>\n<p style=\"text-align: justify\"><strong>&#8220;Quando crescer quero ser sacerdote para tomar conta dos meninos. Os meninos s\u00e3o bons; se h\u00e1 meninos maus \u00e9 porque n\u00e3o h\u00e1 quem cuide deles&#8221; &#8211; Dom Bosco <\/strong><\/p>\n<p style=\"text-align: justify\">Dia 31 de janeiro, celebra-se a festa de Dom Bosco, ap\u00f3stolo da juventude, que gastou sua vida pela evangeliza\u00e7\u00e3o e salva\u00e7\u00e3o da juventude do seu tempo. A <a title=\"Comunidade Can\u00e7\u00e3o Nova\" href=\"http:\/\/wiki.cancaonova.com\/index.php\/Comunidade_Can%C3%A7%C3%A3o_Nova\">Comunidade Can\u00e7\u00e3o Nova<\/a> faz parte da fam\u00edlia Salesiana e o nosso pai fundador, o Monsenhor Jonas Abib, \u00e9 um sacerdote salesiano, por isso um lema da nossa grande fam\u00edlia \u00e9 uma frase que Dom Bosco assumiu para sua vida: \u201cDa\u00ed-me almas e ficai com o resto!\u201d. (cancaonova.com)<\/p>\n<p style=\"text-align: justify\">Que sejamos inspirados nele para olharmos para nossas crian\u00e7as e nos movermos a evangeliz\u00e1-las. Quantas catequezes por a\u00ed precisando de n\u00f3s&#8230; e estamos de bra\u00e7os cruzados&#8230; Come\u00e7emos a escrever uma nova p\u00e1gina de nossas vidas inspirados no santo do dia de hoje.<\/p>\n<p style=\"text-align: justify\">Deus aben\u00e7oe!! S\u00e3o Jo\u00e3o Bosco rogai por n\u00f3s!!!<\/p>\n<p style=\"text-align: justify\"><em><strong><span style=\"color: #800000\">Wallace Andrade<br \/>\nComunidade Can\u00e7\u00e3o Nova<\/span><\/strong><\/em><span style=\"color: #0000ff\"><br \/>\n&#x6a;&#x6f;&#x72;&#x6e;&#97;&#108;ist&#x61;&#x73;&#x70;&#x40;&#x63;&#97;&#110;cao&#x6e;&#x6f;&#x76;&#x61;&#x2e;&#99;&#111;m<\/span><\/p>\n","protected":false},"excerpt":{"rendered":"<p>&#8220;Quando crescer quero ser sacerdote para tomar conta dos meninos. Os meninos s\u00e3o bons; se h\u00e1 meninos maus \u00e9 porque n\u00e3o h\u00e1 quem cuide deles&#8221; &#8211; Dom Bosco Dia 31 de janeiro, celebra-se a festa de Dom Bosco, ap\u00f3stolo da&#8230;<\/p>\n","protected":false},"author":4397,"featured_media":0,"comment_status":"open","ping_status":"open","sticky":false,"template":"","format":"standard","meta":{"_mi_skip_tracking":false,"_monsterinsights_sitenote_active":false,"_monsterinsights_sitenote_note":"","_monsterinsights_sitenote_category":0,"footnotes":""},"categories":[10251],"tags":[],"_links":{"self":[{"href":"https:\/\/blog.cancaonova.com\/folhaseca\/wp-json\/wp\/v2\/posts\/502"}],"collection":[{"href":"https:\/\/blog.cancaonova.com\/folhaseca\/wp-json\/wp\/v2\/posts"}],"about":[{"href":"https:\/\/blog.cancaonova.com\/folhaseca\/wp-json\/wp\/v2\/types\/post"}],"author":[{"embeddable":true,"href":"https:\/\/blog.cancaonova.com\/folhaseca\/wp-json\/wp\/v2\/users\/4397"}],"replies":[{"embeddable":true,"href":"https:\/\/blog.cancaonova.com\/folhaseca\/wp-json\/wp\/v2\/comments?post=502"}],"version-history":[{"count":3,"href":"https:\/\/blog.cancaonova.com\/folhaseca\/wp-json\/wp\/v2\/posts\/502\/revisions"}],"predecessor-version":[{"id":506,"href":"https:\/\/blog.cancaonova.com\/folhaseca\/wp-json\/wp\/v2\/posts\/502\/revisions\/506"}],"wp:attachment":[{"href":"https:\/\/blog.cancaonova.com\/folhaseca\/wp-json\/wp\/v2\/media?parent=502"}],"wp:term":[{"taxonomy":"category","embeddable":true,"href":"https:\/\/blog.cancaonova.com\/folhaseca\/wp-json\/wp\/v2\/categories?post=502"},{"taxonomy":"post_tag","embeddable":true,"href":"https:\/\/blog.cancaonova.com\/folhaseca\/wp-json\/wp\/v2\/tags?post=502"}],"curies":[{"name":"wp","href":"https:\/\/api.w.org\/{rel}","templated":true}]}}