{"id":639,"date":"2010-04-15T10:28:02","date_gmt":"2010-04-15T13:28:02","guid":{"rendered":"http:\/\/blog.cancaonova.com\/folhaseca\/?p=639"},"modified":"2010-04-15T10:28:02","modified_gmt":"2010-04-15T13:28:02","slug":"cara-de-familia","status":"publish","type":"post","link":"https:\/\/blog.cancaonova.com\/folhaseca\/2010\/04\/15\/cara-de-familia\/","title":{"rendered":"CARA DE FAM\u00cdLIA"},"content":{"rendered":"<p><a href=\"http:\/\/blog.cancaonova.com\/folhaseca\/files\/2010\/04\/pict0396.jpg\"><img loading=\"lazy\" decoding=\"async\" class=\"alignright size-medium wp-image-638\" src=\"http:\/\/blog.cancaonova.com\/folhaseca\/files\/2010\/04\/pict0396-225x300.jpg\" alt=\"\" width=\"225\" height=\"300\" \/><\/a><span style=\"color: #ff6600\"><em>Meu pai me disse que a vida n\u00e3o tem nada de marcada&#8230;E que o destino n\u00e3o \u00e9 nada levando a gente na vida&#8230;E toda vez que eu paro e olho pra esse velho companheiro&#8230;Vejo quem deu pra essas paredes essa cara de fam\u00edlia&#8230;Deixa eu ver a m\u00e3o machucada&#8230;Te levanta deixa essa cama&#8230;Estou t\u00e3o triste quero falar-te&#8230;Fica\u00a0 calmo filho n\u00e3o chora&#8230;E n\u00e3o sabem dar valor pra essa coisas&#8230;Ter um lar \u00e9 um tesouro&#8230;Meu Deus como seria bom&#8230;Seria bem melhor se fosse sempre assim&#8230;S\u00f3 hoje pude ver o que isso fez pra mim&#8230;Seria bem melhor pra cada um&#8230;E assim pra todos n\u00f3s&#8230;<\/em><\/span> <span style=\"color: #0000ff\">A letra do Grecco \u00e9 proposital. L\u00e1 se v\u00e3o 32 anos sem Sr. Adolpho Andrade. Sapateiro caprichoso e querido pela comunidade. Fazia quest\u00e3o de estampar na frente da sapataria a placa preta com letras amarelas. SAPATARIA S\u00c3O CRISPIM. Vivi minha inf\u00e2ncia ouvindo o &#8220;vaco..vaco&#8221; da escova lustrando os sapatos que fazia.\u00a0 O &#8220;tein..tein&#8221; do martelo afundando as taxinhas no salto novo que trocava para os clientes. O interessante \u00e9 que cada movimento do pai, observado atentamente pelos olhos desse filho aqui, era forma\u00e7\u00e3o humana. Ganhava o necess\u00e1rio para nos sustentar. Me estimulava nos estudos e na vida crist\u00e3. Ainda lembro das quintas-feiras santas em que todos os anos ele era um dos ap\u00f3stolos que tinham os p\u00e9s lavados na celebra\u00e7\u00e3o. Fazia quest\u00e3o de me tirar do futebol com os amigos para irmos a missa todos os domingos.\u00a0 Ainda lembro o vazio no cora\u00e7\u00e3o, quando o Senhor o levou, no dia 15 de abril de 1978.\u00a0 A chuva molhava o telhado lajota e a terra do quintal de nossa &#8220;meia-\u00e1gua&#8221;, quando fui sozinho em casa e olhei seus sapatos, a bicicleta Phillips barra dupla. Foi montado nela que viveu boa parte da vida indo e vindo da sapataria. Como doia saber que n\u00e3o iria mais v\u00ea-lo pedalando a vida como um pai digno e que sempre fez quest\u00e3o de dar a nossa fam\u00edlia uma cara digna de ser imitada por muitos lares em plena disc\u00f3rdia. <\/span> <strong><span style=\"color: #008000\">Louvo ao Pai do c\u00e9u pela chance que me deu de poder conviver os ricos 12 anos ao lado de meu pai de sangue. Foi ele quem me mostrou a import\u00e2ncia de ser de Deus e n\u00e3o se enganar com as coisas desse mundo.\u00a0 Os olhos marejados de um filho saudoso, n\u00e3o querem expressar tristeza e sim a saudade de quem ensinou seu filho a ser um homem de verdade, onde a honestidade, o trabalho, a ora\u00e7\u00e3o e a amizade ser\u00e3o para sempe os maiores tesouros deixados por um pai sem riquezas materiais, mas um milhon\u00e1rio espiritual que deu a n\u00f3s uma Cara de Fam\u00edlia.<\/span><\/strong><\/p>\n<p><strong><span style=\"color: #008000\">Deus aben\u00e7oe!!!<\/span><\/strong><\/p>\n<p><span style=\"color: #800000\"><strong><em>Wallace Andrade<br \/>\nComunidade Can\u00e7\u00e3o Nova<\/em><\/strong><\/span><\/p>\n","protected":false},"excerpt":{"rendered":"<p>Meu pai me disse que a vida n\u00e3o tem nada de marcada&#8230;E que o destino n\u00e3o \u00e9 nada levando a gente na vida&#8230;E toda vez que eu paro e olho pra esse velho companheiro&#8230;Vejo quem deu pra essas paredes essa&#8230;<\/p>\n","protected":false},"author":4397,"featured_media":0,"comment_status":"open","ping_status":"open","sticky":false,"template":"","format":"standard","meta":{"_mi_skip_tracking":false,"_monsterinsights_sitenote_active":false,"_monsterinsights_sitenote_note":"","_monsterinsights_sitenote_category":0,"footnotes":""},"categories":[2211],"tags":[],"_links":{"self":[{"href":"https:\/\/blog.cancaonova.com\/folhaseca\/wp-json\/wp\/v2\/posts\/639"}],"collection":[{"href":"https:\/\/blog.cancaonova.com\/folhaseca\/wp-json\/wp\/v2\/posts"}],"about":[{"href":"https:\/\/blog.cancaonova.com\/folhaseca\/wp-json\/wp\/v2\/types\/post"}],"author":[{"embeddable":true,"href":"https:\/\/blog.cancaonova.com\/folhaseca\/wp-json\/wp\/v2\/users\/4397"}],"replies":[{"embeddable":true,"href":"https:\/\/blog.cancaonova.com\/folhaseca\/wp-json\/wp\/v2\/comments?post=639"}],"version-history":[{"count":6,"href":"https:\/\/blog.cancaonova.com\/folhaseca\/wp-json\/wp\/v2\/posts\/639\/revisions"}],"predecessor-version":[{"id":645,"href":"https:\/\/blog.cancaonova.com\/folhaseca\/wp-json\/wp\/v2\/posts\/639\/revisions\/645"}],"wp:attachment":[{"href":"https:\/\/blog.cancaonova.com\/folhaseca\/wp-json\/wp\/v2\/media?parent=639"}],"wp:term":[{"taxonomy":"category","embeddable":true,"href":"https:\/\/blog.cancaonova.com\/folhaseca\/wp-json\/wp\/v2\/categories?post=639"},{"taxonomy":"post_tag","embeddable":true,"href":"https:\/\/blog.cancaonova.com\/folhaseca\/wp-json\/wp\/v2\/tags?post=639"}],"curies":[{"name":"wp","href":"https:\/\/api.w.org\/{rel}","templated":true}]}}