{"id":721,"date":"2010-06-13T00:37:42","date_gmt":"2010-06-13T03:37:42","guid":{"rendered":"http:\/\/blog.cancaonova.com\/folhaseca\/?p=721"},"modified":"2010-06-13T21:49:45","modified_gmt":"2010-06-14T00:49:45","slug":"a-espera-de-um-milagre","status":"publish","type":"post","link":"https:\/\/blog.cancaonova.com\/folhaseca\/2010\/06\/13\/a-espera-de-um-milagre\/","title":{"rendered":"A ESPERA DE UM MILAGRE"},"content":{"rendered":"<p><a href=\"http:\/\/blog.cancaonova.com\/folhaseca\/files\/2010\/06\/000155.jpg\"><img loading=\"lazy\" decoding=\"async\" class=\"alignleft size-medium wp-image-720\" src=\"http:\/\/blog.cancaonova.com\/folhaseca\/files\/2010\/06\/000155.jpg\" alt=\"\" width=\"130\" height=\"140\" \/><\/a>No \u00faltimo dia 09 de junho a igreja celebrou o dia do Servo de Deus, Jos\u00e9 de Anchieta. A exatamente um ano atr\u00e1s, adquiri na Associ\u00e7\u00e3o Pr\u00f3-Canoniza\u00e7\u00e3o do Beato Jos\u00e9 de Anchieta, em S\u00e3o Paulo, um &#8220;Devocion\u00e1rio&#8221; que me tem feito mergulhar um pouco mais na vida e evangeliza\u00e7\u00e3o deste importante nome da igreja cat\u00f3lica no Brasil.<\/p>\n<p>O primeiro catequista do Brasil teve a \u00e1rdua miss\u00e3o de deixar, pai, m\u00e3e, casa, campos, em Portugal e vir falar de Deus para os \u00edndios. A hist\u00f3ria do padre Jos\u00e9 de Anchieta, tem me encantado.<\/p>\n<p>Conta o devocion\u00e1rio, que Jos\u00e9 de Anchieta sempre procurou a vontade de Deus para si e para suas decis\u00f5es. Ainda menino cuidava da irm\u00e3zinha paral\u00edtica em vez de ir brincar. Escolheu uma vida santa e pura, em meio a tantas ocasi\u00f5es de pecado no ambiente da universidade. Colocava-se por muito tempo em ora\u00e7\u00e3o e a\u00ed recebia interiormente aquilo de que precisava para agir na vida, conforme a vontade de Deus.<\/p>\n<p>No Brasil, em pouco tempo Anchieta aprendeu a l\u00edngua tupi, tornando-se um dos seus maiores professores, compondo at\u00e9 uma gram\u00e1tica e um livro de doutrina crist\u00e3, muito utilizados por seus colegas mission\u00e1rios. Tudo para melhor realizar seu minist\u00e9rio de educar e catequizar com todo o empenho e amor.<\/p>\n<p>A Associa\u00e7\u00e3o Pr\u00f3-Canoniza\u00e7\u00e3o do Pe Jos\u00e9 de Anchieta trabalha para divulgar o Beato, torn\u00e1-lo mais conhecido pela nova gera\u00e7\u00e3o de fi\u00e9is cat\u00f3licos. Espalhar por todo o pa\u00eds sua devo\u00e7\u00e3o e esperar que seus devotos experimentem gra\u00e7as atrav\u00e9s da intercess\u00e3o de Anchieta.<\/p>\n<p>Afinal para o padre Jos\u00e9 de Anchieta, ser considerado santo da igreja Cat\u00f3lica, \u00e9 preciso a\u00a0 confirma\u00e7\u00e3o de apenas um milagre, sob sua intercess\u00e3o. S\u00e3o quase 500 anos de espera. A expectativa da Associa\u00e7\u00e3o Pr\u00f3-Canoniza\u00e7\u00e3o de Anchieta \u00e9 a de que quanto mais brasileiros conhecerem a vida do beato, menor ser\u00e1 o caminho que o tornar\u00e1 mais um santo do Brasil.<\/p>\n<p>Nos pr\u00f3ximos posts vamos mergulhar um pouco mais fundo na vida e obra do Beato Jos\u00e9 de Anchieta.<\/p>\n<p>Deus Aben\u00e7oe!<strong><em><span style=\"color: #800000\"><br \/>\n<\/span><\/em><\/strong><\/p>\n<p><strong><em><span style=\"color: #800000\">Wallace Andrade<br \/>\nComunidade Can\u00e7\u00e3o Nova<\/span><\/em><\/strong><strong><span style=\"color: #0000ff\"><br \/>\njo&#114;&#x6e;&#x61;li&#115;&#x74;&#x61;&#x73;p&#64;&#99;&#x61;&#x6e;ca&#111;&#x6e;&#x6f;&#x76;a.&#99;&#x6f;&#x6d;<\/span><\/strong><\/p>\n","protected":false},"excerpt":{"rendered":"<p>No \u00faltimo dia 09 de junho a igreja celebrou o dia do Servo de Deus, Jos\u00e9 de Anchieta. A exatamente um ano atr\u00e1s, adquiri na Associ\u00e7\u00e3o Pr\u00f3-Canoniza\u00e7\u00e3o do Beato Jos\u00e9 de Anchieta, em S\u00e3o Paulo, um &#8220;Devocion\u00e1rio&#8221; que me tem&#8230;<\/p>\n","protected":false},"author":4397,"featured_media":0,"comment_status":"open","ping_status":"open","sticky":false,"template":"","format":"standard","meta":{"_mi_skip_tracking":false,"_monsterinsights_sitenote_active":false,"_monsterinsights_sitenote_note":"","_monsterinsights_sitenote_category":0,"footnotes":""},"categories":[24776,32854],"tags":[20046,32,32853,32754],"_links":{"self":[{"href":"https:\/\/blog.cancaonova.com\/folhaseca\/wp-json\/wp\/v2\/posts\/721"}],"collection":[{"href":"https:\/\/blog.cancaonova.com\/folhaseca\/wp-json\/wp\/v2\/posts"}],"about":[{"href":"https:\/\/blog.cancaonova.com\/folhaseca\/wp-json\/wp\/v2\/types\/post"}],"author":[{"embeddable":true,"href":"https:\/\/blog.cancaonova.com\/folhaseca\/wp-json\/wp\/v2\/users\/4397"}],"replies":[{"embeddable":true,"href":"https:\/\/blog.cancaonova.com\/folhaseca\/wp-json\/wp\/v2\/comments?post=721"}],"version-history":[{"count":3,"href":"https:\/\/blog.cancaonova.com\/folhaseca\/wp-json\/wp\/v2\/posts\/721\/revisions"}],"predecessor-version":[{"id":732,"href":"https:\/\/blog.cancaonova.com\/folhaseca\/wp-json\/wp\/v2\/posts\/721\/revisions\/732"}],"wp:attachment":[{"href":"https:\/\/blog.cancaonova.com\/folhaseca\/wp-json\/wp\/v2\/media?parent=721"}],"wp:term":[{"taxonomy":"category","embeddable":true,"href":"https:\/\/blog.cancaonova.com\/folhaseca\/wp-json\/wp\/v2\/categories?post=721"},{"taxonomy":"post_tag","embeddable":true,"href":"https:\/\/blog.cancaonova.com\/folhaseca\/wp-json\/wp\/v2\/tags?post=721"}],"curies":[{"name":"wp","href":"https:\/\/api.w.org\/{rel}","templated":true}]}}