{"id":13654,"date":"2019-11-03T20:12:16","date_gmt":"2019-11-03T22:12:16","guid":{"rendered":"http:\/\/blog.cancaonova.com\/fortaleza\/?p=13654"},"modified":"2019-11-03T20:12:16","modified_gmt":"2019-11-03T22:12:16","slug":"solenidade-de-todos-os-santos","status":"publish","type":"post","link":"https:\/\/blog.cancaonova.com\/fortaleza\/solenidade-de-todos-os-santos\/","title":{"rendered":"Solenidade de Todos os Santos"},"content":{"rendered":"<h2>1\u00ba de Novembro &#8211; Solenidade de Todos os Santos<\/h2>\n<p>Hoje, no dia 03 de novembro, a Igreja do Brasil celebra a Solenidade lit\u00fargica do dia de Todos os Santos, que tem o seu lugar no calend\u00e1rio lit\u00fargico no dia 1\u00ba de novembro. Gostar\u00edamos de fazer uma reflex\u00e3o sobre esta realidade que faz parte dos nossos artigos de f\u00e9, baseando-nos nas leituras deste dia solene.<\/p>\n<p>Bem, mas o que celebramos neste dia? Gostar\u00edamos de nos deter a duas verdades: a santidade de Deus e a santidade dos homens. Esta \u00faltima derivada, claro, da santidade de Deus.<\/p>\n<p>Em primeiro lugar, vamos nos ater \u00e0 primeira verdade, a santidade de Deus. No livro do Lev\u00edtico, j\u00e1 sentenciava o Senhor: \u201cSede santos, porque eu, o Senhor vosso Deus, sou Santo\u201d (Lv 19,2). Neste sentido, Jesus tamb\u00e9m disse: \u201cSede perfeitos como vosso Pai celeste \u00e9 perfeito\u201d (Mt 5,48). Assim, quando honramos os santos e santas de Deus, n\u00e3o \u00e9 poss\u00edvel faz\u00ea-lo sem honrar a santidade de Deus.<\/p>\n<p>Atestando isso, a Igreja reza, no 17\u00ba Domingo do Tempo Comum, a seguinte ora\u00e7\u00e3o da coleta: \u201c\u00d3 Deus, sois o amparo dos que em v\u00f3s esperam e, sem vosso aux\u00edlio, ningu\u00e9m \u00e9 forte, ningu\u00e9m \u00e9 <strong>santo<\/strong>\u201d. Deus \u00e9 Santo, e reconhecemos sua santidade com a Primeira Leitura de hoje que diz que a multid\u00e3o dos santos, daqueles que traziam as vestes brancas e palmas nas m\u00e3os, adoravam a Deus dizendo: \u201cAm\u00e9m. O louvor, a gl\u00f3ria e a sabedoria, a a\u00e7\u00e3o de gra\u00e7as, a honra, o poder e a for\u00e7a pertencem ao nosso Deus para sempre. Am\u00e9m\u201d (Cf. Ap 7,2-4.9-14).<\/p>\n<p><img loading=\"lazy\" decoding=\"async\" class=\"alignnone size-full wp-image-13656\" src=\"http:\/\/blog.cancaonova.com\/fortaleza\/files\/2019\/11\/formacao_1600x1200-a-celebracao-da-festa-de-todos-os-santos-768x575.jpg\" alt=\"\" width=\"768\" height=\"575\" srcset=\"https:\/\/blog.cancaonova.com\/fortaleza\/files\/2019\/11\/formacao_1600x1200-a-celebracao-da-festa-de-todos-os-santos-768x575.jpg 768w, https:\/\/blog.cancaonova.com\/fortaleza\/files\/2019\/11\/formacao_1600x1200-a-celebracao-da-festa-de-todos-os-santos-768x575-300x225.jpg 300w\" sizes=\"(max-width: 768px) 100vw, 768px\" \/><\/p>\n<p>A segunda verdade de nossa f\u00e9 que celebramos na Solenidade de Todos os Santos \u00e9 a de que ao homem foi dado participar da vida divina, da natureza de Deus (Cf. 2Pd 1,4). Poder\u00edamos dizer de outro modo: ao honrarmos os santos, meditamos a vida divina no seu lugar pr\u00f3prio na vida do homem, a saber, o primeiro.<\/p>\n<p>S\u00e3o Paulo diz que a vontade de Deus \u00e9 a santifica\u00e7\u00e3o do homem (Cf. 1Ts 4,3). E na Segunda Leitura de hoje, nos \u00e9 dito que \u201cquando Jesus se manifestar, seremos semelhantes a ele, porque o veremos tal como ele \u00e9. Todo o que espera nele, purifica-se a si mesmo, como tamb\u00e9m ele \u00e9 puro\u201d (1Jo 3,2-3). Uma vez que nos tornamos o que contemplamos, ver Jesus \u00e9 tender a ser como Ele. Quem tem a esperan\u00e7a de ser como Jesus, purifica-se a si mesmo, ainda que lentamente, quer dizer, santifica-se a si mesmo continuamente.<\/p>\n<p>N\u00e3o \u00e9 poss\u00edvel iniciar o processo de santifica\u00e7\u00e3o e depois ficar estacionado. Santo Agostinho chega a dizer: \u201cParaste? morreste!&#8221; Conheci a hist\u00f3ria de um atleta que conseguiu com seu esfor\u00e7o chegar a um alto n\u00edvel de performance. Contudo, este homem que poderia alcan\u00e7ar um patamar ainda maior, decidiu ficar por ali mesmo. Para ele j\u00e1 estava bom. Seu projeto era chegar a um certo est\u00e1gio em que poderia ter o <em>status<\/em> de um bom atleta, mas n\u00e3o queria ser privado de certas coisas, que poder\u00edamos chamar de \u201cnormais\u201d, que todo mundo faz. Ele n\u00e3o queria uma vida \u201ccomprometida demais\u201d.<\/p>\n<p>Quem come\u00e7a o caminho da santidade n\u00e3o pode mais parar. Pois, nesta via, a proposta sempre ser\u00e1: \u201cou santos ou nada\u201d, como nos diz o Mons. Jonas Abib. A este prop\u00f3sito, o Evangelho das Bem-aventuran\u00e7as vem em nosso socorro (Mt 5,1-12). E com ele gostar\u00edamos de encerrar nossa medita\u00e7\u00e3o.<\/p>\n<p>Vimos que a santidade \u00e9 a participa\u00e7\u00e3o na vida de Deus, mais, \u00e9 a vida de Deus na vida do homem. As Bem-aventuran\u00e7as s\u00e3o o retrato falado de Jesus. Se olharmos a vida de Cristo, vemos que tudo o que Jesus indicou neste Evangelho \u00e9 uma auto-express\u00e3o. Isso quer dizer que se nos aplicarmos a viver as Bem-aventuran\u00e7as, ser\u00e1 Jesus mesmo a viver em n\u00f3s. Os santos foram santos porque tiveram Cristo vivendo as Bem-aventuran\u00e7as em suas vidas.<\/p>\n<p>O problema \u00e9 que para ter Cristo vivendo em n\u00f3s, vamos ter que andar na contram\u00e3o do mundo, e n\u00e3o queremos ser diferentes (como aquele atleta), porque v\u00e3o nos estranhar. N\u00e3o queremos perder nossa boa aceita\u00e7\u00e3o, nem a simpatia do mundo. Queremos ser iguais a todos e n\u00e3o ser notados.<\/p>\n<p>Jesus diz que se o mundo nos odeia, n\u00f3s devemos nos alegrar, porque ser\u00e1 grande a nossa recompensa. Pois, o que \u00e9 melhor: ser bem quisto pelo mundo e rejeitado por Deus, ou ser odiado pelo mundo e acolhido por Deus? Se o mundo nos acolher, ser\u00e1 por pouco tempo, enquanto seremos rejeitados por Deus para sempre; se o mundo nos odiar, tamb\u00e9m ser\u00e1 por pouco tempo nesta terra, enquanto Deus nos receber\u00e1 para sempre no c\u00e9u.<\/p>\n<p>Pe. Alexsandro Freitas<br \/>\n<em>Mission\u00e1rio da Comunidade Can\u00e7\u00e3o Nova<\/em><\/p>\n","protected":false},"excerpt":{"rendered":"<p>1\u00ba de Novembro &#8211; Solenidade de Todos os Santos Hoje, no dia 03 de novembro, a Igreja do Brasil celebra a Solenidade lit\u00fargica do dia de Todos os Santos, que tem o seu lugar no calend\u00e1rio lit\u00fargico no dia 1\u00ba&#8230;<\/p>\n","protected":false},"author":26,"featured_media":13655,"comment_status":"closed","ping_status":"closed","sticky":false,"template":"","format":"standard","meta":{"_mi_skip_tracking":false,"_monsterinsights_sitenote_active":false,"_monsterinsights_sitenote_note":"","_monsterinsights_sitenote_category":0,"footnotes":""},"categories":[681,23],"tags":[271],"_links":{"self":[{"href":"https:\/\/blog.cancaonova.com\/fortaleza\/wp-json\/wp\/v2\/posts\/13654"}],"collection":[{"href":"https:\/\/blog.cancaonova.com\/fortaleza\/wp-json\/wp\/v2\/posts"}],"about":[{"href":"https:\/\/blog.cancaonova.com\/fortaleza\/wp-json\/wp\/v2\/types\/post"}],"author":[{"embeddable":true,"href":"https:\/\/blog.cancaonova.com\/fortaleza\/wp-json\/wp\/v2\/users\/26"}],"replies":[{"embeddable":true,"href":"https:\/\/blog.cancaonova.com\/fortaleza\/wp-json\/wp\/v2\/comments?post=13654"}],"version-history":[{"count":1,"href":"https:\/\/blog.cancaonova.com\/fortaleza\/wp-json\/wp\/v2\/posts\/13654\/revisions"}],"predecessor-version":[{"id":13657,"href":"https:\/\/blog.cancaonova.com\/fortaleza\/wp-json\/wp\/v2\/posts\/13654\/revisions\/13657"}],"wp:featuredmedia":[{"embeddable":true,"href":"https:\/\/blog.cancaonova.com\/fortaleza\/wp-json\/wp\/v2\/media\/13655"}],"wp:attachment":[{"href":"https:\/\/blog.cancaonova.com\/fortaleza\/wp-json\/wp\/v2\/media?parent=13654"}],"wp:term":[{"taxonomy":"category","embeddable":true,"href":"https:\/\/blog.cancaonova.com\/fortaleza\/wp-json\/wp\/v2\/categories?post=13654"},{"taxonomy":"post_tag","embeddable":true,"href":"https:\/\/blog.cancaonova.com\/fortaleza\/wp-json\/wp\/v2\/tags?post=13654"}],"curies":[{"name":"wp","href":"https:\/\/api.w.org\/{rel}","templated":true}]}}