{"id":13770,"date":"2020-06-25T16:00:17","date_gmt":"2020-06-25T19:00:17","guid":{"rendered":"http:\/\/blog.cancaonova.com\/fortaleza\/?p=13770"},"modified":"2020-06-25T14:41:17","modified_gmt":"2020-06-25T17:41:17","slug":"se-procurarmos-no-dicionario-o-significado-da-palavra-mansidao-teremos-genio-brando-manso-e-de-temperamento-facil","status":"publish","type":"post","link":"https:\/\/blog.cancaonova.com\/fortaleza\/se-procurarmos-no-dicionario-o-significado-da-palavra-mansidao-teremos-genio-brando-manso-e-de-temperamento-facil\/","title":{"rendered":"Viol\u00eancia interior e mansid\u00e3o exterior"},"content":{"rendered":"<h3 style=\"text-align: center\"><em><strong>&#8220;Aprendei de mim, porque sou manso e humilde de cora\u00e7\u00e3o&#8221;. (Mateus 11,29)<\/strong><\/em><\/h3>\n<p>&nbsp;&nbsp;&nbsp;&nbsp;&nbsp; Se procurarmos no dicion\u00e1rio o significado da palavra &#8220;mansid\u00e3o&#8221; teremos: g\u00eanio brando, manso e de temperamento f\u00e1cil. Venho aqui contradizer este conceito, com uma interpreta\u00e7\u00e3o agora espiritual.<\/p>\n<div id=\"attachment_13774\" style=\"width: 1610px\" class=\"wp-caption aligncenter\"><img loading=\"lazy\" decoding=\"async\" aria-describedby=\"caption-attachment-13774\" class=\"size-full wp-image-13774\" src=\"http:\/\/blog.cancaonova.com\/fortaleza\/files\/2020\/06\/Viol\u00eancia-interior-e-mansid\u00e3o-exterior.jpg\" alt=\"\" width=\"1600\" height=\"1200\" srcset=\"https:\/\/blog.cancaonova.com\/fortaleza\/files\/2020\/06\/Viol\u00eancia-interior-e-mansid\u00e3o-exterior.jpg 1600w, https:\/\/blog.cancaonova.com\/fortaleza\/files\/2020\/06\/Viol\u00eancia-interior-e-mansid\u00e3o-exterior-300x225.jpg 300w, https:\/\/blog.cancaonova.com\/fortaleza\/files\/2020\/06\/Viol\u00eancia-interior-e-mansid\u00e3o-exterior-768x576.jpg 768w\" sizes=\"(max-width: 1600px) 100vw, 1600px\" \/><p id=\"caption-attachment-13774\" class=\"wp-caption-text\">Imagem ilustrativa &#8211; Fonte: Canvas<\/p><\/div>\n<p>&nbsp;&nbsp;&nbsp;&nbsp;&nbsp;<a href=\"https:\/\/santo.cancaonova.com\/santo\/sao-francisco-de-sales-doutor-da-igreja\/\" target=\"_blank\" rel=\"noopener\"> S\u00e3o Francisco de Sales<\/a> foi reconhecido por sua mansid\u00e3o, mas o curioso \u00e9 saber que encontraram sua mesa de trabalho toda arranhada por baixo, tamanha era a luta do santo para responder sempre com ternura e mansid\u00e3o \u00e0s pessoas que o procuravam. De temperamento forte, S\u00e3o Francisco lutou decididamente para adquirir a virtude da <a href=\"https:\/\/formacao.cancaonova.com\/series\/virtudes-morais-cardeais\/como-podemos-buscar-a-virtude-da-mansidao-na-vida\/\" target=\"_blank\" rel=\"noopener\">mansid\u00e3o<\/a>.<br \/>\n&nbsp;&nbsp;&nbsp;&nbsp;&nbsp; Para o mundo, \u00e9 forte aquele que vence, que tem a raz\u00e3o, que suas ideias sobressaem-se. Para o crist\u00e3o, o forte \u00e9 aquele que persevera independente das quedas.<br \/>\n&nbsp;&nbsp;&nbsp;&nbsp;&nbsp; Nesta sociedade, a pessoa mansa, am\u00e1vel, terna, \u00e9 vista como fr\u00e1gil ou fraca. Para Deus, somente o homem ou mulher fortes s\u00e3o capazes de domar seus impulsos e serem mansos mesmo diante das adversidades cotidianas. Mansid\u00e3o diante da decep\u00e7\u00e3o, da frustra\u00e7\u00e3o, da trai\u00e7\u00e3o, da injusti\u00e7a, do desemprego, da doen\u00e7a, da morte. <a href=\"https:\/\/formacao.cancaonova.com\/espiritualidade\/vida-de-oracao\/confira-tres-principios-espirituais-contra-tribulacoes\/\" target=\"_blank\" rel=\"noopener\">Tribula\u00e7\u00f5es<\/a> que fazem parte da vida do ser humano.<br \/>\n&nbsp;&nbsp;&nbsp;&nbsp;&nbsp; S\u00e3o Francisco fala em fidelidade cotidiana, ensina uma ascese moderada que passo a passo vai entrando na intimidade de Deus. Em seu livro Filoteia indica fazer o bom uso da mansid\u00e3o e aplic\u00e1-la a n\u00f3s mesmos. Quantas vezes nos enfurecemos com nossa fraqueza, des\u00e2nimo, pecado e falta de f\u00e9? Primeiramente sejamos mansos para conosco. Se eu n\u00e3o agir com miseric\u00f3rdia comigo mesma, como agirei com o outro? Quando uso de ira com minhas faltas, estabelece a\u00ed outro pecado: o <a href=\"https:\/\/formacao.cancaonova.com\/atualidade\/comportamento\/o-orgulho-e-o-grande-arqui-inimigo-da-vontade-de-perdoar\/\" target=\"_blank\" rel=\"noopener\">orgulho.<\/a> (mas isso \u00e9 um assunto para um outro post). Por isso, &#8220;sedes mansos e humildes de cora\u00e7\u00e3o&#8221;.<br \/>\n&nbsp;&nbsp;&nbsp;&nbsp;&nbsp; Em tempos de <a href=\"https:\/\/formacao.cancaonova.com\/atualidade\/sociedade\/como-viver-virtude-da-esperanca-em-meio-pandemia\/\" target=\"_blank\" rel=\"noopener\">pandemia<\/a>, isolamento social e brigas acirradas dos poderes p\u00fablicos, a nossa parte \u00e9 criar um ambiente de ternura, harmonia e mansid\u00e3o em nossos lares.<br \/>\n&nbsp;&nbsp;&nbsp;&nbsp;&nbsp; Parece contradit\u00f3rio, mas, sen\u00e3o em todos os momentos ou na maioria deles, para agir com mansid\u00e3o e estabelecer um ambiente de paz, devemos ser violentos. Violentos? Sim, violentos com o nosso eu, com o nosso querer, com a nossa a raz\u00e3o, com o nosso jeito de ver as situa\u00e7\u00f5es. Uma viol\u00eancia interior que se dobra \u00e0 a\u00e7\u00e3o do Esp\u00edrito Santo e vence as paix\u00f5es da carne.<\/p>\n<p>&#8220;A come\u00e7ar em mim, quebra cora\u00e7\u00e3o, pra que sejamos todos um, como Tu \u00e9s em n\u00f3s!&#8221;<\/p>\n<p>Deus os aben\u00e7oe!<\/p>\n<div>\n<p><strong>Luciana Munhoz<\/strong><\/p>\n<p>Ingressou na Comunidade Can\u00e7\u00e3o Nova em 2001, permanecendo no n\u00facleo durante 14 anos. Hoje \u00e9 membro no Segundo Elo da Comunidade. Graduada em Administra\u00e7\u00e3o com \u00eanfase em Marketing e em Comunica\u00e7\u00e3o Social. Esposa do Bruno Alexandre S\u00e1 Gonzaga . M\u00e3e do Samuel. <strong>Instagram:<\/strong> <a href=\"https:\/\/www.instagram.com\/munhozreinasa\/\" target=\"_blank\" rel=\"noopener\">@munhozreinasa<\/a><\/p>\n<\/div>\n","protected":false},"excerpt":{"rendered":"<p>&#8220;Aprendei de mim, porque sou manso e humilde de cora\u00e7\u00e3o&#8221;. (Mateus 11,29) &nbsp;&nbsp;&nbsp;&nbsp;&nbsp; Se procurarmos no dicion\u00e1rio o significado da palavra &#8220;mansid\u00e3o&#8221; teremos: g\u00eanio brando, manso e de temperamento f\u00e1cil. Venho aqui contradizer este conceito, com uma interpreta\u00e7\u00e3o agora espiritual&#8230;.<\/p>\n","protected":false},"author":26,"featured_media":13774,"comment_status":"closed","ping_status":"closed","sticky":false,"template":"","format":"standard","meta":{"_mi_skip_tracking":false,"_monsterinsights_sitenote_active":false,"_monsterinsights_sitenote_note":"","_monsterinsights_sitenote_category":0,"footnotes":""},"categories":[681,23],"tags":[207103,38,61931,200646,10251,206867,29966,35464,19290,29120,18570],"_links":{"self":[{"href":"https:\/\/blog.cancaonova.com\/fortaleza\/wp-json\/wp\/v2\/posts\/13770"}],"collection":[{"href":"https:\/\/blog.cancaonova.com\/fortaleza\/wp-json\/wp\/v2\/posts"}],"about":[{"href":"https:\/\/blog.cancaonova.com\/fortaleza\/wp-json\/wp\/v2\/types\/post"}],"author":[{"embeddable":true,"href":"https:\/\/blog.cancaonova.com\/fortaleza\/wp-json\/wp\/v2\/users\/26"}],"replies":[{"embeddable":true,"href":"https:\/\/blog.cancaonova.com\/fortaleza\/wp-json\/wp\/v2\/comments?post=13770"}],"version-history":[{"count":5,"href":"https:\/\/blog.cancaonova.com\/fortaleza\/wp-json\/wp\/v2\/posts\/13770\/revisions"}],"predecessor-version":[{"id":13776,"href":"https:\/\/blog.cancaonova.com\/fortaleza\/wp-json\/wp\/v2\/posts\/13770\/revisions\/13776"}],"wp:featuredmedia":[{"embeddable":true,"href":"https:\/\/blog.cancaonova.com\/fortaleza\/wp-json\/wp\/v2\/media\/13774"}],"wp:attachment":[{"href":"https:\/\/blog.cancaonova.com\/fortaleza\/wp-json\/wp\/v2\/media?parent=13770"}],"wp:term":[{"taxonomy":"category","embeddable":true,"href":"https:\/\/blog.cancaonova.com\/fortaleza\/wp-json\/wp\/v2\/categories?post=13770"},{"taxonomy":"post_tag","embeddable":true,"href":"https:\/\/blog.cancaonova.com\/fortaleza\/wp-json\/wp\/v2\/tags?post=13770"}],"curies":[{"name":"wp","href":"https:\/\/api.w.org\/{rel}","templated":true}]}}