{"id":13977,"date":"2021-07-22T10:03:34","date_gmt":"2021-07-22T13:03:34","guid":{"rendered":"http:\/\/blog.cancaonova.com\/fortaleza\/?p=13977"},"modified":"2021-07-22T10:03:34","modified_gmt":"2021-07-22T13:03:34","slug":"maria-madalena-de-pecadora-anunciadora-cristo","status":"publish","type":"post","link":"https:\/\/blog.cancaonova.com\/fortaleza\/maria-madalena-de-pecadora-anunciadora-cristo\/","title":{"rendered":"Maria Madalena: De Pecadora a Anunciadora do Cristo"},"content":{"rendered":"<h3><strong><em>A mulher que teve a sua vida transformada por Jesus, e correspondeu ao Seu amor.<\/em><\/strong><\/h3>\n<p>Hoje, dia 22 de julho, celebramos a Festa de Santa Maria Madalena. Vale a pena lembrar que em 2016, o Cardeal Robert Sarah, at\u00e9 ent\u00e3o prefeito da Congrega\u00e7\u00e3o para o Culto Divino e a Disciplina dos Sacramentos no Vaticano, emitiu um decreto no qual, seguindo a vontade do Papa Francisco, estabeleceu que a mem\u00f3ria lit\u00fargica de Santa Maria Madalena fosse elevada ao grau lit\u00fargico de festa. Portanto, comemoramos hoje uma recente festa lit\u00fargica institu\u00edda pela igreja, e por isso, nada melhor do que recordar e meditar a vida desta grande mulher de Deus.<\/p>\n<div id=\"attachment_13978\" style=\"width: 1610px\" class=\"wp-caption aligncenter\"><img loading=\"lazy\" decoding=\"async\" aria-describedby=\"caption-attachment-13978\" class=\"size-full wp-image-13978\" src=\"http:\/\/blog.cancaonova.com\/fortaleza\/files\/2021\/07\/mariamadalena.jpg\" alt=\"\" width=\"1600\" height=\"1200\" srcset=\"https:\/\/blog.cancaonova.com\/fortaleza\/files\/2021\/07\/mariamadalena.jpg 1600w, https:\/\/blog.cancaonova.com\/fortaleza\/files\/2021\/07\/mariamadalena-300x225.jpg 300w, https:\/\/blog.cancaonova.com\/fortaleza\/files\/2021\/07\/mariamadalena-768x576.jpg 768w\" sizes=\"(max-width: 1600px) 100vw, 1600px\" \/><p id=\"caption-attachment-13978\" class=\"wp-caption-text\">Foto ilustrativa &#8211; Fonte: cancaonova.com<\/p><\/div>\n<p>Maria Madalena \u00e9 origin\u00e1ria de uma aldeia chamada Magdala, que fica localizada no lago da Galil\u00e9ia, e por este motivo \u00e9 conhecida como Madalena. A sua hist\u00f3ria, contada pelos Evangelhos, possui um lugar e posi\u00e7\u00e3o de primeiro plano. O evangelista S\u00e3o Lucas coloca-a entre aquelas mulheres que tinham seguido Jesus depois de ter sido &#8220;curada de esp\u00edritos malignos e de enfermidades&#8221;, especificando que dela &#8220;tinham sa\u00eddo sete dem\u00f4nios&#8221; (Lc\u00a08, 2). Santa Maria Madalena esteve presente aos p\u00e9s da Cruz, juntamente a M\u00e3e de Jesus e com outras mulheres. Ela descobrir\u00e1, na manh\u00e3 do primeiro dia ap\u00f3s o s\u00e1bado, o t\u00famulo vazio, ao lado do qual permanecer\u00e1 em l\u00e1grimas, at\u00e9 que Jesus ressuscitado apare\u00e7a diante dela (Jo\u00a020, 11).<\/p>\n<p>Tendo como pano de fundo estes epis\u00f3dios b\u00edblicos de Maria Madalena, n\u00f3s verificamos que aconteceu uma aut\u00eantica mudan\u00e7a e transforma\u00e7\u00e3o radical na alma de Madalena. De pecadora \u00e0 primeira pessoa a anunciar Cristo ressuscitado. Isso nos faz recordar de uma outra passagem b\u00edblica, que se encontra em Romanos: \u201cOnde abundou o pecado, superabundou a gra\u00e7a\u201d (5,20). Antes de Cristo, ela estava como que sobre a influ\u00eancia do pecado e dos dem\u00f4nios, depois de conhecer Cristo, passou para o dom\u00ednio e senhorio de Jesus. A vida venceu a morte. Ela fez uma verdadeira experi\u00eancia com Cristo ressuscitado antes de anunci\u00e1-lo. Por isso, que contemplar a vida de Maria Madalena \u00e9 constatar que para Deus nada \u00e9 imposs\u00edvel. Que nenhum caso pode ser considerado totalmente perdido. Que a gra\u00e7a de Deus \u00e9 muito mais forte que o mal. Que a miseric\u00f3rdia divina \u00e9 muito maior que todo pecado. N\u00e3o \u00e9 atoa que o papa em\u00e9rito Bento XVI, ao comentar a vida desta santa, disse: \u201cA hist\u00f3ria de Maria Madalena recorda a todos uma verdade fundamental:\u00a0 disc\u00edpulo de Cristo \u00e9 aquele que, na experi\u00eancia da debilidade humana, teve a humildade de lhe pedir ajuda, foi por Ele curado e se p\u00f4s no seu seguimento de perto, tornando-se testemunha do poder do seu amor misericordioso, mais forte do que o pecado e a morte\u201d.<\/p>\n<p>Gra\u00e7as a Santo Tom\u00e1s de Aquino, Maria Madalena \u00e9 conhecida como a \u201cprimeira ou a ap\u00f3stola dos ap\u00f3stolos\u201d, n\u00e3o porque tinha sido escolhida para ser coluna da Igreja como, de fato, os doze ap\u00f3stolos o s\u00e3o no aspecto espec\u00edfico e pr\u00f3prio, mas porque ela foi a primeira a anunciar a Ressurrei\u00e7\u00e3o de Jesus. Desta forma, ela foi um anjo (mensageiro) e um ap\u00f3stolo (enviado) de Deus, que testemunhou, de modo primordial, a todos os ap\u00f3stolos e ao mundo que Cristo ressuscitou verdadeiramente e est\u00e1 vivo em nosso meio. Veja, esta \u00e9 a miss\u00e3o de cada crist\u00e3o batizado: anunciar ao mundo inteiro que Cristo vive. Por isso, a exemplo de Maria Madalena, retomemos a nossa condi\u00e7\u00e3o de ap\u00f3stolos, isto \u00e9, enviados para proclamar, declarar, anunciar e testemunhar com palavras e com a vida a Boa Nova de que Cristo est\u00e1 vivo verdadeiramente.<\/p>\n<p>Uma das grandes mensagens da hist\u00f3ria de Santa Maria Madalena \u00e9, sem d\u00favida alguma, a sua experi\u00eancia pessoal com Jesus, que foi capaz de torn\u00e1-la uma verdadeira disc\u00edpula fiel de Cristo. Fidelidade que se revelou quando esteve presente no t\u00famulo vazio logo pela manh\u00e3. Ela esperou contra toda desesperan\u00e7a. Ela acreditou e amou. Seguindo Maria Madalena, portanto, fa\u00e7amos uma verdadeira experi\u00eancia com Cristo ressuscitado, de todo cora\u00e7\u00e3o, capaz de transformar nossa vida concretamente, porque onde abundou o pecado, superabundou a gra\u00e7a de Deus.<\/p>\n<p><strong>Padre Bruno Franco<\/strong><br \/>\n\u00c9 membro do n\u00facleo da Comunidade Can\u00e7\u00e3o Nova desde 2005, frente de miss\u00e3o de Fortaleza-CE.<br \/>\n<em><strong>Instagram:<\/strong><\/em>\u00a0<a href=\"https:\/\/www.instagram.com\/padrebrunocoelhocn\/\" target=\"_blank\" rel=\"noopener\">@padrebrunocoelhocn<\/a><\/p>\n","protected":false},"excerpt":{"rendered":"<p>A mulher que teve a sua vida transformada por Jesus, e correspondeu ao Seu amor. Hoje, dia 22 de julho, celebramos a Festa de Santa Maria Madalena. Vale a pena lembrar que em 2016, o Cardeal Robert Sarah, at\u00e9 ent\u00e3o&#8230;<\/p>\n","protected":false},"author":26,"featured_media":13978,"comment_status":"closed","ping_status":"closed","sticky":false,"template":"","format":"standard","meta":{"_mi_skip_tracking":false,"_monsterinsights_sitenote_active":false,"_monsterinsights_sitenote_note":"","_monsterinsights_sitenote_category":0,"footnotes":""},"categories":[681,23],"tags":[6851,35011,200774,218321,200776,217960,19037],"_links":{"self":[{"href":"https:\/\/blog.cancaonova.com\/fortaleza\/wp-json\/wp\/v2\/posts\/13977"}],"collection":[{"href":"https:\/\/blog.cancaonova.com\/fortaleza\/wp-json\/wp\/v2\/posts"}],"about":[{"href":"https:\/\/blog.cancaonova.com\/fortaleza\/wp-json\/wp\/v2\/types\/post"}],"author":[{"embeddable":true,"href":"https:\/\/blog.cancaonova.com\/fortaleza\/wp-json\/wp\/v2\/users\/26"}],"replies":[{"embeddable":true,"href":"https:\/\/blog.cancaonova.com\/fortaleza\/wp-json\/wp\/v2\/comments?post=13977"}],"version-history":[{"count":3,"href":"https:\/\/blog.cancaonova.com\/fortaleza\/wp-json\/wp\/v2\/posts\/13977\/revisions"}],"predecessor-version":[{"id":13989,"href":"https:\/\/blog.cancaonova.com\/fortaleza\/wp-json\/wp\/v2\/posts\/13977\/revisions\/13989"}],"wp:featuredmedia":[{"embeddable":true,"href":"https:\/\/blog.cancaonova.com\/fortaleza\/wp-json\/wp\/v2\/media\/13978"}],"wp:attachment":[{"href":"https:\/\/blog.cancaonova.com\/fortaleza\/wp-json\/wp\/v2\/media?parent=13977"}],"wp:term":[{"taxonomy":"category","embeddable":true,"href":"https:\/\/blog.cancaonova.com\/fortaleza\/wp-json\/wp\/v2\/categories?post=13977"},{"taxonomy":"post_tag","embeddable":true,"href":"https:\/\/blog.cancaonova.com\/fortaleza\/wp-json\/wp\/v2\/tags?post=13977"}],"curies":[{"name":"wp","href":"https:\/\/api.w.org\/{rel}","templated":true}]}}