{"id":13474,"date":"2020-09-22T08:28:28","date_gmt":"2020-09-22T11:28:28","guid":{"rendered":"http:\/\/blog.cancaonova.com\/gravata\/?p=13474"},"modified":"2020-09-22T08:28:28","modified_gmt":"2020-09-22T11:28:28","slug":"bispo-de-caruaru-fala-da-oracao-por-beatificacao-de-dom-henrique-soares","status":"publish","type":"post","link":"https:\/\/blog.cancaonova.com\/gravata\/2020\/09\/22\/bispo-de-caruaru-fala-da-oracao-por-beatificacao-de-dom-henrique-soares\/","title":{"rendered":"Bispo de Caruaru fala da ora\u00e7\u00e3o por beatifica\u00e7\u00e3o de Dom Henrique Soares"},"content":{"rendered":"<h3>Dom Jos\u00e9 Gon\u00e7alves oficializou na \u00faltima semana a ora\u00e7\u00e3o e novena pela beatifica\u00e7\u00e3o de Dom Henrique Soares<\/h3>\n<p><em>Julia Beck<\/em><br \/>\n<em>Da reda\u00e7\u00e3o\/CNNoticias<\/em><\/p>\n<p>&nbsp;<\/p>\n<p>Creio que Dom Henrique poder\u00e1 ser beatificado sobretudo pela sua f\u00e9, sua capacidade de crer no amor de Deus, na presen\u00e7a de Deus na vida da Igreja atrav\u00e9s dos sacramentos\u201d, afirma o bispo da Diocese de Caruaru (PE), Dom Jos\u00e9 Ruy Gon\u00e7alves Lopes. Ele<strong><a href=\"https:\/\/noticias.cancaonova.com\/mundo\/bispo-aprova-oracao-e-novena-por-beatificacao-de-dom-henrique-soares\/\" target=\"_blank\" rel=\"noopener\">&nbsp;oficializou, na \u00faltima semana, um decreto can\u00f4nico&nbsp;<\/a><\/strong>que aprovou a ora\u00e7\u00e3o e novena pela beatifica\u00e7\u00e3o do bispo&nbsp;<strong><a href=\"https:\/\/noticias.cancaonova.com\/igreja\/morre-dom-henrique-soares-da-costa-aos-57-anos\/\" target=\"_blank\" rel=\"noopener\">falecido no dia 18 de julho, aos 57 anos, v\u00edtima da covid-19.<\/a><\/strong><\/p>\n<p>Dom Jos\u00e9 explica que todo o processo can\u00f4nico s\u00f3 se inicia depois de cinco anos, sendo assim, o pedido de beatifica\u00e7\u00e3o s\u00f3 poder\u00e1 ser enviado ao Vaticano ap\u00f3s este prazo. \u201cA sabedoria da Igreja nos ensina atrav\u00e9s da hist\u00f3ria que (\u2026) \u00e9 necess\u00e1rio ter prud\u00eancia, ter cautela, deixar passar o calor da emo\u00e7\u00e3o da morte e da perda\u201d.<\/p>\n<p>Ele destaca que o conhecimento dos fi\u00e9is, por meio da ora\u00e7\u00e3o, de milagres, gra\u00e7as e intercess\u00f5es, \u00e9 um ponto importante durante este per\u00edodo que antecede o pedido de beatifica\u00e7\u00e3o de uma pessoa. &nbsp;\u201cEsperamos que, favorecendo a ora\u00e7\u00e3o do povo, as gra\u00e7as de Deus recaiam abundantemente sobre aqueles que rezarem\u201d, comentou.<\/p>\n<h3>A recep\u00e7\u00e3o dos fi\u00e9is<\/h3>\n<p>Dom Jos\u00e9 revela que<strong>&nbsp;<a href=\"http:\/\/cnbbne2.org.br\/wp-content\/uploads\/2020\/09\/Ora%C3%A7%C3%A3o-dom-Henrique.pdf\" target=\"_blank\" rel=\"noopener\">a ora\u00e7\u00e3o e a novena<\/a>&nbsp;<\/strong>foram um clamor do povo de todo o Brasil, sobretudo, daqueles de Caruaru que conheciam Dom Henrique, que o acompanhavam pelas redes sociais, ouviam suas prega\u00e7\u00f5es, suas catequeses. &nbsp;\u201cMuitas pessoas n\u00e3o s\u00f3 pediram, mas algumas delas at\u00e9 haviam escrito ou composto algumas ora\u00e7\u00f5es em favor da beatifica\u00e7\u00e3o de Dom Henrique\u201d.<\/p>\n<p>O bispo destaca que foi com base nesse clamor do povo que foi tomada a iniciativa de elaborar a ora\u00e7\u00e3o, para que ela fosse propagada. A ora\u00e7\u00e3o \u00e9 considerada privada, isto \u00e9, ela s\u00f3 pode ser rezada em ora\u00e7\u00f5es pessoais e n\u00e3o em ora\u00e7\u00f5es lit\u00fargicas.&nbsp;<\/p>\n<p>\u201cSua import\u00e2ncia \u00e9 a de favorecer a f\u00e9 das pessoas na comunh\u00e3o dos santos. Quanto mais rezamos, melhor o nosso di\u00e1logo e comunh\u00e3o com Deus\u201d, frisou Dom Jos\u00e9.<\/p>\n<p>A aceita\u00e7\u00e3o e acolhimento da ora\u00e7\u00e3o e da novena t\u00eam sido fant\u00e1sticos, relata o bispo de Caruaru. \u201cN\u00f3s temos acompanhado a repercuss\u00e3o tanto nas redes sociais como nas m\u00eddias, e tem sido muito favor\u00e1vel. Que seja um bem para a igreja e para o povo!\u201d.<\/p>\n<h3>Rela\u00e7\u00e3o de amizade com Dom Henrique<\/h3>\n<p>No tempo em que se tornou bispo, Dom Jos\u00e9 conta que j\u00e1 havia se encontrado com Dom Henrique, na \u00e9poca bispo auxiliar da Arquidiocese de Aracaju (SP): \u201cFaz\u00edamos parte do mesmo regional, Nordeste 3\u201d. E&nbsp;foi atrav\u00e9s de amigos em comum (Dom Magnus Henrique Lopes \u2013 bispo de Salgueiro, e Dom Francisco Barros Falc\u00e3o \u2013 bispo auxiliar do ordinariato militar) que os dois se aproximaram e estabeleceram um v\u00ednculo de amizade.<\/p>\n<p>\u201cFoi um homem devotado \u00e0 Igreja e desse modo fez com que a Igreja se tornasse para ele aquilo que ela de verdade \u00e9: esposa de Cristo e m\u00e3e de todos os fi\u00e9is cat\u00f3licos\u201d, diz Dom Jos\u00e9 Ruy sobre Dom Henrique Soares.&nbsp;<\/p>\n<p>\u201cSem d\u00favida alguma Dom Henrique n\u00e3o s\u00f3 influenciou a vida de muitos crist\u00e3os leigos e leigas, como influenciou a vida de muitos seminaristas e padres. O exemplo de Dom Henrique deve ser exaltado para a gl\u00f3ria de Deus, em primeiro lugar, mas tamb\u00e9m para o bem da Igreja\u201d.<\/p>\n<p>Muitos fi\u00e9is ainda manifestam a dor da perda de Dom Henrique, relata Dom Jos\u00e9. O bispo refor\u00e7a que a morte do bispo de Palmares (PE) foi prematura, mas que j\u00e1 deixa uma heran\u00e7a espiritual e o exemplo de quem confiou em Deus at\u00e9 o fim, tamb\u00e9m na morte.<\/p>\n<p>&nbsp;<\/p>\n<p><img loading=\"lazy\" decoding=\"async\" class=\"aligncenter size-medium wp-image-13475\" src=\"http:\/\/blog.cancaonova.com\/gravata\/files\/2020\/09\/WhatsApp-Image-2020-09-11-at-15.18.30-120x120.jpeg\" alt=\"\" width=\"120\" height=\"120\" srcset=\"https:\/\/blog.cancaonova.com\/gravata\/files\/2020\/09\/WhatsApp-Image-2020-09-11-at-15.18.30-120x120.jpeg 120w, https:\/\/blog.cancaonova.com\/gravata\/files\/2020\/09\/WhatsApp-Image-2020-09-11-at-15.18.30-200x200.jpeg 200w, https:\/\/blog.cancaonova.com\/gravata\/files\/2020\/09\/WhatsApp-Image-2020-09-11-at-15.18.30-768x768.jpeg 768w, https:\/\/blog.cancaonova.com\/gravata\/files\/2020\/09\/WhatsApp-Image-2020-09-11-at-15.18.30-144x144.jpeg 144w, https:\/\/blog.cancaonova.com\/gravata\/files\/2020\/09\/WhatsApp-Image-2020-09-11-at-15.18.30.jpeg 1200w\" sizes=\"(max-width: 120px) 100vw, 120px\" \/><\/p>\n<p style=\"text-align: center\">Adquira esta camiseta na Loja<strong>&nbsp;Can\u00e7\u00e3o Nova-Gravat\u00e1<\/strong><\/p>\n<p style=\"text-align: center\"><em><strong>Contato: (81) 9 9576 7496<\/strong><\/em><\/p>\n","protected":false},"excerpt":{"rendered":"<p>Dom Jos\u00e9 Gon\u00e7alves oficializou na \u00faltima semana a ora\u00e7\u00e3o e novena pela beatifica\u00e7\u00e3o de Dom Henrique Soares Julia Beck Da reda\u00e7\u00e3o\/CNNoticias &nbsp; Creio que Dom Henrique poder\u00e1 ser beatificado sobretudo pela sua f\u00e9, sua capacidade de crer no amor de&#8230;<\/p>\n","protected":false},"author":3411,"featured_media":13476,"comment_status":"open","ping_status":"open","sticky":false,"template":"","format":"standard","meta":{"_mi_skip_tracking":false,"_monsterinsights_sitenote_active":false,"_monsterinsights_sitenote_note":"","_monsterinsights_sitenote_category":0,"footnotes":""},"categories":[181],"tags":[6351,181,18563,35842,47],"_links":{"self":[{"href":"https:\/\/blog.cancaonova.com\/gravata\/wp-json\/wp\/v2\/posts\/13474"}],"collection":[{"href":"https:\/\/blog.cancaonova.com\/gravata\/wp-json\/wp\/v2\/posts"}],"about":[{"href":"https:\/\/blog.cancaonova.com\/gravata\/wp-json\/wp\/v2\/types\/post"}],"author":[{"embeddable":true,"href":"https:\/\/blog.cancaonova.com\/gravata\/wp-json\/wp\/v2\/users\/3411"}],"replies":[{"embeddable":true,"href":"https:\/\/blog.cancaonova.com\/gravata\/wp-json\/wp\/v2\/comments?post=13474"}],"version-history":[{"count":1,"href":"https:\/\/blog.cancaonova.com\/gravata\/wp-json\/wp\/v2\/posts\/13474\/revisions"}],"predecessor-version":[{"id":13477,"href":"https:\/\/blog.cancaonova.com\/gravata\/wp-json\/wp\/v2\/posts\/13474\/revisions\/13477"}],"wp:featuredmedia":[{"embeddable":true,"href":"https:\/\/blog.cancaonova.com\/gravata\/wp-json\/wp\/v2\/media\/13476"}],"wp:attachment":[{"href":"https:\/\/blog.cancaonova.com\/gravata\/wp-json\/wp\/v2\/media?parent=13474"}],"wp:term":[{"taxonomy":"category","embeddable":true,"href":"https:\/\/blog.cancaonova.com\/gravata\/wp-json\/wp\/v2\/categories?post=13474"},{"taxonomy":"post_tag","embeddable":true,"href":"https:\/\/blog.cancaonova.com\/gravata\/wp-json\/wp\/v2\/tags?post=13474"}],"curies":[{"name":"wp","href":"https:\/\/api.w.org\/{rel}","templated":true}]}}