{"id":13489,"date":"2020-10-06T11:15:09","date_gmt":"2020-10-06T14:15:09","guid":{"rendered":"http:\/\/blog.cancaonova.com\/gravata\/?p=13489"},"modified":"2020-10-06T11:15:09","modified_gmt":"2020-10-06T14:15:09","slug":"ligacao-de-carlo-acutis-com-o-brasil","status":"publish","type":"post","link":"https:\/\/blog.cancaonova.com\/gravata\/2020\/10\/06\/ligacao-de-carlo-acutis-com-o-brasil\/","title":{"rendered":"A liga\u00e7\u00e3o de Carlo Acutis com o Brasil"},"content":{"rendered":"<p><img loading=\"lazy\" decoding=\"async\" class=\"aligncenter  wp-image-13491\" src=\"http:\/\/blog.cancaonova.com\/gravata\/files\/2020\/10\/CarloAcutis-Miracolieucaristici.org_050718-120x67.jpg\" alt=\"\" width=\"193\" height=\"108\" srcset=\"https:\/\/blog.cancaonova.com\/gravata\/files\/2020\/10\/CarloAcutis-Miracolieucaristici.org_050718-120x67.jpg 120w, https:\/\/blog.cancaonova.com\/gravata\/files\/2020\/10\/CarloAcutis-Miracolieucaristici.org_050718-768x432.jpg 768w, https:\/\/blog.cancaonova.com\/gravata\/files\/2020\/10\/CarloAcutis-Miracolieucaristici.org_050718-384x216.jpg 384w, https:\/\/blog.cancaonova.com\/gravata\/files\/2020\/10\/CarloAcutis-Miracolieucaristici.org_050718-512x288.jpg 512w, https:\/\/blog.cancaonova.com\/gravata\/files\/2020\/10\/CarloAcutis-Miracolieucaristici.org_050718.jpg 900w\" sizes=\"(max-width: 193px) 100vw, 193px\" \/><\/p>\n<p style=\"text-align: center\"><strong>1 Primeiramente irm\u00e3 diga-nos de onde voc\u00ea \u00e9 aqui no Brasil, e fale um pouco da sua miss\u00e3o em Assis.<\/strong><\/p>\n<p style=\"text-align: center\">Sou a irma\u0303 Francisca Erineuda Firmino Bento da congrega\u00e7a\u0303o das irma\u0303s Missiona\u0301rias Capuchinhas, sou da cidade de Horizonte Ceara\u0301. Depois da minha profiss\u00e3o dos votos simples fui enviada para Ita\u0301lia para abrir a primeira casa de miss\u00e3o na Ita\u0301lia a primeira experi\u00eancia da congrega\u00e7\u00e3o das irm\u00e3s Missiona\u0301rias Capuchinhas na Ita\u0301lia, pois somos uma congrega\u00e7\u00e3o Brasileira a nossa casa Geral fica em Fortaleza e fui enviada juntamente com uma outra irm\u00e3. Ir. Lu\u0301cia Silva no dia 5 de junho de 2014, moramos primeiramente dois anos numa cidade chamada Gualdo Tadino, tivemos experie\u0302ncia da gra\u00e7a de Deus no processo de adapta\u00e7\u00e3o, conseguimos realizar miss\u00f5es populares tamb\u00e9m com a presen\u00e7a missiona\u0301ria religiosa ajudando na anima\u00e7\u00e3o lit\u00fargica de duas comunidades, juntamente com os frades Capuchinhos da Umbria. No dia 23 de janeiro de 2017 fomos enviadas para morar em Assis para ser uma presen\u00e7a missiona\u0301ria religiosa na par\u00f3quia de Santa Maria Maior que atualmente \u00e9 tamb\u00e9m Santua\u0301rio do despojamento onde hoje est\u00e1 o corpo do vener\u00e1vel Carlo Acutis. Atualmente em Assis somos agora tr\u00eas irm\u00e3s eu, Ir. Francisca Erineuda, Ir.L\u00facia Silva e a Ir. Vanda Monteiro. Realizamos com muita alegria a Miss\u00e3o de ser uma presen\u00e7a Missiona\u0301ria e anima\u00e7\u00e3o lit\u00fargica, acolhendo e acompanhando os grupos que chega no santua\u0301rio fazendo um guia espiritual.<\/p>\n<p style=\"text-align: center\">2 <strong>Qual a expectativa para a beatifica\u00e7\u00e3o do Carlo Acutis no dia 10 de outubro? <\/strong><\/p>\n<p style=\"text-align: center\">Para mim, \u00e9 uma alegria muito grande em est\u00e1 pr\u00f3ximo e v\u00ea o processo de beatifica\u00e7\u00e3o de um futuro beato que viveu t\u00e3o perto da nossa realidade e da nossa vida cotidiana. As expectativas s\u00e3o muitas eu acredito que o mundo estava gritando, a juventude clamava para ser vista e valorizada, quantas vezes escutamos que jovens n\u00e3o tem compromisso s\u00e3o irrespons\u00e1veis e agora pode olhar o exemplo de Carlo, um jovem que da sua vida ordin\u00e1ria fez o extraordin\u00e1rio.<\/p>\n<p style=\"text-align: center\"><strong>3 Conte-nos um pouco da Hist\u00f3ria do Beato Carlo Acutis?<\/strong><\/p>\n<p style=\"text-align: center\">Carlo Acutis nasceu em 3 de maio de 1991, em Londres (Inglaterra), onde a sua fam\u00edlia viveu por motivos de trabalho. Anos depois, eles mudaram-se para Mil\u00e3o (It\u00e1lia). Fez a Primeira Comunh\u00e3o aos 7 anos e, desde ent\u00e3o, a sua vida foi marcada por um profundo amor pela Eucaristia, a qual considerava como rodovia para o c\u00e9u. Ele participava da Missa todos os dias e tamb\u00e9m rezava o ter\u00e7o, impulsionado pela sua devo\u00e7\u00e3o \u00e0&nbsp;Virgem Maria, e dizia que nossa senhora era a \u00fanica mulher da sua vida a qual considerava sua confidente. Ouvi de sua m\u00e3e dona Ant\u00f4nia que ele gostava de dizer que &nbsp;se sentia feliz quando ele perdia o ter\u00e7o pela estrada porque quem o encontrasse automaticamente lembraria de Jesus e de nossa Senhora. Al\u00e9m disso, dava aulas de&nbsp;catecismo&nbsp;\u00e0s crian\u00e7as e ajudava as pessoas mais necessitadas. Carlo Acutis tamb\u00e9m desenvolveu desde pequeno o seu talento pela inform\u00e1tica e os adultos que o conheciam o consideravam um g\u00eanio. Ele criou exposi\u00e7\u00f5es virtuais sobre temas de f\u00e9, como milagres eucar\u00edsticos em todo o mundo. Fez isso quando tinha 14 anos. Quando foi diagnosticado com leucemia, Carlo decidiu oferecer seus sofrimentos pelo Papa e pela&nbsp;Igreja&nbsp;Cat\u00f3lica. Faleceu em 12 de outubro de 2006, dia da festa de nossa Senhora Aparecida, com apenas 15 anos de idade.<\/p>\n<p style=\"text-align: center\"><strong>4 Conte-nos um pouco do milagre que o levou a ser Beato? Como que chegou ao conhecimento desta m\u00e3e est\u00e1 ora\u00e7\u00e3o?<\/strong><\/p>\n<p style=\"text-align: center\">O milagre aconteceu no Brasil em Campo Grande Mato grosso do Sul na Par\u00f3quia de S\u00e3o Sebasti\u00e3o tendo como o Pa\u0301roco Padre Marcelo Ten\u00f3rio o mesmo testemunhou como aconteceu o milagre. No dia 12 de outubro de 2010, na capela de Nossa Senhora Aparecida, de nossa Par\u00f3quia, no momento da B\u00ean\u00e7\u00e3o com a Rel\u00edquia, aproximou-se um garoto, levado por seu av\u00f4 e que sofria o drama do p\u00e2ncreas anular, que se trata de uma anomalia cong\u00eanita rara. Essa enfermidade fazia com que a crian\u00e7a vomitasse todo tempo, o que a deixava fraca e muito abatida, pois tudo o que comia, voltava, inclusive l\u00edquido. J\u00e1 andava com uma toalhinha, porque era grave a sua situa\u00e7\u00e3o. Cada vez mais fraco, debilitado. \u201cNa fila para b\u00ean\u00e7\u00e3o, a crian\u00e7a pergunta ao av\u00f4 o que deveria pedir e ele lhe diz: \u201c para voc\u00ea parar de vomitar\u201d e assim aconteceu. Quando chegou a vez do enfermo, ele tocou na Rel\u00edquia do Carlo e disse com voz firme: Parar de vomitar\u201d e, a partir dai, n\u00e3o vomitou mais. Em fevereiro de 2011, a fam\u00edlia mandou fazer novos exames no garoto e foi-lhe constatado a plena cura.<\/p>\n<p style=\"text-align: center\"><strong>5 O amor do Carlo pela Eucaristia<\/strong><\/p>\n<p style=\"text-align: center\">A Eucaristia Para Carlo foi o centro da sua vida, o seu amor era t\u00e3o grande que ele queria que todos experimentasse esse amor pela presen\u00e7a real de Jesus na Eucaristia, um jovem que tinha um agendamento dia\u0301rio com Jesus participava da Santa Missa e fazia a sua hora de adora\u00e7\u00e3o, adorando o rei dos reis. Carlo entristecia quando ele via filas quilom\u00e9tricas nos esta\u0301dios de futebol e n\u00e3o via filas quilom\u00e9tricas nas Igrejas para adorar Jesus. Para ele a Eur\u00edstica era a rodovia para o c\u00e9u.<\/p>\n<p style=\"text-align: center\"><strong>6 Santo dos tempos presentes, Santo da Internet?<\/strong><\/p>\n<p style=\"text-align: center\">Carlo Acutis um jovem genial no mundo da internet tinha uma inteligencia al\u00e9m do normal para os jovens da \u00e9poca, ele usou o meios de comunica\u00e7\u00e3o virtual para apresentar Jesus aos internautas, fazendo uma amostra dos mais importantes milagres, eucar\u00edstico no desejo que qualquer internauta pudesse encontrar at\u00e9 por acaso Jesus eucar\u00edstico. O Papa Francisco mencionou Carlo Acutis na exorta\u00e7\u00e3o aos jovens Christus vivit, n.106\u201c Carlo Acutis n\u00e3o caiu na armadilha, via que muitos jovens, embora (parecendo) diferente, na verdade, acabam por ser iguais aos outros, correndo atrav\u00e9s dos mecanismos de consumismo e distra\u00e7\u00e3o. Assim, n\u00e3o deixam brotar os dons que o Senhor lhes deu, n\u00e3o colocam \u00e0 disposi\u00e7\u00e3o deste mundo as capacidades pessoais e \u00fanicas que Deus semeou em cada um. Na verdade, todos nascem dizia Carlo como originais, mais muitos morrem como xerox. N\u00e3o deixe que isso lhe aconte\u00e7a!\u201d Carlo usou a internet como instrumento de Evangeliza\u00e7\u00e3o.<\/p>\n<p style=\"text-align: center\"><strong>7 A sua hist\u00f3ria com o Brasil, fale um pouco<\/strong><\/p>\n<p style=\"text-align: center\">Carlo passou a ser conhecido no mundo atrav\u00e9s do Brasil, o Padre Marcelo Ten\u00f3rio levou a divulga\u00e7\u00e3o e a devo\u00e7\u00e3o de Carlo Acutis na \u00e9poca que ainda era servo de Deus na sua Par\u00f3quia em Campo Grande Mato grosso do sul foi assim que Carlo passou a ser conhecido como o anjo da juventude em todo Brasil. Segundo o padre Marcelo ele pediu muito a Nossa Senhora Aparecida que o milagre para beatifica\u00e7\u00e3o fosse no Brasil. Uma vez eu estava conversando com a m\u00e3e de Carlo dona Ant\u00f4nia e ela me disse: Eu n\u00e3o entendo essa liga\u00e7\u00e3o de Carlo com o Brasil, n\u00f3s nunca fomos ao Brasil, morreu no dia de nossa Senhora Aparecida, o Corpo dele est\u00e1 no Santu\u00e1rio que o p\u00e1roco \u00e9 Brasileiro tem as irm\u00e3s mission\u00e1rias Capuchinhas Brasileiras que cuidam do Santu\u00e1rio e o milagre ter sido no Brasil, realmente Carlo tem uma liga\u00e7\u00e3o muito forte com o Brasil.<\/p>\n<p style=\"text-align: center\"><strong>8 E por fim fale nos pouco do vosso trabalho no Brasil?<\/strong><\/p>\n<p style=\"text-align: center\">A congrega\u00e7\u00e3o das irm\u00e3s Mission\u00e1rias Capuchinhas nasceu em 18 de dezembro 1904 em Santo Antonio do Prata no Par\u00e1 fundada pelo, o servo de Deus Frei Jo\u00e3o Pedro de Sexto s\u00e3o Jo\u00e3o, Italiano e pelas cofundadoras Ir. Clara, Ir. In\u00eas, Ir. Vero\u0302nica, Ir. Isabel e Ir. Madalena de Canind\u00e9. A nossa congrega\u00e7\u00e3o nasceu para responder ao apelo da necessidade da \u00e9poca que era educar as \u00edndias na educa\u00e7\u00e3o formal e com o passar dos tempos o nosso carisma foi crescendo e a nossa forma de vida foi criando espa\u00e7os para outras formas de miss\u00e3o. E imbu\u00eddas pelo nosso carisma que \u00e9, encarnar o Franciscanismo no discipulado de Jesus Cristo e seu projeto mission\u00e1rio servindo preferencialmente aos mais pobres, com coragem, alegria e miseric\u00f3rdia na simplicidade e no acolhimento, hoje n\u00f3s estamos inseridas em diversas \u00e0reas, que s\u00e3o elas: na educa\u00e7\u00e3o, na sa\u00fade, nas par\u00f3quias, nos meios populares, na \u00e1rea ind\u00edgena, santu\u00e1rio. Estamos nos pa\u00edses: Brasil, Mo\u00e7ambique e It\u00e1lia. 115 anos de miss\u00e3o sendo portadora de Jesus atrav\u00e9s do carisma Franciscano.<\/p>\n<h6 style=\"text-align: left\">&nbsp;Jornalista\/Joseano Marques-Comunidade Can\u00e7\u00e3o Nova<\/h6>\n<p>&nbsp;<\/p>\n<p><img loading=\"lazy\" decoding=\"async\" class=\"aligncenter size-medium wp-image-13490\" src=\"http:\/\/blog.cancaonova.com\/gravata\/files\/2020\/10\/WhatsApp_Image_2020-10-05_at_11.46.24-removebg-preview-120x120.png\" alt=\"\" width=\"120\" height=\"120\" srcset=\"https:\/\/blog.cancaonova.com\/gravata\/files\/2020\/10\/WhatsApp_Image_2020-10-05_at_11.46.24-removebg-preview-120x120.png 120w, https:\/\/blog.cancaonova.com\/gravata\/files\/2020\/10\/WhatsApp_Image_2020-10-05_at_11.46.24-removebg-preview-200x200.png 200w, https:\/\/blog.cancaonova.com\/gravata\/files\/2020\/10\/WhatsApp_Image_2020-10-05_at_11.46.24-removebg-preview-144x144.png 144w, https:\/\/blog.cancaonova.com\/gravata\/files\/2020\/10\/WhatsApp_Image_2020-10-05_at_11.46.24-removebg-preview.png 500w\" sizes=\"(max-width: 120px) 100vw, 120px\" \/><\/p>\n<p style=\"text-align: center\">Adquira este livro na Loja<\/p>\n<p style=\"text-align: center\"><strong>&nbsp;Can\u00e7\u00e3o Nova-Gravat\u00e1<\/strong><\/p>\n<p style=\"text-align: center\"><em><strong>Contato whatsapp: (81) 9 9576 7496<\/strong><\/em><\/p>\n","protected":false},"excerpt":{"rendered":"<p>1 Primeiramente irm\u00e3 diga-nos de onde voc\u00ea \u00e9 aqui no Brasil, e fale um pouco da sua miss\u00e3o em Assis. Sou a irma\u0303 Francisca Erineuda Firmino Bento da congrega\u00e7a\u0303o das irma\u0303s Missiona\u0301rias Capuchinhas, sou da cidade de Horizonte Ceara\u0301. Depois&#8230;<\/p>\n","protected":false},"author":3411,"featured_media":13491,"comment_status":"open","ping_status":"open","sticky":false,"template":"","format":"standard","meta":{"_mi_skip_tracking":false,"_monsterinsights_sitenote_active":false,"_monsterinsights_sitenote_note":"","_monsterinsights_sitenote_category":0,"footnotes":""},"categories":[18563],"tags":[195640,27731,32395,195639,32,195643,33235],"_links":{"self":[{"href":"https:\/\/blog.cancaonova.com\/gravata\/wp-json\/wp\/v2\/posts\/13489"}],"collection":[{"href":"https:\/\/blog.cancaonova.com\/gravata\/wp-json\/wp\/v2\/posts"}],"about":[{"href":"https:\/\/blog.cancaonova.com\/gravata\/wp-json\/wp\/v2\/types\/post"}],"author":[{"embeddable":true,"href":"https:\/\/blog.cancaonova.com\/gravata\/wp-json\/wp\/v2\/users\/3411"}],"replies":[{"embeddable":true,"href":"https:\/\/blog.cancaonova.com\/gravata\/wp-json\/wp\/v2\/comments?post=13489"}],"version-history":[{"count":5,"href":"https:\/\/blog.cancaonova.com\/gravata\/wp-json\/wp\/v2\/posts\/13489\/revisions"}],"predecessor-version":[{"id":13496,"href":"https:\/\/blog.cancaonova.com\/gravata\/wp-json\/wp\/v2\/posts\/13489\/revisions\/13496"}],"wp:featuredmedia":[{"embeddable":true,"href":"https:\/\/blog.cancaonova.com\/gravata\/wp-json\/wp\/v2\/media\/13491"}],"wp:attachment":[{"href":"https:\/\/blog.cancaonova.com\/gravata\/wp-json\/wp\/v2\/media?parent=13489"}],"wp:term":[{"taxonomy":"category","embeddable":true,"href":"https:\/\/blog.cancaonova.com\/gravata\/wp-json\/wp\/v2\/categories?post=13489"},{"taxonomy":"post_tag","embeddable":true,"href":"https:\/\/blog.cancaonova.com\/gravata\/wp-json\/wp\/v2\/tags?post=13489"}],"curies":[{"name":"wp","href":"https:\/\/api.w.org\/{rel}","templated":true}]}}