{"id":13525,"date":"2020-12-17T08:21:21","date_gmt":"2020-12-17T11:21:21","guid":{"rendered":"http:\/\/blog.cancaonova.com\/gravata\/?p=13525"},"modified":"2020-12-17T08:21:21","modified_gmt":"2020-12-17T11:21:21","slug":"papa-francisco-institui-o-ano-de-sao-jose","status":"publish","type":"post","link":"https:\/\/blog.cancaonova.com\/gravata\/2020\/12\/17\/papa-francisco-institui-o-ano-de-sao-jose\/","title":{"rendered":"Papa Francisco institui o Ano de S\u00e3o Jos\u00e9"},"content":{"rendered":"<h2>Ano de S\u00e3o Jos\u00e9 celebra os 150 anos da declara\u00e7\u00e3o do santo como padroeiro da Igreja Cat\u00f3lica<\/h2>\n<p>&nbsp;<\/p>\n<div id=\"attachment_249996\" class=\"wp-caption aligncenter\"><img loading=\"lazy\" decoding=\"async\" class=\"size-full wp-image-249996\" src=\"https:\/\/img.cancaonova.com\/cnimages\/canais\/uploads\/sites\/11\/2020\/05\/sao-jose-cancaonova-wesley-almeida.jpg\" alt=\"\" width=\"768\" height=\"432\" \/><\/p>\n<p class=\"wp-caption-text\">S\u00e3o Jos\u00e9 foi declarado padroeiro da Igreja h\u00e1 150 anos; ocasi\u00e3o ser\u00e1 celebrada com o Ano de S\u00e3o Jos\u00e9, institu\u00eddo pelo Papa Francisco\/ Foto: Wesley Almeida \u2013 Can\u00e7\u00e3o Nova<\/p>\n<\/div>\n<p>O Papa Francisco instituiu o Ano de S\u00e3o Jos\u00e9 para celebrar os 150 anos em que o santo foi declarado padroeiro da Igreja Cat\u00f3lica. O an\u00fancio acontece com a publica\u00e7\u00e3o da carta apost\u00f3lica\u00a0<em>Patris corde<\/em>, do Papa Francisco, nesta ter\u00e7a-feira, 8.<\/p>\n<p>O ano especial come\u00e7a hoje e segue at\u00e9 8 de dezembro de 2021. E, por ocasi\u00e3o desta celebra\u00e7\u00e3o, ser\u00e1 concedida a indulg\u00eancia plen\u00e1ria, cujo decreto tamb\u00e9m foi publicado hoje pela sala de imprensa da Santa S\u00e9, estando dispon\u00edvel em latim e italiano.<\/p>\n<p>\u201cO objetivo desta carta apost\u00f3lica \u00e9 aumentar o amor por este grande Santo, para nos sentirmos impelidos a implorar a sua intercess\u00e3o e para imitarmos as suas virtudes e o seu desvelo\u201d, explica Francisco na carta que fala de S\u00e3o Jos\u00e9 sob sete aspectos: pai amado, pai na ternura, pai na obedi\u00eancia, pai no acolhimento, pai com coragem criativa, pai trabalhador e pai na sombra.<\/p>\n<p>Logo na introdu\u00e7\u00e3o do documento, Francisco recorda que S\u00e3o Jos\u00e9 era\u00a0<a href=\"https:\/\/noticias.cancaonova.com\/brasil\/devoto-de-sao-jose-carpinteiro-tornou-se-pai-por-intercessao-santo\/\"><strong>humilde carpinteiro<\/strong><\/a>\u00a0e teve a coragem de assumir a paternidade legal de Jesus.\u00a0Para defender Jesus de Herodes, foi forasteiro no Egito e, retornando \u00e0 p\u00e1tria, viveu na pequena e ignorada cidade de Nazar\u00e9, na Galileia, longe de Bel\u00e9m, a sua cidade natal, e de Jerusal\u00e9m, onde se erguia o Templo.<\/p>\n<p>\u201cDepois de Maria, a M\u00e3e de Deus, nenhum Santo ocupa tanto espa\u00e7o no magist\u00e9rio pontif\u00edcio como Jos\u00e9, seu esposo. Os meus antecessores aprofundaram a mensagem contida nos poucos dados transmitidos pelos Evangelhos para real\u00e7ar ainda mais o seu papel central na hist\u00f3ria da salva\u00e7\u00e3o: o Beato Pio IX declarou-o \u2018Padroeiro da Igreja Cat\u00f3lica\u2019, o Vener\u00e1vel Pio XII apresentou-o como \u2018Padroeiro dos oper\u00e1rios\u2019; e S\u00e3o Jo\u00e3o Paulo II, como \u2018Guardi\u00e3o do Redentor\u2019. O povo invoca-o como \u2018padroeiro da boa morte&#8217;\u201d, escreve Francisco no documento.<\/p>\n<p>O Santo Padre explica que, ao completarem-se 150 anos da declara\u00e7\u00e3o do santo como Padroeiro da Igreja Cat\u00f3lica, ele gostaria de partilhar algumas reflex\u00f5es pessoais sobre \u201cesta figura extraordin\u00e1ria\u201d, t\u00e3o pr\u00f3xima da condi\u00e7\u00e3o humana de cada um. Um desejo que foi crescendo ao longo desses meses de pandemia, revela Francisco, em que foi poss\u00edvel experimentar que a vida \u00e9 tecida e sustentada por pessoas comuns, que n\u00e3o aparecem nas manchetes dos jornais nem em grandes passarelas: m\u00e9dicos, enfermeiros, trabalhadores de supermercado e de limpeza, por exemplo, entre tantos outros que compreenderam que ningu\u00e9m se salva sozinho.<\/p>\n<p>\u201cQuantas pessoas dia a dia exercitam a paci\u00eancia e infundem esperan\u00e7a, tendo a peito n\u00e3o semear p\u00e2nico, mas corresponsabilidade! Quantos pais, m\u00e3es, av\u00f4s e av\u00f3s, professores mostram \u00e0s nossas crian\u00e7as, com pequenos gestos do dia a dia, como enfrentar e atravessar uma crise, readaptando h\u00e1bitos, levantando o olhar e estimulando a ora\u00e7\u00e3o! Quantas pessoas rezam, se imolam e intercedem pelo bem de todos. Todos podem encontrar em S\u00e3o Jos\u00e9 \u2013 o homem que passa despercebido, o homem da presen\u00e7a quotidiana discreta e escondida \u2013 um intercessor, um amparo e uma guia nos momentos de dificuldade. S\u00e3o Jos\u00e9 lembra-nos que todos aqueles que est\u00e3o, aparentemente, escondidos ou em segundo plano, t\u00eam um protagonismo sem paralelo na hist\u00f3ria da salva\u00e7\u00e3o. A todos eles, dirijo uma palavra de reconhecimento e gratid\u00e3o\u201d.<\/p>\n<p>&nbsp;<\/p>\n<p>&nbsp;<\/p>\n<p>Fonte: noticias.cancaonova.com<\/p>\n","protected":false},"excerpt":{"rendered":"<p>Ano de S\u00e3o Jos\u00e9 celebra os 150 anos da declara\u00e7\u00e3o do santo como padroeiro da Igreja Cat\u00f3lica &nbsp; S\u00e3o Jos\u00e9 foi declarado padroeiro da Igreja h\u00e1 150 anos; ocasi\u00e3o ser\u00e1 celebrada com o Ano de S\u00e3o Jos\u00e9, institu\u00eddo pelo Papa&#8230;<\/p>\n","protected":false},"author":3411,"featured_media":13526,"comment_status":"open","ping_status":"open","sticky":false,"template":"","format":"standard","meta":{"_mi_skip_tracking":false,"_monsterinsights_sitenote_active":false,"_monsterinsights_sitenote_note":"","_monsterinsights_sitenote_category":0,"footnotes":""},"categories":[18563],"tags":[195653,6351,18563,35842],"_links":{"self":[{"href":"https:\/\/blog.cancaonova.com\/gravata\/wp-json\/wp\/v2\/posts\/13525"}],"collection":[{"href":"https:\/\/blog.cancaonova.com\/gravata\/wp-json\/wp\/v2\/posts"}],"about":[{"href":"https:\/\/blog.cancaonova.com\/gravata\/wp-json\/wp\/v2\/types\/post"}],"author":[{"embeddable":true,"href":"https:\/\/blog.cancaonova.com\/gravata\/wp-json\/wp\/v2\/users\/3411"}],"replies":[{"embeddable":true,"href":"https:\/\/blog.cancaonova.com\/gravata\/wp-json\/wp\/v2\/comments?post=13525"}],"version-history":[{"count":1,"href":"https:\/\/blog.cancaonova.com\/gravata\/wp-json\/wp\/v2\/posts\/13525\/revisions"}],"predecessor-version":[{"id":13527,"href":"https:\/\/blog.cancaonova.com\/gravata\/wp-json\/wp\/v2\/posts\/13525\/revisions\/13527"}],"wp:featuredmedia":[{"embeddable":true,"href":"https:\/\/blog.cancaonova.com\/gravata\/wp-json\/wp\/v2\/media\/13526"}],"wp:attachment":[{"href":"https:\/\/blog.cancaonova.com\/gravata\/wp-json\/wp\/v2\/media?parent=13525"}],"wp:term":[{"taxonomy":"category","embeddable":true,"href":"https:\/\/blog.cancaonova.com\/gravata\/wp-json\/wp\/v2\/categories?post=13525"},{"taxonomy":"post_tag","embeddable":true,"href":"https:\/\/blog.cancaonova.com\/gravata\/wp-json\/wp\/v2\/tags?post=13525"}],"curies":[{"name":"wp","href":"https:\/\/api.w.org\/{rel}","templated":true}]}}