{"id":13550,"date":"2021-01-26T08:46:50","date_gmt":"2021-01-26T11:46:50","guid":{"rendered":"http:\/\/blog.cancaonova.com\/gravata\/?p=13550"},"modified":"2021-01-26T08:46:50","modified_gmt":"2021-01-26T11:46:50","slug":"convite","status":"publish","type":"post","link":"https:\/\/blog.cancaonova.com\/gravata\/2021\/01\/26\/convite\/","title":{"rendered":"Convite"},"content":{"rendered":"<h6><\/h6>\n<h6><img loading=\"lazy\" decoding=\"async\" class=\"aligncenter size-medium wp-image-13545\" src=\"http:\/\/blog.cancaonova.com\/gravata\/files\/2021\/01\/Padre__1_-removebg-preview-1-120x120.png\" alt=\"\" width=\"120\" height=\"120\" srcset=\"https:\/\/blog.cancaonova.com\/gravata\/files\/2021\/01\/Padre__1_-removebg-preview-1-120x120.png 120w, https:\/\/blog.cancaonova.com\/gravata\/files\/2021\/01\/Padre__1_-removebg-preview-1-200x200.png 200w, https:\/\/blog.cancaonova.com\/gravata\/files\/2021\/01\/Padre__1_-removebg-preview-1-144x144.png 144w, https:\/\/blog.cancaonova.com\/gravata\/files\/2021\/01\/Padre__1_-removebg-preview-1.png 500w\" sizes=\"(max-width: 120px) 100vw, 120px\" \/><\/h6>\n<h6 class=\"_04xlpA direction-ltr align-center para-style-body\" style=\"text-align: center\"><strong><span class=\"JsGRdQ\">&#8220;Eu sou fruto do batismo no Esp\u00edrito Santo&#8221;<\/span><\/strong><\/h6>\n<h6 class=\"_04xlpA direction-ltr align-center para-style-body\" style=\"text-align: center\"><strong><span class=\"JsGRdQ\">(monsenhor Jonas abib)<\/span><\/strong><\/h6>\n<p class=\"_04xlpA direction-ltr align-start para-style-body\"><span class=\"JsGRdQ\">A Comunidade Can\u00e7\u00e3o Nova de Gravat\u00e1 tem a alegria de convidar voc\u00ea e sua fam\u00edlia para participar da Missa de Renova\u00e7\u00e3o do Compromisso de seus membros.<\/span><\/p>\n<p class=\"_04xlpA direction-ltr align-start para-style-body\"><span class=\"JsGRdQ\">Data: 02 de fevereiro de 2021<\/span><\/p>\n<p class=\"_04xlpA direction-ltr align-start para-style-body\"><span class=\"JsGRdQ\">Hora: 18h<\/span><\/p>\n<p class=\"_04xlpA direction-ltr align-start para-style-body\"><span class=\"JsGRdQ\">Ch\u00e1cara S\u00e3o Jos\u00e9 BR 232,<\/span> <span class=\"JsGRdQ\">KM 81, Gravat\u00e1-PE<\/span><\/p>\n","protected":false},"excerpt":{"rendered":"<p>&#8220;Eu sou fruto do batismo no Esp\u00edrito Santo&#8221; (monsenhor Jonas abib) A Comunidade Can\u00e7\u00e3o Nova de Gravat\u00e1 tem a alegria de convidar voc\u00ea e sua fam\u00edlia para participar da Missa de Renova\u00e7\u00e3o do Compromisso de seus membros. Data: 02 de&#8230;<\/p>\n","protected":false},"author":3411,"featured_media":13548,"comment_status":"open","ping_status":"open","sticky":false,"template":"","format":"standard","meta":{"_mi_skip_tracking":false,"_monsterinsights_sitenote_active":false,"_monsterinsights_sitenote_note":"","_monsterinsights_sitenote_category":0,"footnotes":""},"categories":[114],"tags":[40499,6351,18360,12051,35842,195651],"_links":{"self":[{"href":"https:\/\/blog.cancaonova.com\/gravata\/wp-json\/wp\/v2\/posts\/13550"}],"collection":[{"href":"https:\/\/blog.cancaonova.com\/gravata\/wp-json\/wp\/v2\/posts"}],"about":[{"href":"https:\/\/blog.cancaonova.com\/gravata\/wp-json\/wp\/v2\/types\/post"}],"author":[{"embeddable":true,"href":"https:\/\/blog.cancaonova.com\/gravata\/wp-json\/wp\/v2\/users\/3411"}],"replies":[{"embeddable":true,"href":"https:\/\/blog.cancaonova.com\/gravata\/wp-json\/wp\/v2\/comments?post=13550"}],"version-history":[{"count":1,"href":"https:\/\/blog.cancaonova.com\/gravata\/wp-json\/wp\/v2\/posts\/13550\/revisions"}],"predecessor-version":[{"id":13551,"href":"https:\/\/blog.cancaonova.com\/gravata\/wp-json\/wp\/v2\/posts\/13550\/revisions\/13551"}],"wp:featuredmedia":[{"embeddable":true,"href":"https:\/\/blog.cancaonova.com\/gravata\/wp-json\/wp\/v2\/media\/13548"}],"wp:attachment":[{"href":"https:\/\/blog.cancaonova.com\/gravata\/wp-json\/wp\/v2\/media?parent=13550"}],"wp:term":[{"taxonomy":"category","embeddable":true,"href":"https:\/\/blog.cancaonova.com\/gravata\/wp-json\/wp\/v2\/categories?post=13550"},{"taxonomy":"post_tag","embeddable":true,"href":"https:\/\/blog.cancaonova.com\/gravata\/wp-json\/wp\/v2\/tags?post=13550"}],"curies":[{"name":"wp","href":"https:\/\/api.w.org\/{rel}","templated":true}]}}