{"id":13576,"date":"2021-02-25T08:21:43","date_gmt":"2021-02-25T11:21:43","guid":{"rendered":"http:\/\/blog.cancaonova.com\/gravata\/?p=13576"},"modified":"2021-02-25T08:25:15","modified_gmt":"2021-02-25T11:25:15","slug":"comunicado","status":"publish","type":"post","link":"https:\/\/blog.cancaonova.com\/gravata\/2021\/02\/25\/comunicado\/","title":{"rendered":"Comunicado"},"content":{"rendered":"<p>&nbsp;<\/p>\n<p><img loading=\"lazy\" decoding=\"async\" class=\"aligncenter size-medium wp-image-13577\" src=\"http:\/\/blog.cancaonova.com\/gravata\/files\/2021\/02\/B7T15ibe_400x400-120x120.jpg\" alt=\"\" width=\"120\" height=\"120\" srcset=\"https:\/\/blog.cancaonova.com\/gravata\/files\/2021\/02\/B7T15ibe_400x400-120x120.jpg 120w, https:\/\/blog.cancaonova.com\/gravata\/files\/2021\/02\/B7T15ibe_400x400-200x200.jpg 200w, https:\/\/blog.cancaonova.com\/gravata\/files\/2021\/02\/B7T15ibe_400x400-144x144.jpg 144w, https:\/\/blog.cancaonova.com\/gravata\/files\/2021\/02\/B7T15ibe_400x400.jpg 400w\" sizes=\"(max-width: 120px) 100vw, 120px\" \/><\/p>\n<p class=\"_04xlpA direction-ltr align-center para-style-title\" style=\"text-align: center\"><span class=\"JsGRdQ\">\u201cInformamos a todos que de 25 de Fevereiro \u00e0 10 de Mar\u00e7o, as celebra\u00e7\u00f5es das Santas Missas presenciais em nossa Casa de Evangeliza\u00e7\u00e3o, estar\u00e3o suspensas.<\/span><\/p>\n<p class=\"_04xlpA direction-ltr align-center para-style-title\" style=\"text-align: center\"><span class=\"JsGRdQ\">Voc\u00ea poder\u00e1 acompanhar as Celebra\u00e7\u00f5es pela Radio Canc\u00e3o Nova FM (100,3) e por nossas Redes Sociais.<\/span><\/p>\n<p class=\"_04xlpA direction-ltr align-center para-style-title\" style=\"text-align: center\"><span class=\"JsGRdQ\">De Segunda \u00e0 S\u00e1bado as 17h.<\/span><\/p>\n<p class=\"_04xlpA direction-ltr align-center para-style-title\" style=\"text-align: center\"><span class=\"JsGRdQ\">Domingo as 09h.<\/span><\/p>\n<p class=\"_04xlpA direction-ltr align-center para-style-title\" style=\"text-align: center\"><span class=\"JsGRdQ\">Agradecemos a compreens\u00e3o!<\/span><\/p>\n<p class=\"_04xlpA direction-ltr align-center para-style-title\" style=\"text-align: center\"><strong><span class=\"JsGRdQ\">\u00a0gravata, nuco, comunicado, missaCan\u00e7\u00e3o Nova-Gravat\u00e1<\/span><\/strong><\/p>\n<h6 class=\"_04xlpA direction-ltr align-center para-style-title\" style=\"text-align: center\"><span class=\"JsGRdQ\">Lugar de encontro com Deus<\/span><\/h6>\n","protected":false},"excerpt":{"rendered":"<p>&nbsp; \u201cInformamos a todos que de 25 de Fevereiro \u00e0 10 de Mar\u00e7o, as celebra\u00e7\u00f5es das Santas Missas presenciais em nossa Casa de Evangeliza\u00e7\u00e3o, estar\u00e3o suspensas. Voc\u00ea poder\u00e1 acompanhar as Celebra\u00e7\u00f5es pela Radio Canc\u00e3o Nova FM (100,3) e por nossas&#8230;<\/p>\n","protected":false},"author":3411,"featured_media":13579,"comment_status":"open","ping_status":"open","sticky":false,"template":"","format":"standard","meta":{"_mi_skip_tracking":false,"_monsterinsights_sitenote_active":false,"_monsterinsights_sitenote_note":"","_monsterinsights_sitenote_category":0,"footnotes":""},"categories":[18563],"tags":[6351,35842,195662],"_links":{"self":[{"href":"https:\/\/blog.cancaonova.com\/gravata\/wp-json\/wp\/v2\/posts\/13576"}],"collection":[{"href":"https:\/\/blog.cancaonova.com\/gravata\/wp-json\/wp\/v2\/posts"}],"about":[{"href":"https:\/\/blog.cancaonova.com\/gravata\/wp-json\/wp\/v2\/types\/post"}],"author":[{"embeddable":true,"href":"https:\/\/blog.cancaonova.com\/gravata\/wp-json\/wp\/v2\/users\/3411"}],"replies":[{"embeddable":true,"href":"https:\/\/blog.cancaonova.com\/gravata\/wp-json\/wp\/v2\/comments?post=13576"}],"version-history":[{"count":3,"href":"https:\/\/blog.cancaonova.com\/gravata\/wp-json\/wp\/v2\/posts\/13576\/revisions"}],"predecessor-version":[{"id":13581,"href":"https:\/\/blog.cancaonova.com\/gravata\/wp-json\/wp\/v2\/posts\/13576\/revisions\/13581"}],"wp:featuredmedia":[{"embeddable":true,"href":"https:\/\/blog.cancaonova.com\/gravata\/wp-json\/wp\/v2\/media\/13579"}],"wp:attachment":[{"href":"https:\/\/blog.cancaonova.com\/gravata\/wp-json\/wp\/v2\/media?parent=13576"}],"wp:term":[{"taxonomy":"category","embeddable":true,"href":"https:\/\/blog.cancaonova.com\/gravata\/wp-json\/wp\/v2\/categories?post=13576"},{"taxonomy":"post_tag","embeddable":true,"href":"https:\/\/blog.cancaonova.com\/gravata\/wp-json\/wp\/v2\/tags?post=13576"}],"curies":[{"name":"wp","href":"https:\/\/api.w.org\/{rel}","templated":true}]}}