{"id":13596,"date":"2021-08-03T15:59:44","date_gmt":"2021-08-03T18:59:44","guid":{"rendered":"http:\/\/blog.cancaonova.com\/gravata\/?p=13596"},"modified":"2021-08-03T15:59:44","modified_gmt":"2021-08-03T18:59:44","slug":"agosto-mes-das-vocacoes","status":"publish","type":"post","link":"https:\/\/blog.cancaonova.com\/gravata\/2021\/08\/03\/agosto-mes-das-vocacoes\/","title":{"rendered":"Agosto, m\u00eas das voca\u00e7\u00f5es"},"content":{"rendered":"<p><strong>Um m\u00eas dedicado as voca\u00e7\u00f5es<\/strong><\/p>\n<p>A cada domingo a celebra\u00e7\u00e3o lit\u00fargica \u00e9 dedicada a uma voca\u00e7\u00e3o espec\u00edfica\u00a0Normalmente a pr\u00f3pria liturgia da Palavra de cada dia, em especial a dos domingos, d\u00e1 o tema principal da reflex\u00e3o e medita\u00e7\u00e3o trazida para alimento do povo de Deus. \u00c9 costume, neste m\u00eas, comemorarmos as diversas voca\u00e7\u00f5es a cada semana:<\/p>\n<p><strong>Primeiro domingo:<\/strong>\u00a0\u00e9 o dia das\u00a0voca\u00e7\u00f5es sacerdotais. Atualmente tamb\u00e9m se comemora o dia das\u00a0voca\u00e7\u00f5es diaconais, ou melhor dizendo: dia das\u00a0voca\u00e7\u00f5es aos minist\u00e9rios ordenados. Essa comemora\u00e7\u00e3o se deve ao fato de no dia 4 de agosto celebrarmos o dia de\u00a0S\u00e3o Jo\u00e3o Maria Vianney, o Cura D\u2019Ars, patrono dos padres; e, no dia 10 de agosto, o dia de\u00a0S\u00e3o Louren\u00e7o, patrono dos di\u00e1conos.<\/p>\n<p><strong>Segundo domingo:<\/strong>\u00a0por imita\u00e7\u00e3o do segundo domingo de maio \u2013 no qual \u00e9 comemorado o\u00a0Dia das M\u00e3es\u00a0\u2013 temos o Dia dos Pais. Sabemos que no Brasil esse dia \u00e9 comemorado porque antigamente no dia 16 de agosto celebrava-se o dia de\u00a0S\u00e3o Joaquim, pai de Nossa Senhora e, por isso, adotou-se esse dia e depois o domingo para essa comemora\u00e7\u00e3o. Devido a esse fato, nesta data \u00e9 comemorada a\u00a0voca\u00e7\u00e3o matrimonial.<\/p>\n<p><strong>Terceiro domingo:<\/strong>\u00a0recorda-se a\u00a0voca\u00e7\u00e3o \u00e0 vida consagrada: religiosos, religiosas, consagradas e consagrados nos v\u00e1rios institutos e comunidades de vida apost\u00f3lica e tamb\u00e9m nas novas comunidades. Essa recorda\u00e7\u00e3o \u00e9 feita porque no dia 15 de agosto celebramos o\u00a0Dia da Assun\u00e7\u00e3o de Maria aos c\u00e9us, solenidade que aqui no Brasil \u00e9 transferida para o domingo seguinte.<\/p>\n<p><strong>Quarto domingo:<\/strong>\u00a0\u00e9 nesta data que se comemora o\u00a0Dia do Catequista, da\u00ed a comemora\u00e7\u00e3o do dia da\u00a0voca\u00e7\u00e3o do crist\u00e3o leigo na Igreja, tanto na sua presen\u00e7a na Igreja como tamb\u00e9m em seu testemunho nos v\u00e1rios ambientes de trabalho e vida. O dia do crist\u00e3o leigo voltar\u00e1 a ser comemorado no \u00faltimo domingo do ano lit\u00fargico, domingo de\u00a0Cristo Rei.<\/p>\n<p>Ao participarmos dessas celebra\u00e7\u00f5es n\u00e3o podemos nos esquecer da voca\u00e7\u00e3o primeira e mais importante de todas:\u00a0<strong>a\u00a0voca\u00e7\u00e3o \u00e0 vida crist\u00e3\u00a0<\/strong>e, consequentemente, \u00e0 santidade! Todos somos vocacionados \u00e0 santidade e fora desse caminho n\u00e3o temos como viver bem qualquer que seja a nossa voca\u00e7\u00e3o pessoal.<\/p>\n<p><sub>Fonte: wiki.cancaonova.com<\/sub><\/p>\n","protected":false},"excerpt":{"rendered":"<p>Um m\u00eas dedicado as voca\u00e7\u00f5es A cada domingo a celebra\u00e7\u00e3o lit\u00fargica \u00e9 dedicada a uma voca\u00e7\u00e3o espec\u00edfica\u00a0Normalmente a pr\u00f3pria liturgia da Palavra de cada dia, em especial a dos domingos, d\u00e1 o tema principal da reflex\u00e3o e medita\u00e7\u00e3o trazida para&#8230;<\/p>\n","protected":false},"author":3411,"featured_media":13597,"comment_status":"open","ping_status":"open","sticky":false,"template":"","format":"standard","meta":{"_mi_skip_tracking":false,"_monsterinsights_sitenote_active":false,"_monsterinsights_sitenote_note":"","_monsterinsights_sitenote_category":0,"footnotes":""},"categories":[32395],"tags":[18813,6351,18416,18563,35842,33235,141],"_links":{"self":[{"href":"https:\/\/blog.cancaonova.com\/gravata\/wp-json\/wp\/v2\/posts\/13596"}],"collection":[{"href":"https:\/\/blog.cancaonova.com\/gravata\/wp-json\/wp\/v2\/posts"}],"about":[{"href":"https:\/\/blog.cancaonova.com\/gravata\/wp-json\/wp\/v2\/types\/post"}],"author":[{"embeddable":true,"href":"https:\/\/blog.cancaonova.com\/gravata\/wp-json\/wp\/v2\/users\/3411"}],"replies":[{"embeddable":true,"href":"https:\/\/blog.cancaonova.com\/gravata\/wp-json\/wp\/v2\/comments?post=13596"}],"version-history":[{"count":1,"href":"https:\/\/blog.cancaonova.com\/gravata\/wp-json\/wp\/v2\/posts\/13596\/revisions"}],"predecessor-version":[{"id":13598,"href":"https:\/\/blog.cancaonova.com\/gravata\/wp-json\/wp\/v2\/posts\/13596\/revisions\/13598"}],"wp:featuredmedia":[{"embeddable":true,"href":"https:\/\/blog.cancaonova.com\/gravata\/wp-json\/wp\/v2\/media\/13597"}],"wp:attachment":[{"href":"https:\/\/blog.cancaonova.com\/gravata\/wp-json\/wp\/v2\/media?parent=13596"}],"wp:term":[{"taxonomy":"category","embeddable":true,"href":"https:\/\/blog.cancaonova.com\/gravata\/wp-json\/wp\/v2\/categories?post=13596"},{"taxonomy":"post_tag","embeddable":true,"href":"https:\/\/blog.cancaonova.com\/gravata\/wp-json\/wp\/v2\/tags?post=13596"}],"curies":[{"name":"wp","href":"https:\/\/api.w.org\/{rel}","templated":true}]}}