{"id":13601,"date":"2021-09-02T08:19:03","date_gmt":"2021-09-02T11:19:03","guid":{"rendered":"http:\/\/blog.cancaonova.com\/gravata\/?p=13601"},"modified":"2021-09-02T09:12:49","modified_gmt":"2021-09-02T12:12:49","slug":"aprofundamento-cura-das-nossas-emocoes","status":"publish","type":"post","link":"https:\/\/blog.cancaonova.com\/gravata\/2021\/09\/02\/aprofundamento-cura-das-nossas-emocoes\/","title":{"rendered":"APROFUNDAMENTO A CURA DAS NOSSAS EMO\u00c7\u00d5ES"},"content":{"rendered":"<p>APROFUNDAMENTO A CURA DAS NOSSAS EMO\u00c7\u00d5ES<\/p>\n<p>SER\u00c3O 03 NOITES DE APROFUNDAMENTO<\/p>\n<p>ENTRE OS DIAS 19, 21 E 22 DE OUTUBRO, A COMUNIDADE CAN\u00c7\u00c3O NOVA \u2013 GRAVAT\u00c1 REALIZAR\u00c1 UM APROFUNDAMENTO A CURA DAS NOSSAS EMO\u00c7\u00d5ES.<br \/>\nO EVENTO CONTAR\u00c1 COM A PARTICIPA\u00c7\u00c3O DA MISSIONARIA IRM\u00c3 MARIA EUNICE E MUITO MAIS.<\/p>\n<p>&nbsp;<\/p>\n<p>AS PREGA\u00c7\u00d5ES TER\u00c3O IN\u00cdCIO TODOS OS DIAS \u00c0S 19H.<\/p>\n<p>MAIS INFORMA\u00c7\u00d5ES EM NOSSO WHATSAPP: 3533-4764<\/p>\n<p>&nbsp;<\/p>\n<p>&nbsp;<\/p>\n<p>&nbsp;<\/p>\n<p>&nbsp;<\/p>\n","protected":false},"excerpt":{"rendered":"<p>APROFUNDAMENTO A CURA DAS NOSSAS EMO\u00c7\u00d5ES SER\u00c3O 03 NOITES DE APROFUNDAMENTO ENTRE OS DIAS 19, 21 E 22 DE OUTUBRO, A COMUNIDADE CAN\u00c7\u00c3O NOVA \u2013 GRAVAT\u00c1 REALIZAR\u00c1 UM APROFUNDAMENTO A CURA DAS NOSSAS EMO\u00c7\u00d5ES. O EVENTO CONTAR\u00c1 COM A PARTICIPA\u00c7\u00c3O&#8230;<\/p>\n","protected":false},"author":3411,"featured_media":13604,"comment_status":"open","ping_status":"open","sticky":false,"template":"","format":"standard","meta":{"_mi_skip_tracking":false,"_monsterinsights_sitenote_active":false,"_monsterinsights_sitenote_note":"","_monsterinsights_sitenote_category":0,"footnotes":""},"categories":[19],"tags":[195671,6351,20992,195670],"_links":{"self":[{"href":"https:\/\/blog.cancaonova.com\/gravata\/wp-json\/wp\/v2\/posts\/13601"}],"collection":[{"href":"https:\/\/blog.cancaonova.com\/gravata\/wp-json\/wp\/v2\/posts"}],"about":[{"href":"https:\/\/blog.cancaonova.com\/gravata\/wp-json\/wp\/v2\/types\/post"}],"author":[{"embeddable":true,"href":"https:\/\/blog.cancaonova.com\/gravata\/wp-json\/wp\/v2\/users\/3411"}],"replies":[{"embeddable":true,"href":"https:\/\/blog.cancaonova.com\/gravata\/wp-json\/wp\/v2\/comments?post=13601"}],"version-history":[{"count":5,"href":"https:\/\/blog.cancaonova.com\/gravata\/wp-json\/wp\/v2\/posts\/13601\/revisions"}],"predecessor-version":[{"id":13609,"href":"https:\/\/blog.cancaonova.com\/gravata\/wp-json\/wp\/v2\/posts\/13601\/revisions\/13609"}],"wp:featuredmedia":[{"embeddable":true,"href":"https:\/\/blog.cancaonova.com\/gravata\/wp-json\/wp\/v2\/media\/13604"}],"wp:attachment":[{"href":"https:\/\/blog.cancaonova.com\/gravata\/wp-json\/wp\/v2\/media?parent=13601"}],"wp:term":[{"taxonomy":"category","embeddable":true,"href":"https:\/\/blog.cancaonova.com\/gravata\/wp-json\/wp\/v2\/categories?post=13601"},{"taxonomy":"post_tag","embeddable":true,"href":"https:\/\/blog.cancaonova.com\/gravata\/wp-json\/wp\/v2\/tags?post=13601"}],"curies":[{"name":"wp","href":"https:\/\/api.w.org\/{rel}","templated":true}]}}