{"id":13692,"date":"2022-05-18T10:51:37","date_gmt":"2022-05-18T13:51:37","guid":{"rendered":"http:\/\/blog.cancaonova.com\/gravata\/?p=13692"},"modified":"2022-08-23T10:46:22","modified_gmt":"2022-08-23T13:46:22","slug":"agenda-cn-gravata-2022-2","status":"publish","type":"post","link":"https:\/\/blog.cancaonova.com\/gravata\/2022\/05\/18\/agenda-cn-gravata-2022-2\/","title":{"rendered":"Agenda CN-Gravat\u00e1 2022"},"content":{"rendered":"<p><b>MAIO:<\/b><\/p>\n<ul>\n<li style=\"font-weight: 400\"><b>29, 30 de abril e 01\/05- <\/b><b>Acampamento Anivers\u00e1rio da miss\u00e3o &#8211; 27 Anos <\/b><b>&#8211; Sugest\u00e3o de Pregadores e banda: Banda S\u00e3o Francisco, Alexandre Gon\u00e7alves , Tiago Tom\u00e9 .<\/b><\/li>\n<li style=\"font-weight: 400\"><span style=\"font-weight: 400\">11 &#8211; Feir\u00e3o da Provid\u00eancia<\/span><\/li>\n<li style=\"font-weight: 400\"><b>29 &#8211; Cavalgada Can\u00e7\u00e3o Nova &#8211; \/ Paulinho Eleut\u00e9rio, Padre Charles e Di\u00e1cono Sidney.<\/b><\/li>\n<\/ul>\n<p><b>JUNHO:<\/b><\/p>\n<ul>\n<li>8 Feir\u00e3o da provid\u00eancia<\/li>\n<li><b>03 \u00e0 05 &#8211; Acampamento de Pentecostes :Alexandre Oliveira, Padre Marcelo Silva, Padre Josivan de Andrade\u00a0 e Padre Charles .<\/b><\/li>\n<\/ul>\n<p><b>JULHO:<\/b><\/p>\n<ul>\n<li style=\"font-weight: 400\"><span style=\"font-weight: 400\">13 &#8211; Feir\u00e3o da Provid\u00eancia<\/span><\/li>\n<li style=\"font-weight: 400\"><span style=\"font-weight: 400\">\u00a0<\/span><b style=\"font-weight: 400\">\u00a0<\/b><b style=\"font-weight: 400\">\u00a022 a 24-Acampamento De Cura e liberta\u00e7\u00e3o- Padre Roberto <\/b><b>Benvindo, Padre Charles e Padre Sidney<\/b><\/li>\n<\/ul>\n<p><strong>AGOSTO<\/strong><\/p>\n<ul>\n<li><span style=\"font-weight: 400\">10 &#8211; Feir\u00e3o da Provid\u00eancia<\/span><\/li>\n<li><b>19 \u00e0 21 &#8211; Acampamento\u00a0\u00a0para casais &#8211; : Rubens Sabino\u00a0 e T\u00e2nia Sabino\u00a0 e Padre Eudes Araujo, Padre Charles Jarder.<\/b><\/li>\n<\/ul>\n<p><b>SETEMBRO:<\/b><\/p>\n<ul>\n<li style=\"font-weight: 400\"><b>9 a 11- Profecia do Avivamento: Antonieta, Di\u00e1c. Romulo , Jorge da Comunidade K\u00e1iros, Padre Charles Jarder, Padre Sidney Dias.<\/b><\/li>\n<\/ul>\n<p><b>OUTUBRO:<\/b><\/p>\n<ul>\n<li style=\"font-weight: 400\"><span style=\"font-weight: 400\">11- Feir\u00e3o da Provid\u00eancia<\/span><\/li>\n<\/ul>\n<ul>\n<li>21 \u00e0 23 &#8211; Congresso de Cura Interior : Irm\u00e3 Maria Eunice , Robinho Coelho\u00a0 \u00a0e Juliana de Paula e Alexandre Santos , <b>Padre Charles Jarder, Padre Sidney Dias.<\/b><\/li>\n<\/ul>\n<p>&nbsp;<\/p>\n<p><b>DEZEMBRO:<\/b><\/p>\n<ul>\n<li><b style=\"font-weight: 400\">02 \u00e0 04 &#8211; Hosana Pernambuco: Cassiano Meirelles\u00a0 Pe. Donizete Heleno, Juliana de Paula e <\/b><b>Alexandre Santos<\/b><b style=\"font-weight: 400\">, Banda S\u00e3o Francisco , Padre Charles Jarder, Padre Sidney Dias<\/b><\/li>\n<li style=\"font-weight: 400\"><span style=\"font-weight: 400\">14 &#8211; Feir\u00e3o da Provid\u00eancia<\/span><\/li>\n<\/ul>\n<p><b>\u00a0Mais informa\u00e7\u00f5es:<\/b><\/p>\n<p>81-3533-4764<\/p>\n<p>Instagram: @https:\/\/www.instagram.com\/cancaonovagravata\/<\/p>\n","protected":false},"excerpt":{"rendered":"<p>MAIO: 29, 30 de abril e 01\/05- Acampamento Anivers\u00e1rio da miss\u00e3o &#8211; 27 Anos &#8211; Sugest\u00e3o de Pregadores e banda: Banda S\u00e3o Francisco, Alexandre Gon\u00e7alves , Tiago Tom\u00e9 . 11 &#8211; Feir\u00e3o da Provid\u00eancia 29 &#8211; Cavalgada Can\u00e7\u00e3o Nova &#8211;&#8230;<\/p>\n","protected":false},"author":3411,"featured_media":13694,"comment_status":"open","ping_status":"open","sticky":false,"template":"","format":"standard","meta":{"_mi_skip_tracking":false,"_monsterinsights_sitenote_active":false,"_monsterinsights_sitenote_note":"","_monsterinsights_sitenote_category":0,"footnotes":""},"categories":[19,18563],"tags":[195701,32395,19,33235,25,195699],"_links":{"self":[{"href":"https:\/\/blog.cancaonova.com\/gravata\/wp-json\/wp\/v2\/posts\/13692"}],"collection":[{"href":"https:\/\/blog.cancaonova.com\/gravata\/wp-json\/wp\/v2\/posts"}],"about":[{"href":"https:\/\/blog.cancaonova.com\/gravata\/wp-json\/wp\/v2\/types\/post"}],"author":[{"embeddable":true,"href":"https:\/\/blog.cancaonova.com\/gravata\/wp-json\/wp\/v2\/users\/3411"}],"replies":[{"embeddable":true,"href":"https:\/\/blog.cancaonova.com\/gravata\/wp-json\/wp\/v2\/comments?post=13692"}],"version-history":[{"count":5,"href":"https:\/\/blog.cancaonova.com\/gravata\/wp-json\/wp\/v2\/posts\/13692\/revisions"}],"predecessor-version":[{"id":13700,"href":"https:\/\/blog.cancaonova.com\/gravata\/wp-json\/wp\/v2\/posts\/13692\/revisions\/13700"}],"wp:featuredmedia":[{"embeddable":true,"href":"https:\/\/blog.cancaonova.com\/gravata\/wp-json\/wp\/v2\/media\/13694"}],"wp:attachment":[{"href":"https:\/\/blog.cancaonova.com\/gravata\/wp-json\/wp\/v2\/media?parent=13692"}],"wp:term":[{"taxonomy":"category","embeddable":true,"href":"https:\/\/blog.cancaonova.com\/gravata\/wp-json\/wp\/v2\/categories?post=13692"},{"taxonomy":"post_tag","embeddable":true,"href":"https:\/\/blog.cancaonova.com\/gravata\/wp-json\/wp\/v2\/tags?post=13692"}],"curies":[{"name":"wp","href":"https:\/\/api.w.org\/{rel}","templated":true}]}}