{"id":13816,"date":"2024-04-02T10:43:53","date_gmt":"2024-04-02T13:43:53","guid":{"rendered":"http:\/\/blog.cancaonova.com\/gravata\/?p=13816"},"modified":"2024-04-17T11:17:05","modified_gmt":"2024-04-17T14:17:05","slug":"29-anos-da-radio-cancao-nova-em-gravata-pe","status":"publish","type":"post","link":"https:\/\/blog.cancaonova.com\/gravata\/2024\/04\/02\/29-anos-da-radio-cancao-nova-em-gravata-pe\/","title":{"rendered":"29 ANOS DA R\u00c1DIO CAN\u00c7\u00c3O NOVA EM GRAVAT\u00c1-PE."},"content":{"rendered":"<h3><span style=\"font-weight: 400\"><img loading=\"lazy\" decoding=\"async\" class=\" wp-image-13817 aligncenter\" src=\"http:\/\/blog.cancaonova.com\/gravata\/files\/2024\/04\/1-DE-MAIO-5-96x120.png\" alt=\"\" width=\"487\" height=\"608\" srcset=\"https:\/\/blog.cancaonova.com\/gravata\/files\/2024\/04\/1-DE-MAIO-5-96x120.png 96w, https:\/\/blog.cancaonova.com\/gravata\/files\/2024\/04\/1-DE-MAIO-5-768x960.png 768w, https:\/\/blog.cancaonova.com\/gravata\/files\/2024\/04\/1-DE-MAIO-5.png 1080w\" sizes=\"(max-width: 487px) 100vw, 487px\" \/><\/span><\/h3>\n<h2 style=\"text-align: left\"><strong>29 ANOS DA R\u00c1DIO CAN\u00c7\u00c3O NOVA EM GRAVAT\u00c1-PE.<\/strong><\/h2>\n<p style=\"text-align: left\"><span style=\"font-weight: 400\">A comunidade Can\u00e7\u00e3o Nova, completa 29 anos em Gravat\u00e1 e tem como tema: \u2018\u2019 <\/span><b><i>Anuncia-me, vai falar por mim!\u2019<\/i><\/b><span style=\"font-weight: 400\">\u2019, retirada da passagem b\u00edblica\u00a0 <\/span><b><i>\u2018\u2019<\/i><\/b><b><i>Clama a mim, e responder-te-ei, e anunciar-te-ei coisas grandes e ocultas, que n\u00e3o sabes &#8221; (Jr 33,2).\u00a0 <\/i><\/b><span style=\"font-weight: 400\">Monsenhor Jonas Abib foi quem comp\u00f4s a m\u00fasica \u2018\u2019Voca\u00e7\u00e3o do profeta- Anuncia-me\u2019\u2019, que a muitos anos contribui com a evangeliza\u00e7\u00e3o atrav\u00e9s das emissoras de R\u00e1dio, atualmente pelas\u00a0 transmiss\u00f5es\u00a0 por aplicativos e atividades e eventos presenciais na Sede da Miss\u00e3o &#8211; Ch\u00e1cara de S\u00e3o Jos\u00e9\u00a0 na BR 232 KM 81 em Gravat\u00e1.\u00a0<\/span><\/p>\n<p style=\"text-align: left\"><span style=\"font-weight: 400\">A R\u00e1dio Can\u00e7\u00e3o Nova, localizada em Gravat\u00e1, \u00e9 uma esta\u00e7\u00e3o de r\u00e1dio que oferece uma ampla variedade de programas e conte\u00fados para sua audi\u00eancia. Durante esses anos mission\u00e1rios, colaboradores e volunt\u00e1rios fazem a miss\u00e3o chegar a muitos cora\u00e7\u00f5es, onde por relatos e participa\u00e7\u00f5es contemplamos o quando a presen\u00e7a de Jesus eucar\u00edstico, diariamente pela emissora que\u00a0 chega aos lares para levar o amor de Deus, alento, consolo, curas e liberta\u00e7\u00e3o.\u00a0<\/span><\/p>\n<p style=\"text-align: left\"><span style=\"font-weight: 400\">O Fundador da Comunidade Can\u00e7\u00e3o Nova esteve presente em algumas das festividades e recordamos o que ele deixou carinhosamente em sua partilha <\/span><b><i>\u2018\u2019Porque Ele quis, uma vit\u00f3ria para este povo deste nordeste de meu Deus.\u2019\u2019<\/i><\/b><b><i>\u00a0 <\/i><\/b><span style=\"font-weight: 400\">A emissora foi a segunda adquirida pela Funda\u00e7\u00e3o Jo\u00e3o Paulo II, relatou o padre Jonas Abib. <a href=\"https:\/\/www.youtube.com\/watch?v=nzRtZtnPD3s\">(Video da entrevista do Pe. Jonas, onde ele faz esta partilha sobre a R\u00e1dio Can\u00e7\u00e3o Nova de Gravat\u00e1-PE).<\/a><\/span><\/p>\n<p>&nbsp;<\/p>\n<p><img loading=\"lazy\" decoding=\"async\" class=\" wp-image-13819 aligncenter\" src=\"http:\/\/blog.cancaonova.com\/gravata\/files\/2024\/04\/1-DE-MAIO-IMAGEM-VISUAL-96x120.png\" alt=\"\" width=\"440\" height=\"550\" srcset=\"https:\/\/blog.cancaonova.com\/gravata\/files\/2024\/04\/1-DE-MAIO-IMAGEM-VISUAL-96x120.png 96w, https:\/\/blog.cancaonova.com\/gravata\/files\/2024\/04\/1-DE-MAIO-IMAGEM-VISUAL-768x960.png 768w, https:\/\/blog.cancaonova.com\/gravata\/files\/2024\/04\/1-DE-MAIO-IMAGEM-VISUAL.png 1080w\" sizes=\"(max-width: 440px) 100vw, 440px\" \/><\/p>\n<h3 style=\"text-align: left\">Presen\u00e7as confirmadas:<\/h3>\n<p style=\"text-align: left\"><strong>Padre Jos\u00e9 Augusto &#8211; Mission\u00e1rio da Comunidade Can\u00e7\u00e3o Nova<\/strong><\/p>\n<p style=\"text-align: left\"><strong><a href=\"https:\/\/www.instagram.com\/padresidneycn\/\">Padre Sidney Dias<\/a> &#8211; Mission\u00e1rio da Comunidade Can\u00e7\u00e3o Nova<\/strong><\/p>\n<p style=\"text-align: left\"><strong><a href=\"https:\/\/www.instagram.com\/pefabricio\/\">Padre Fabr\u00edcio Andrade<\/a> &#8211; Mission\u00e1rio da Comunidade Can\u00e7\u00e3o Nova<\/strong><\/p>\n<p style=\"text-align: left\"><strong><a href=\"https:\/\/www.instagram.com\/judepaulacn\/\">Juliana de Paula<\/a> e Minist\u00e9rio de M\u00fasica Can\u00e7\u00e3o Nova<\/strong><\/p>\n<p style=\"text-align: left\"><strong><a href=\"https:\/\/www.instagram.com\/bandasaofrancisco\/\">Banda S\u00e3o Francisco<\/a><\/strong><\/p>\n<p>&nbsp;<\/p>\n<h3><strong>Programa\u00e7\u00e3o dispon\u00edvel para voc\u00ea se organizar e vir participar dos diversos momentos que teremos.<\/strong><\/h3>\n<p><img loading=\"lazy\" decoding=\"async\" class=\"wp-image-13839 aligncenter\" src=\"http:\/\/blog.cancaonova.com\/gravata\/files\/2024\/04\/1-DE-MAIO-IMAGEM-VISUAL-1-96x120.png\" alt=\"\" width=\"428\" height=\"535\" srcset=\"https:\/\/blog.cancaonova.com\/gravata\/files\/2024\/04\/1-DE-MAIO-IMAGEM-VISUAL-1-96x120.png 96w, https:\/\/blog.cancaonova.com\/gravata\/files\/2024\/04\/1-DE-MAIO-IMAGEM-VISUAL-1-768x960.png 768w, https:\/\/blog.cancaonova.com\/gravata\/files\/2024\/04\/1-DE-MAIO-IMAGEM-VISUAL-1.png 1080w\" sizes=\"(max-width: 428px) 100vw, 428px\" \/><\/p>\n<p>&nbsp;<\/p>\n<h3 style=\"text-align: left\"><strong>Hospedagem \u2013 ALOJAMENTO<\/strong><\/h3>\n<p style=\"text-align: left\">* Para ficar em alojamento dentro da Ch\u00e1cara, taxa 20,00,\u00a0<strong><a href=\"https:\/\/docs.google.com\/forms\/d\/1gtJZNlYSNmvfAwTKOhJI5xQaycpWewIiwA2U7vr87o8\/edit\" target=\"_blank\" rel=\"noopener\">fa\u00e7a sua inscri\u00e7\u00e3o aqui!<\/a><\/strong><br \/>\nVagas limitadas.*<br \/>\n*N\u00e3o h\u00e1 limite de idade para participar.<br \/>\n*No local h\u00e1 estacionamento gratuito (vagas limitadas), banheiros, lanchonete,<br \/>\nalmo\u00e7o e Loja Can\u00e7\u00e3o Nova.<\/p>\n<p style=\"text-align: left\"><strong>Parcerias &#8211; POUSADAS<\/strong><br \/>\n<strong><a href=\"https:\/\/www.instagram.com\/casulo.pousada\/\" target=\"_blank\" rel=\"noopener\">Pousada Casulo<\/a><\/strong><br \/>\n(81) 3533-2343 | (81) 99982-6003<\/p>\n<p style=\"text-align: left\"><strong><a href=\"https:\/\/www.instagram.com\/pousadavaledogravata\/\" target=\"_blank\" rel=\"noopener\">Pousada Vale do Gravat\u00e1<\/a><\/strong><br \/>\n(81) 35330074<\/p>\n<p style=\"text-align: left\">Organize sua caravana, convide seus amigos e familiares e venha participar!<\/p>\n<h3><span style=\"color: #000000\"><strong><a href=\"https:\/\/docs.google.com\/forms\/d\/e\/1FAIpQLSdZJCkpCPQfSmp31pWWVu1-Fl0sGfzW_7toa0UY4o2UfQJexg\/viewform\" target=\"_blank\" rel=\"noopener\">Cadastre sua caravana aqui!<\/a><\/strong><\/span><\/h3>\n<p style=\"text-align: left\"><strong>Siga-nos nas Redes Sociais:<\/strong><br \/>\nSiga o nosso Instagram: <span style=\"color: #000000\"><a href=\"https:\/\/www.instagram.com\/cancaonovagravata\/\">@cancaonovagravata<\/a> <a href=\"https:\/\/www.instagram.com\/radiocngravata\/\">@radiocngravata<\/a><\/span><br \/>\nFacebook: Can\u00e7\u00e3o Nova Gravat\u00e1<br \/>\nGravat\u00e1 \u2013 R\u00e1dio Can\u00e7\u00e3o Nova (cancaonova.com)<\/p>\n","protected":false},"excerpt":{"rendered":"<p>29 ANOS DA R\u00c1DIO CAN\u00c7\u00c3O NOVA EM GRAVAT\u00c1-PE. A comunidade Can\u00e7\u00e3o Nova, completa 29 anos em Gravat\u00e1 e tem como tema: \u2018\u2019 Anuncia-me, vai falar por mim!\u2019\u2019, retirada da passagem b\u00edblica\u00a0 \u2018\u2019Clama a mim, e responder-te-ei, e anunciar-te-ei coisas grandes&#8230;<\/p>\n","protected":false},"author":4786,"featured_media":13818,"comment_status":"open","ping_status":"open","sticky":false,"template":"","format":"standard","meta":{"_mi_skip_tracking":false,"_monsterinsights_sitenote_active":false,"_monsterinsights_sitenote_note":"","_monsterinsights_sitenote_category":0,"footnotes":""},"categories":[19,26589],"tags":[33234,74091,32395,18563,87865,33235,7931],"_links":{"self":[{"href":"https:\/\/blog.cancaonova.com\/gravata\/wp-json\/wp\/v2\/posts\/13816"}],"collection":[{"href":"https:\/\/blog.cancaonova.com\/gravata\/wp-json\/wp\/v2\/posts"}],"about":[{"href":"https:\/\/blog.cancaonova.com\/gravata\/wp-json\/wp\/v2\/types\/post"}],"author":[{"embeddable":true,"href":"https:\/\/blog.cancaonova.com\/gravata\/wp-json\/wp\/v2\/users\/4786"}],"replies":[{"embeddable":true,"href":"https:\/\/blog.cancaonova.com\/gravata\/wp-json\/wp\/v2\/comments?post=13816"}],"version-history":[{"count":8,"href":"https:\/\/blog.cancaonova.com\/gravata\/wp-json\/wp\/v2\/posts\/13816\/revisions"}],"predecessor-version":[{"id":13841,"href":"https:\/\/blog.cancaonova.com\/gravata\/wp-json\/wp\/v2\/posts\/13816\/revisions\/13841"}],"wp:featuredmedia":[{"embeddable":true,"href":"https:\/\/blog.cancaonova.com\/gravata\/wp-json\/wp\/v2\/media\/13818"}],"wp:attachment":[{"href":"https:\/\/blog.cancaonova.com\/gravata\/wp-json\/wp\/v2\/media?parent=13816"}],"wp:term":[{"taxonomy":"category","embeddable":true,"href":"https:\/\/blog.cancaonova.com\/gravata\/wp-json\/wp\/v2\/categories?post=13816"},{"taxonomy":"post_tag","embeddable":true,"href":"https:\/\/blog.cancaonova.com\/gravata\/wp-json\/wp\/v2\/tags?post=13816"}],"curies":[{"name":"wp","href":"https:\/\/api.w.org\/{rel}","templated":true}]}}